{"id":208480,"date":"2025-06-27T13:56:11","date_gmt":"2025-06-27T13:56:11","guid":{"rendered":"https:\/\/www.europesays.com\/fr\/208480\/"},"modified":"2025-06-27T13:56:11","modified_gmt":"2025-06-27T13:56:11","slug":"les-critiques-pleuvent-apres-la-mise-a-sens-unique-de-lavenue-rockefeller","status":"publish","type":"post","link":"https:\/\/www.europesays.com\/fr\/208480\/","title":{"rendered":"les critiques pleuvent apr\u00e8s la mise \u00e0 sens unique de l\u2019avenue Rockefeller"},"content":{"rendered":"<p>\u00ab\u00a0Si les cyclistes sont l\u00e9gitimes \u00e0 r\u00e9clamer des pistes d\u00e9di\u00e9es et s\u00e9curis\u00e9es, ils ne peuvent n\u00e9anmoins exiger de passer en ligne droite partout, sans tenir compte des sp\u00e9cificit\u00e9s des secteurs travers\u00e9s et au d\u00e9triment d\u2019autres concitoyens.\u00a0\u00bb Les r\u00e9actions n\u2019ont pas tard\u00e9. N\u00e9gatives et d\u00e9\u00e7ues.<\/p>\n<p>Alors que ce vendredi matin, M\u00e9tropole et Ville de Lyon annon\u00e7aient, en m\u00eame temps que Le Progr\u00e8s, que l\u2019avenue Rockefeller resterait sans voiture, l\u2019association J\u2019aime Montchat, le CIL de Montchat, l\u2019association du Parc Chaussagne et le collectif des Essarts \u00e0 Bron ont transmis, par voie de communiqu\u00e9 commun, leur m\u00e9contentement.<\/p>\n<p>\u00ab\u00a0Nous ne partageons pas du tout les constats et analyses de la M\u00e9tropole et exprimons notre vive d\u00e9ception car les propositions constructives que nous avons faites depuis plusieurs mois pour r\u00e9aliser la VL12 n\u2019ont pas \u00e9t\u00e9 prises en compte par la M\u00e9tropole\u00a0\u00bb, disent-ils.<\/p>\n<p>  \u00ab\u00a0Itin\u00e9raires de d\u00e9tours\u00a0\u00bb<\/p>\n<p>Sans \u00eatre ouvertement contre la Voie Lyonnaise 12 pour laquelle la mise en sens unique de l\u2019avenue Rockefeller a \u00e9t\u00e9 p\u00e9rennis\u00e9e, ils estiment que l\u2019am\u00e9nagement est \u00ab\u00a0totalement disproportionn\u00e9 au regard de la fr\u00e9quentation des h\u00f4pitaux, du caract\u00e8re r\u00e9sidentiel des quartiers des Essarts et de Montchat dont certaines rues sont d\u00e9sormais satur\u00e9es aux heures de pointe car elles sont devenues les itin\u00e9raires de d\u00e9tours impos\u00e9s aux v\u00e9hicules entrant dans Lyon, et des enjeux d\u2019attractivit\u00e9 de la ville de Lyon.\u00a0\u00bb<\/p>\n<p>\u00ab\u00a0Des d\u00e9tours n\u00e9fastes, voire dangereux, pour les patients, soignants, riverains, \u00e9coliers et m\u00eame pour les cyclistes qui circulent sur les pistes organis\u00e9es \u00e0 contre-sens dans les petites rues de Montchat et se retrouvent nez \u00e0 nez avec de nombreuses voitures et camionnettes roulant de surcro\u00eet \u00e0 grande vitesse.\u00a0\u00bb<\/p>\n","protected":false},"excerpt":{"rendered":"\u00ab\u00a0Si les cyclistes sont l\u00e9gitimes \u00e0 r\u00e9clamer des pistes d\u00e9di\u00e9es et s\u00e9curis\u00e9es, ils ne peuvent n\u00e9anmoins exiger de&hellip;\n","protected":false},"author":2,"featured_media":208481,"comment_status":"","ping_status":"","sticky":false,"template":"","format":"standard","meta":{"footnotes":""},"categories":[1889],"tags":[1111,11,2430,3542,2757,1777,674,1011,27,2428,9744,9743,12,25,2429,2803],"class_list":{"0":"post-208480","1":"post","2":"type-post","3":"status-publish","4":"format-standard","5":"has-post-thumbnail","7":"category-lyon","8":"tag-actu","9":"tag-actualites","10":"tag-auvergne-rhone-alpes","11":"tag-circulation","12":"tag-edition-lyon-villeurbanne","13":"tag-eu","14":"tag-europe","15":"tag-fr","16":"tag-france","17":"tag-lyon","18":"tag-lyon-8e","19":"tag-lyon-8e-arrondissement","20":"tag-news","21":"tag-republique-francaise","22":"tag-rhone","23":"tag-transport"},"share_on_mastodon":{"url":"https:\/\/pubeurope.com\/@fr\/114755678026579040","error":""},"_links":{"self":[{"href":"https:\/\/www.europesays.com\/fr\/wp-json\/wp\/v2\/posts\/208480","targetHints":{"allow":["GET"]}}],"collection":[{"href":"https:\/\/www.europesays.com\/fr\/wp-json\/wp\/v2\/posts"}],"about":[{"href":"https:\/\/www.europesays.com\/fr\/wp-json\/wp\/v2\/types\/post"}],"author":[{"embeddable":true,"href":"https:\/\/www.europesays.com\/fr\/wp-json\/wp\/v2\/users\/2"}],"replies":[{"embeddable":true,"href":"https:\/\/www.europesays.com\/fr\/wp-json\/wp\/v2\/comments?post=208480"}],"version-history":[{"count":0,"href":"https:\/\/www.europesays.com\/fr\/wp-json\/wp\/v2\/posts\/208480\/revisions"}],"wp:featuredmedia":[{"embeddable":true,"href":"https:\/\/www.europesays.com\/fr\/wp-json\/wp\/v2\/media\/208481"}],"wp:attachment":[{"href":"https:\/\/www.europesays.com\/fr\/wp-json\/wp\/v2\/media?parent=208480"}],"wp:term":[{"taxonomy":"category","embeddable":true,"href":"https:\/\/www.europesays.com\/fr\/wp-json\/wp\/v2\/categories?post=208480"},{"taxonomy":"post_tag","embeddable":true,"href":"https:\/\/www.europesays.com\/fr\/wp-json\/wp\/v2\/tags?post=208480"}],"curies":[{"name":"wp","href":"https:\/\/api.w.org\/{rel}","templated":true}]}}