{"id":208492,"date":"2025-06-27T14:02:11","date_gmt":"2025-06-27T14:02:11","guid":{"rendered":"https:\/\/www.europesays.com\/fr\/208492\/"},"modified":"2025-06-27T14:02:11","modified_gmt":"2025-06-27T14:02:11","slug":"qui-succedera-a-anne-hidalgo-a-la-mairie-de-paris","status":"publish","type":"post","link":"https:\/\/www.europesays.com\/fr\/208492\/","title":{"rendered":"qui succ\u00e9dera \u00e0 Anne Hidalgo \u00e0 la mairie de Paris ?"},"content":{"rendered":"<p class=\"article-p mdl\">Les socialistes parisiens sont en pleine pr\u00e9-campagne \u00e9lectorale. Ils doivent trancher la question essentielle de l&rsquo;apr\u00e8s Anne Hidalgo. Les militants voteront lundi 30 juin pour d\u00e9partager les trois candidats : Emmanuel Gr\u00e9goire, l&rsquo;adjoint qui s&rsquo;est affranchi, R\u00e9mi F\u00e9raud, l&rsquo;h\u00e9ritier d\u00e9sign\u00e9 et la candidate surprise, Marion Waller.\u00a0<\/p>\n<p class=\"article-p mdl\">Tous les trois connaissent un d\u00e9ficit de notori\u00e9t\u00e9. Anne Hidalgo a pr\u00e9par\u00e9 sa succession tardivement. Elle a tout fait pour emp\u00eacher\u00a0<a class=\"link\" href=\"https:\/\/www.rtl.fr\/actu\/politique\/invite-rtl-municipales-a-paris-olivier-faure-se-range-derriere-emmanuel-gregoire-mais-appelle-a-l-union-de-la-gauche-7900446180\" target=\"_blank\" rel=\"noopener\">Emmanuel Gr\u00e9goire<\/a>\u00a0et la F\u00e9d\u00e9ration socialiste de Paris l&rsquo;a aid\u00e9e en repoussant le vote des militants \u00e0 la fin juin. La maire parisienne <strong>souhaitait installer la candidature de R\u00e9mi F\u00e9raud.<\/strong><\/p>\n<p class=\"article-p mdl\">Toutefois, le leadership socialiste est contest\u00e9. Le chef de file des \u00e9cologistes,\u00a0<a class=\"link\" href=\"https:\/\/www.rtl.fr\/actu\/politique\/municipales-2026-david-belliard-sera-le-chef-de-file-des-ecologistes-pour-la-mairie-de-paris-7900486129\" target=\"_blank\" rel=\"noopener\">David Belliard<\/a>, fait campagne et <strong>veut unir la gauche d\u00e8s le premier tour<\/strong>. Toute la gauche, <strong>y compris la France insoumise<\/strong>. Forts de leurs r\u00e9sultats \u00e0 Paris dans les derniers scrutins, les \u00e9colos revendiquent la premi\u00e8re place et le fauteuil de maire.\u00a0<\/p>\n<p class=\"article-p mdl\">De r\u00e9cents sondages leur donnent raison. L&rsquo;\u00e9cologiste arrive en t\u00eate des intentions de vote \u00e0 gauche, mais faute d&rsquo;union, <strong>la gauche serait largement distanc\u00e9e par\u00a0<a class=\"link\" href=\"https:\/\/www.rtl.fr\/actu\/politique\/municipales-2026-paris-les-macronistes-doutent-de-la-candidature-de-rachida-dati-7900511630\" target=\"_blank\" rel=\"noopener\">Rachida Dati<\/a>\u00a0au premier tour<\/strong>. On peut donc dire que \u00e7a ne s&rsquo;annonce pas sous les meilleurs auspices pour le Parti socialiste dans la capitale.<\/p>\n<p>    La r\u00e9daction vous recommande<\/p>\n<p class=\"s-newsletter__title\">\n                L\u2019actualit\u00e9 par la r\u00e9daction de RTL dans votre bo\u00eete mail.\n            <\/p>\n<p class=\"s-newsletter__subtitle\">\n                Gr\u00e2ce \u00e0 votre compte RTL abonnez-vous \u00e0 la newsletter RTL info pour suivre toute l&rsquo;actualit\u00e9 au quotidien\n            <\/p>\n<p>\n                                    Lire la suite\n                                <\/p>\n","protected":false},"excerpt":{"rendered":"Les socialistes parisiens sont en pleine pr\u00e9-campagne \u00e9lectorale. Ils doivent trancher la question essentielle de l&rsquo;apr\u00e8s Anne Hidalgo.&hellip;\n","protected":false},"author":2,"featured_media":39441,"comment_status":"","ping_status":"","sticky":false,"template":"","format":"standard","meta":{"footnotes":""},"categories":[1888],"tags":[11,2618,5949,34756,1777,674,107,1011,27,2381,12,626,362,25],"class_list":{"0":"post-208492","1":"post","2":"type-post","3":"status-publish","4":"format-standard","5":"has-post-thumbnail","7":"category-paris","8":"tag-actualites","9":"tag-anne-hidalgo","10":"tag-elections","11":"tag-elections-municipales-a-paris","12":"tag-eu","13":"tag-europe","14":"tag-fil-info","15":"tag-fr","16":"tag-france","17":"tag-mairie-de-paris","18":"tag-news","19":"tag-paris","20":"tag-replay","21":"tag-republique-francaise"},"share_on_mastodon":{"url":"https:\/\/pubeurope.com\/@fr\/114755701561505744","error":""},"_links":{"self":[{"href":"https:\/\/www.europesays.com\/fr\/wp-json\/wp\/v2\/posts\/208492","targetHints":{"allow":["GET"]}}],"collection":[{"href":"https:\/\/www.europesays.com\/fr\/wp-json\/wp\/v2\/posts"}],"about":[{"href":"https:\/\/www.europesays.com\/fr\/wp-json\/wp\/v2\/types\/post"}],"author":[{"embeddable":true,"href":"https:\/\/www.europesays.com\/fr\/wp-json\/wp\/v2\/users\/2"}],"replies":[{"embeddable":true,"href":"https:\/\/www.europesays.com\/fr\/wp-json\/wp\/v2\/comments?post=208492"}],"version-history":[{"count":0,"href":"https:\/\/www.europesays.com\/fr\/wp-json\/wp\/v2\/posts\/208492\/revisions"}],"wp:featuredmedia":[{"embeddable":true,"href":"https:\/\/www.europesays.com\/fr\/wp-json\/wp\/v2\/media\/39441"}],"wp:attachment":[{"href":"https:\/\/www.europesays.com\/fr\/wp-json\/wp\/v2\/media?parent=208492"}],"wp:term":[{"taxonomy":"category","embeddable":true,"href":"https:\/\/www.europesays.com\/fr\/wp-json\/wp\/v2\/categories?post=208492"},{"taxonomy":"post_tag","embeddable":true,"href":"https:\/\/www.europesays.com\/fr\/wp-json\/wp\/v2\/tags?post=208492"}],"curies":[{"name":"wp","href":"https:\/\/api.w.org\/{rel}","templated":true}]}}