{"id":208509,"date":"2025-06-27T14:11:10","date_gmt":"2025-06-27T14:11:10","guid":{"rendered":"https:\/\/www.europesays.com\/fr\/208509\/"},"modified":"2025-06-27T14:11:10","modified_gmt":"2025-06-27T14:11:10","slug":"un-sacre-binome-qui-etaient-ambre-et-clemence-les-infirmieres-tuees-dans-un-violent-accident-de-la-route-pres-de-cannes","status":"publish","type":"post","link":"https:\/\/www.europesays.com\/fr\/208509\/","title":{"rendered":"\u00ab\u00a0Un sacr\u00e9 bin\u00f4me\u00a0\u00bb\u00a0: qui \u00e9taient Ambre et Cl\u00e9mence, les infirmi\u00e8res tu\u00e9es dans un violent accident de la route pr\u00e8s de Cannes"},"content":{"rendered":"<p class=\"paragraph text_align_left lp-f-body-02\">Elles ont perdu la vie dans <a href=\"https:\/\/www.leparisien.fr\/alpes-maritimes-06\/un-choc-frontal-trois-morts-et-un-blesse-en-urgence-absolue-dans-un-accident-de-voiture-pres-de-cannes-26-06-2025-RYHERBDE4JDTPAFTLXMOFA7JLM.php\" target=\"_blank\" rel=\"noreferrer nofollow noopener\">une violente collision survenue jeudi matin pr\u00e8s de Cannes (Alpes-Maritimes)<\/a> alors qu\u2019elles se rendaient au travail. Ambre et Cl\u00e9mence \u00e9taient deux infirmi\u00e8res, m\u00e8res de famille toutes les deux. Leurs coll\u00e8gues, et l\u2019h\u00f4pital o\u00f9 elles travaillaient leur rendent hommage.<\/p>\n<p class=\"paragraph text_align_left lp-f-body-02\">Vers 6h40 jeudi matin, Ambre et Cl\u00e9mence, originaires du Var, se rendaient en covoiturage \u00e0 leur travail, \u00e0 l\u2019h\u00f4pital priv\u00e9 Arnaud Tzanck de Mougins (Alpes-Maritimes). Elles ont \u00e9t\u00e9 percut\u00e9es de face par une autre voiture. Les deux infirmi\u00e8res sont d\u00e9c\u00e9d\u00e9es dans la collision. <\/p>\n<p class=\"paragraph text_align_left lp-f-body-02\">Le conducteur de la voiture en cause, \u00e2g\u00e9 d\u2019une vingtaine d\u2019ann\u00e9es, est mort lui aussi. Selon le parquet de Grasse, cit\u00e9 par <a href=\"https:\/\/www.bfmtv.com\/cote-d-azur\/choc-extremement-violent-test-positif-a-la-cocaine-et-l-alcool-ce-que-l-on-sait-de-l-accident-mortel-sur-l-a8_AV-202506260741.html\" target=\"_blank\" rel=\"noreferrer nofollow noopener\">BFMTV<\/a>, il avait consomm\u00e9 de l\u2019alcool et \u00e9tait positif \u00e0 la coca\u00efne. Son passager \u00e9tait en \u00e9tat d\u2019urgence absolue jeudi.<\/p>\n<p class=\"paragraph text_align_left lp-f-body-02\">\u00ab Je suis pass\u00e9e quelques instants apr\u00e8s l\u2019accident, les secours n\u2019\u00e9taient pas encore sur place. Les d\u00e9g\u00e2ts \u00e9taient tellement impressionnants que cela m\u2019a profond\u00e9ment affect\u00e9e \u00bb, \u00e9crit une internaute.<\/p>\n<p class=\"lp-card-podcast-highlighting__title  lp-f-subtitle-05\">Caussols, la ferme de l\u2019horreur (2\/2)<\/p>\n<p class=\"lp-card-podcast-highlighting__description lp-f-ui-05\">Crime story raconte chaque semaine les grandes affaires criminelles.<\/p>\n<p><a class=\"lp-card-podcast-highlighting__call-to-action\" data-page-type=\"HP\" data-block-name=\"podcast-highlight\">\u00c9couter<\/a>Un \u00ab terrible accident de la route \u00bb<\/p>\n<p class=\"paragraph text_align_left lp-f-body-02\">Ambre et Cl\u00e9mence, 33 et 34 ans, \u00e9taient infirmi\u00e8res en unit\u00e9 de surveillance continue de chirurgie de leur h\u00f4pital. Toutes deux \u00e9taient m\u00e8res de famille et l\u2019une d\u2019elles venait de rentrer de cong\u00e9 maternit\u00e9, selon un <a href=\"https:\/\/www.instagram.com\/p\/DLXXsXWoCxO\/?utm_source=ig_embed\" target=\"_blank\" rel=\"noreferrer nofollow noopener\">communiqu\u00e9<\/a> de leur h\u00f4pital qui d\u00e9plore leur \u00ab d\u00e9c\u00e8s brutal \u00bb dans un \u00ab terrible accident de la route \u00bb.<\/p>\n<p class=\"paragraph text_align_left lp-f-body-02\">\u00ab Ambre et Cl\u00e9mence \u00e9taient pleinement engag\u00e9es dans leur m\u00e9tier, reconnues pour leur humanit\u00e9 et leur professionnalisme. Leur disparition bouleverse profond\u00e9ment leurs coll\u00e8gues, l\u2019ensemble de notre \u00e9tablissement et tous ceux qui ont eu la chance de les c\u00f4toyer, \u00e9crit la direction de l\u2019h\u00f4pital. Nous pensons avec \u00e9motion \u00e0 leurs familles et \u00e0 leurs proches et leur adressons tout notre soutien \u00bb.<\/p>\n<p>Un bin\u00f4me surnomm\u00e9 \u00ab Tic et Tac \u00bb<\/p>\n<p class=\"paragraph text_align_left lp-f-body-02\">\u00ab Cl\u00e9mence, une coll\u00e8gue qu\u2019on ne peut pas oublier, de tr\u00e8s bons souvenirs avec elle, une gentillesse, douce, attentionn\u00e9e avec tout le monde \u00bb, \u00e9crit une coll\u00e8gue sur les r\u00e9seaux sociaux. Selon <a href=\"https:\/\/www.nicematin.com\/temoignage\/-j-ai-le-coeur-en-miettes-immense-emotion-sur-les-reseaux-sociaux-apres-la-mort-des-deux-infirmieres-varoises-percutees-sur-l-autoroute-a8-991912\" target=\"_blank\" rel=\"noreferrer nofollow noopener\">Nice-Matin<\/a>, le \u00ab sacr\u00e9 bin\u00f4me \u00bb, amies au travail comme dans la vie, \u00e9tait surnomm\u00e9 \u00ab Tic et Tac \u00bb par ceux qui les croisaient \u00e0 l\u2019h\u00f4pital.<\/p>\n<p class=\"paragraph text_align_left lp-f-body-02\">\u00ab Je garderai de vous votre douceur, vos sourires et votre bienveillance. Cette profonde gentillesse qui faisait de vous des soignantes, des coll\u00e8gues, des femmes merveilleuses \u00bb, d\u00e9crit une internaute. \u00ab C\u2019\u00e9tait de tr\u00e8s belles personnes, gentilles, souriantes et aimante \u00bb, ajoute une soignante qui les avait crois\u00e9es lorsqu\u2019elle \u00e9tait \u00e9tudiante.<\/p>\n<p>\u00ab Votre implication dans la vie des patients n\u2019est plus \u00e0 prouver \u00bb<\/p>\n<p class=\"paragraph text_align_left lp-f-body-02\">\u00ab J\u2019ai eu l\u2019honneur de travailler quelque temps dans ce service \u00e0 vos c\u00f4t\u00e9s, o\u00f9 votre implication dans la vie des patients n\u2019est plus \u00e0 prouver. Vos enfants pourront \u00eatre fiers de grandir en vous ayant comme exemple de vie et de r\u00e9silience \u00bb, estime un infirmier.<\/p>\n<p class=\"paragraph text_align_left lp-f-body-02\">Une <a href=\"https:\/\/www.lepotcommun.fr\/pot\/tomfdjl3?fbclid=IwY2xjawLLVQFleHRuA2FlbQIxMQBicmlkETFjc2g4eEhLOVl4dmpYT1hBAR50N4nmN0yVPPfjxjg1y-Z5m-vSgaQbxQZOZ1QN9mtPy65cbXITQUWhk3drAg_aem_RLQrAPVXFyp2xH1YEeHdVw\" target=\"_blank\" rel=\"noreferrer nofollow noopener\">cagnotte<\/a> cr\u00e9\u00e9e par l\u2019h\u00f4pital Arnaud Tzanck pour les proches des deux infirmi\u00e8res r\u00e9unissait ce vendredi plus de 18 000 euros.<\/p>\n<p><script async src=\"\/\/www.instagram.com\/embed.js\"><\/script><\/p>\n","protected":false},"excerpt":{"rendered":"Elles ont perdu la vie dans une violente collision survenue jeudi matin pr\u00e8s de Cannes (Alpes-Maritimes) alors qu\u2019elles&hellip;\n","protected":false},"author":2,"featured_media":208510,"comment_status":"","ping_status":"","sticky":false,"template":"","format":"standard","meta":{"footnotes":""},"categories":[2],"tags":[11,459,118,1011,27,12,25],"class_list":{"0":"post-208509","1":"post","2":"type-post","3":"status-publish","4":"format-standard","5":"has-post-thumbnail","7":"category-actualites","8":"tag-actualites","9":"tag-departements-horsidfo","10":"tag-faits-divers","11":"tag-fr","12":"tag-france","13":"tag-news","14":"tag-republique-francaise"},"share_on_mastodon":{"url":"https:\/\/pubeurope.com\/@fr\/114755736939364105","error":""},"_links":{"self":[{"href":"https:\/\/www.europesays.com\/fr\/wp-json\/wp\/v2\/posts\/208509","targetHints":{"allow":["GET"]}}],"collection":[{"href":"https:\/\/www.europesays.com\/fr\/wp-json\/wp\/v2\/posts"}],"about":[{"href":"https:\/\/www.europesays.com\/fr\/wp-json\/wp\/v2\/types\/post"}],"author":[{"embeddable":true,"href":"https:\/\/www.europesays.com\/fr\/wp-json\/wp\/v2\/users\/2"}],"replies":[{"embeddable":true,"href":"https:\/\/www.europesays.com\/fr\/wp-json\/wp\/v2\/comments?post=208509"}],"version-history":[{"count":0,"href":"https:\/\/www.europesays.com\/fr\/wp-json\/wp\/v2\/posts\/208509\/revisions"}],"wp:featuredmedia":[{"embeddable":true,"href":"https:\/\/www.europesays.com\/fr\/wp-json\/wp\/v2\/media\/208510"}],"wp:attachment":[{"href":"https:\/\/www.europesays.com\/fr\/wp-json\/wp\/v2\/media?parent=208509"}],"wp:term":[{"taxonomy":"category","embeddable":true,"href":"https:\/\/www.europesays.com\/fr\/wp-json\/wp\/v2\/categories?post=208509"},{"taxonomy":"post_tag","embeddable":true,"href":"https:\/\/www.europesays.com\/fr\/wp-json\/wp\/v2\/tags?post=208509"}],"curies":[{"name":"wp","href":"https:\/\/api.w.org\/{rel}","templated":true}]}}