{"id":208519,"date":"2025-06-27T14:17:20","date_gmt":"2025-06-27T14:17:20","guid":{"rendered":"https:\/\/www.europesays.com\/fr\/208519\/"},"modified":"2025-06-27T14:17:20","modified_gmt":"2025-06-27T14:17:20","slug":"entretien-basket-ball-jai-fait-mon-temps-je-nai-plus-dambition-les-confidences-de-jean-pierre-siutat-avant-de-quitter-la-presidence-de-la-ffbb","status":"publish","type":"post","link":"https:\/\/www.europesays.com\/fr\/208519\/","title":{"rendered":"ENTRETIEN. Basket-ball\u00a0: \u00ab\u00a0J\u2019ai fait mon temps, je n\u2019ai plus d\u2019ambition\u00a0\u00bb\u2026 Les confidences de Jean-Pierre Siutat avant de quitter la pr\u00e9sidence de la FFBB"},"content":{"rendered":"<p>\n                                                                    l&rsquo;essentiel<br \/>\n                                                                Les Bleus, vice-champions olympiques, accueillent Chypre ce dimanche 24\u00a0novembre dans le cadre des qualifications pour l\u2019Euro-2025. Soit le dernier rendez-vous en qualit\u00e9 de pr\u00e9sident de la FFBB pour Jean-Pierre Siutat, qui va passer la main d\u2019ici quelques jours apr\u00e8s 14 ans \u00e0 la t\u00eate du basket tricolore.\n                            <\/p>\n<p class=\"txt-question\">Que retenez-vous de ces 14 ann\u00e9es de pr\u00e9sidence\u00a0?<\/p>\n<p>J\u2019ai d\u00e9marr\u00e9 il y a\u00a028 ans au sein de la f\u00e9d\u00e9ration, en 1996, avec un championnat d\u2019Europe juniors organis\u00e9 \u00e0 Auch, Lourdes et Tarbes. J\u2019ai pris la pr\u00e9sidence en 2010, donc \u00e7a fait 28 ans au service du basket f\u00e9d\u00e9ral. Ce que je retiens, en tant qu\u2019ing\u00e9nieur de m\u00e9tier, c\u2019est d\u2019avoir b\u00e2ti. Entre le 5&#215;5\u00a0et le 3&#215;3, les diff\u00e9rentes \u00e9quipes de France ont r\u00e9colt\u00e9 plus de 120 m\u00e9dailles sur la sc\u00e8ne internationale depuis 2010. \u00c7a, c\u2019est pour la performance, avec une belle progression. Les trois m\u00e9dailles (d\u2019argent) obtenues aux Jeux\u00a0d\u00e9montrent qu\u2019on n\u2019est pas tr\u00e8s loin des Etats-Unis, le top du niveau mondial. Et sur le champ du d\u00e9veloppement, la FFBB a quasiment gagn\u00e9 300\u00a0000 licenci\u00e9s suppl\u00e9mentaires (de 460\u00a0000\u00a0\u00e0 766\u00a0000, source FFBB). On est le 4e sport en France, derri\u00e8re le football, le tennis et l\u2019\u00e9quitation. Ce sont des choses \u00e0 mettre aux cr\u00e9dits des \u00e9quipes.<\/p>\n<p class=\"std-elt__inline\">\n        <strong>\u00c0 lire aussi :<\/strong><br \/>\n        <a href=\"https:\/\/www.ladepeche.fr\/2024\/10\/10\/le-lotois-jean-pierre-siutat-president-de-la-ffbb-le-basket-francais-peut-rivaliser-avec-les-plus-grands-12249834.php\" target=\"_blank\" rel=\"noopener\">Le Lotois Jean-Pierre Siutat, pr\u00e9sident de la FFBB\u00a0: \u00ab\u00a0Le basket fran\u00e7ais peut rivaliser avec les plus grands\u00a0\u00bb<\/a>\n    <\/p>\n<p class=\"txt-question\">Lors de la prochaine AG \u00e9lective, le 14\u00a0d\u00e9cembre, il ne fait gu\u00e8re de doute\u00a0que votre bras droit Jean-Pierre Hunckler va prendre votre suite, pourquoi n\u2019y a-t-il pas, dans le basket, un vrai d\u00e9bat comme on a pu le voir dans le rugby\u00a0?<\/p>\n<p>La FFBB, depuis 1992 est relativement stable avec dans un premier temps Yvan Manini, qui a \u00e9t\u00e9 un tr\u00e8s grand pr\u00e9sident. Je pense avoir marqu\u00e9 aussi durant quatorze ans le basket fran\u00e7ais. Il y a toujours des gens insatisfaits, et c\u2019est tout \u00e0 fait normal, mais il y a une stabilit\u00e9 dans cette f\u00e9d\u00e9ration qui tient \u00e0 l\u2019ambiance de travail, \u00e0 l\u2019abn\u00e9gation de l\u2019\u00e9quipe dirigeante qui, je l\u2019esp\u00e8re, continuera d\u2019avoir cette mani\u00e8re de faire. La loi de mars\u00a02022 impose un vote direct des clubs, il y a des \u00e9lections, il faut les respecter.<\/p>\n<p class=\"txt-question\">Par rapport \u00e0 d\u2019autres f\u00e9d\u00e9rations, le basket est relativement \u00e9pargn\u00e9 par les pol\u00e9miques, comment l\u2019expliquez-vous\u00a0?<\/p>\n<p>On essaie de faire du bon boulot, comme dans beaucoup de f\u00e9d\u00e9rations. On met souvent, ci et l\u00e0, quelques affaires en avant dans d\u2019autres f\u00e9d\u00e9rations mais \u00e7a ne veut pas dire que la totalit\u00e9 du syst\u00e8me sportif f\u00e9d\u00e9ral ne fonctionne pas. Je reste tr\u00e8s, tr\u00e8s humble sur ce sujet. L\u2019aspect m\u00e9diatique rentre \u00e9galement en compte\u00a0: d\u00e8s qu\u2019il se passe quelque chose dans le foot, par exemple, il y a une caisse de r\u00e9sonance qui est \u00e9norme.<\/p>\n<p>\u00ab\u00a0Repartir sur un nouveau cycle\u00a0\u00bb<\/p>\n<p class=\"txt-question\">En quatorze ans, vous avez quand m\u00eame b\u00e9n\u00e9fici\u00e9 de sacr\u00e9es t\u00eates de gondole pour le basket\u00a0: C\u00e9line Dumerc, Isabelle Yacoubou, Tony Parker et maintenant Victor Wembanyama\u2026<\/p>\n<p>Dans le cadre de notre mission de performance, on se doit d\u2019\u00eatre sur les podiums internationaux. C\u2019est clair que d\u2019avoir des filles, des gars, qui se mobilisent pour le maillot bleu, c\u2019est juste super. Et le boulot f\u00e9d\u00e9ral, c\u2019est de proposer un cadre optimal pour que ces gens puissent performer. Une f\u00e9d\u00e9, c\u2019est un tout. Victor, c\u2019est l\u2019avenir, mais il ne sera pas le seul quand voit les Risacher et autres qui arrivent\u2026 Et chez les filles aussi, on a normalement quelques belles ann\u00e9es devant nous.<\/p>\n<p class=\"std-elt__inline\">\n        <strong>\u00c0 lire aussi :<\/strong><br \/>\n        <a href=\"https:\/\/www.ladepeche.fr\/2024\/11\/19\/victor-wembanyama-il-a-adore-lidee-la-star-des-spurs-a-dit-oui-pour-rejoindre-un-club-tres-special-et-ainsi-se-rapprocher-de-ses-partenaires-12333909.php\" target=\"_blank\" rel=\"noopener\">Victor Wembanyama\u00a0: \u00ab\u00a0Il a ador\u00e9 l\u2019id\u00e9e\u00a0\u00bb\u2026 La star des Spurs a dit oui pour rejoindre un club tr\u00e8s sp\u00e9cial et ainsi se rapprocher de ses partenaires<\/a>\n    <\/p>\n<p class=\"txt-question\">La r\u00e9ussite du basket tricolore, c\u2019est aussi le nombre de joueurs fran\u00e7ais en NBA (15 au d\u00e9but de la saison), non\u00a0?<\/p>\n<p>Ce sont surtout des satisfactions personnelles pour les joueurs concern\u00e9s. Nous, ce qu\u2019on aimerait c\u2019est surtout qu\u2019ils puissent venir plus facilement en \u00e9quipe nationale. Oui, la NBA c\u2019est bien. Mais on voudrait avoir les joueurs plus \u00e0 disposition, ce qui n\u2019est pas le cas syst\u00e9matiquement. Chaque ann\u00e9e, il faut qu\u2019on se penche sur le sujet. Les qualifications pour les comp\u00e9titions internationales, on les fait sans les joueurs NBA. Heureusement que nous avons un r\u00e9servoir, une profondeur, qui nous permet de gagner les matchs. Mais imaginez la\u00a0m\u00eame situation au foot, ce serait inconcevable alors que chez nous, c\u2019est la normalit\u00e9.<\/p>\n<p class=\"txt-question\">Au moment de quitter la sc\u00e8ne, Vincent Collet lui aussi se retire et c\u2019est d\u00e9sormais Fr\u00e9d\u00e9ric Fauthoux qui a pris la rel\u00e8ve, pourquoi ce choix\u00a0?<\/p>\n<p>Vincent a fait une carri\u00e8re exceptionnelle, et il fallait repartir sur un nouveau cycle avec une jeune g\u00e9n\u00e9ration. Le choix s\u2019est port\u00e9 sur Fr\u00e9d\u00e9ric Fauthoux, on souhaite qu\u2019il r\u00e9ussisse. Il a un championnat d\u2019Europe \u00e0 pr\u00e9parer cet \u00e9t\u00e9. Que Vincent et moi partions au m\u00eame moment, ce n\u2019est pas du tout\u00a0coordonn\u00e9, c\u2019est une pure co\u00efncidence. Ce qui est bien, c\u2019est qu\u2019il y a une continuit\u00e9 dans le travail staff puisque\u00a0Boris Diaw reste manager g\u00e9n\u00e9ral.<\/p>\n<p>\u00ab\u00a0La reconversion de Boris Diaw et C\u00e9line Dumerc, une r\u00e9ussite\u00a0\u00bb<\/p>\n<p class=\"txt-question\">Boris Diaw chez les gar\u00e7ons, C\u00e9line Dumerc au m\u00eame poste chez les filles, les anciens s\u2019impliquent\u2026<\/p>\n<p>C\u2019est qui est bien avec ces deux champions, c\u2019est qu\u2019ils ont pris la mesure des fonctions. Avoir \u00e9t\u00e9 un grand joueur c\u2019est une chose, manager une \u00e9quipe de France, c\u2019en est une autre et je trouve que leurs reconversions sont de vraies r\u00e9ussites.<\/p>\n<p class=\"txt-question\">En saura-t-on un jour un peu plus sur la nature de votre clash avec Evan Fournier lors des derniers Jeux, quand vous auriez fait part de votre honte sur le jeu des Bleus apr\u00e8s une entame de tournoi tr\u00e8s poussive\u00a0?<\/p>\n<p>Je n\u2019ai aucun commentaire \u00e0 faire sur le sujet, comme je l\u2019ai d\u00e9j\u00e0 dit. On s\u2019en fout, il faut passer \u00e0 autre chose.<\/p>\n<p class=\"std-elt__inline\">\n        <strong>\u00c0 lire aussi :<\/strong><br \/>\n        <a href=\"https:\/\/www.ladepeche.fr\/2024\/08\/03\/jo-2024-basket-plus-le-jeu-des-annees-90-declaration-regrettable-et-inacceptable-grosse-tension-et-passe-darmes-publique-chez-les-bleus-12122775.php\" target=\"_blank\" rel=\"noopener\">JO 2024-Basket\u00a0: \u00ab\u00a0Plus le jeu des ann\u00e9es 90\u00a0\u00bb, \u00ab\u00a0d\u00e9claration regrettable et inacceptable\u2026\u00a0\u00bb Grosse tension et passe d\u2019armes publique chez les Bleus<\/a>\n    <\/p>\n<p class=\"txt-question\">La suite, pour vous, apr\u00e8s la f\u00e9d\u00e9ration, quelle est-elle\u00a0?<\/p>\n<p>Moi j\u2019ai termin\u00e9, j\u2019ai fait mon temps, il me reste encore six mois au CNOSF (dont il est vice-pr\u00e9sident, Ndlr) et je vais laisser ma place. Je n\u2019ai plus aucune ambition nulle part. Tout va tr\u00e8s bien pour moi. En 2020, j\u2019avais dit que j\u2019arr\u00eaterais en 2024. Je pr\u00e9pare quelqu\u2019un en esp\u00e9rant qu\u2019il prenne le pilotage de la f\u00e9d\u00e9ration. Pour faire du bon travail, il faut pouvoir anticiper, le tuilage, la transmission, c\u2019est tout aussi important que l\u2019action \u00e0 mes yeux.<\/p>\n","protected":false},"excerpt":{"rendered":"l&rsquo;essentiel Les Bleus, vice-champions olympiques, accueillent Chypre ce dimanche 24\u00a0novembre dans le cadre des qualifications pour l\u2019Euro-2025. Soit&hellip;\n","protected":false},"author":2,"featured_media":208520,"comment_status":"","ping_status":"","sticky":false,"template":"","format":"standard","meta":{"footnotes":""},"categories":[1414],"tags":[1465,1464,1011,27,60],"class_list":{"0":"post-208519","1":"post","2":"type-post","3":"status-publish","4":"format-standard","5":"has-post-thumbnail","7":"category-basket","8":"tag-basket","9":"tag-basketball","10":"tag-fr","11":"tag-france","12":"tag-sports"},"share_on_mastodon":{"url":"https:\/\/pubeurope.com\/@fr\/114755760553719160","error":""},"_links":{"self":[{"href":"https:\/\/www.europesays.com\/fr\/wp-json\/wp\/v2\/posts\/208519","targetHints":{"allow":["GET"]}}],"collection":[{"href":"https:\/\/www.europesays.com\/fr\/wp-json\/wp\/v2\/posts"}],"about":[{"href":"https:\/\/www.europesays.com\/fr\/wp-json\/wp\/v2\/types\/post"}],"author":[{"embeddable":true,"href":"https:\/\/www.europesays.com\/fr\/wp-json\/wp\/v2\/users\/2"}],"replies":[{"embeddable":true,"href":"https:\/\/www.europesays.com\/fr\/wp-json\/wp\/v2\/comments?post=208519"}],"version-history":[{"count":0,"href":"https:\/\/www.europesays.com\/fr\/wp-json\/wp\/v2\/posts\/208519\/revisions"}],"wp:featuredmedia":[{"embeddable":true,"href":"https:\/\/www.europesays.com\/fr\/wp-json\/wp\/v2\/media\/208520"}],"wp:attachment":[{"href":"https:\/\/www.europesays.com\/fr\/wp-json\/wp\/v2\/media?parent=208519"}],"wp:term":[{"taxonomy":"category","embeddable":true,"href":"https:\/\/www.europesays.com\/fr\/wp-json\/wp\/v2\/categories?post=208519"},{"taxonomy":"post_tag","embeddable":true,"href":"https:\/\/www.europesays.com\/fr\/wp-json\/wp\/v2\/tags?post=208519"}],"curies":[{"name":"wp","href":"https:\/\/api.w.org\/{rel}","templated":true}]}}