{"id":20852,"date":"2025-04-12T23:36:11","date_gmt":"2025-04-12T23:36:11","guid":{"rendered":"https:\/\/www.europesays.com\/fr\/20852\/"},"modified":"2025-04-12T23:36:11","modified_gmt":"2025-04-12T23:36:11","slug":"marc-marquez-met-une-piece-sur-alex-pour-la-victoire-au-qatar","status":"publish","type":"post","link":"https:\/\/www.europesays.com\/fr\/20852\/","title":{"rendered":"Marc M\u00e1rquez met une pi\u00e8ce sur \u00c1lex pour la victoire au Qatar"},"content":{"rendered":"<p>Juste avant le d\u00e9but du week-end de course au Qatar, <a href=\"https:\/\/fr.motorsport.com\/driver\/marc-marquez\/92646\/\" target=\"_blank\" rel=\"noopener\">Marc M\u00e1rquez<\/a> a accord\u00e9 une longue interview \u00e0 notre reporter MotoGP, Oriol Puigdemont. L&rsquo;occasion pour lui de brosser tout un tas de sujets quant \u00e0 sa vie et sa carri\u00e8re, et notamment d&rsquo;\u00e9voquer son fr\u00e8re, \u00c1lex.<\/p>\n<p>Tous deux se trouvent en effet dans une situation in\u00e9dite aujourd&rsquo;hui, en t\u00eate du championnat. Ils le doivent aux cinq doubl\u00e9s qu&rsquo;ils ont encha\u00een\u00e9s en autant de sprints et de courses au lancement de la saison. Sa deuxi\u00e8me place au GP des Am\u00e9riques lorsque son a\u00een\u00e9 est tomb\u00e9 a ensuite permis \u00e0 <a href=\"https:\/\/fr.motorsport.com\/driver\/alex-marquez\/96324\/\" target=\"_blank\" rel=\"noopener\">\u00c1lex M\u00e1rquez<\/a> de prendre les commandes au classement g\u00e9n\u00e9ral.<\/p>\n<p>Il s&rsquo;agit d&rsquo;une situation tout \u00e0 fait nouvelle pour le plus jeune de la fratrie, arriv\u00e9 dans la cat\u00e9gorie reine en 2020 et pass\u00e9 par trois \u00e9quipes depuis. Malgr\u00e9 seulement trois ans d&rsquo;\u00e9cart entre eux, \u00c1lex M\u00e1rquez a depuis toujours p\u00e2ti de la comparaison avec son illustre a\u00een\u00e9, titr\u00e9 huit fois toutes cat\u00e9gories confondues. Alors Marc ne se fait pas prier pour ouvertement rappeler le m\u00e9rite qu&rsquo;a eu son fr\u00e8re tout au long de sa carri\u00e8re, aur\u00e9ol\u00e9e de deux sacres que d&rsquo;aucuns tendraient \u00e0 oublier un peu vite.<\/p>\n<p>Il a aussi gagn\u00e9 deux courses sprints en 2023 et d\u00e9croch\u00e9 pour le moment huit podiums dans les courses principales. Pour le moment, il lui manque la victoire ultime en Grand Prix. N\u00e9anmoins, interrog\u00e9 par <strong>Motorsport.com<\/strong>, Marc M\u00e1rquez a r\u00e9p\u00e9t\u00e9 sa conviction que le pilote Gresini va bel et bien trouver le chemin de la victoire cette ann\u00e9e\u2026 et il s&rsquo;est m\u00eame risqu\u00e9 \u00e0 parier que cela pourrait se produire d\u00e8s ce week-end\u00a0!<\/p>\n<p>Lire aussi :<\/p>\n<p><strong>\u00c1lex n&rsquo;est pas seulement ton fr\u00e8re, mais probablement aussi ton meilleur ami. Aujourd&rsquo;hui, vous vous battez pour des victoires et peut-\u00eatre m\u00eame aussi pour le titre. Est-ce que cette bataille affecte votre relation d&rsquo;une mani\u00e8re ou d&rsquo;une autre\u00a0?<\/strong><\/p>\n<p>Non, je pense qu&rsquo;en ce moment, notre relation est encore plus \u00e9troite. Parce qu&rsquo;on parle la m\u00eame langue, vous voyez. Parfois, quand vous gagnez et que l&rsquo;autre, votre ami ou votre fr\u00e8re dans ce cas-ci, finit dixi\u00e8me et qu&rsquo;il y a huit dixi\u00e8mes de diff\u00e9rence au tour, ou une seconde, alors il est difficile de parler des m\u00eames choses parce que vous \u00eates sur deux chemins diff\u00e9rents. Vous roulez d&rsquo;une mani\u00e8re diff\u00e9rente. Mais maintenant, on est super soud\u00e9s.<\/p>\n<p>Je suis super content pour lui. Il le m\u00e9rite, parce que pendant sa carri\u00e8re, j&rsquo;ai toujours beaucoup lu qu&rsquo;il \u00e9tait le fr\u00e8re de Marc, qu&rsquo;il \u00e9tait en MotoGP parce qu&rsquo;il est le fr\u00e8re de&#8230; Il est double champion du monde\u00a0!\u00a0Il a vraiment un super talent, mais il a besoin de prendre son temps. Et quand il trouve la moto parfaite pour son pilotage, il est capable d&rsquo;\u00eatre super rapide.<\/p>\n<p>   <img decoding=\"async\" draggable=\"false\" src=\"https:\/\/www.europesays.com\/fr\/wp-content\/uploads\/2025\/04\/alex-marquez-gresini-racing.jpg\" alt=\"La victoire ce week-end pour \u00c1lex M\u00e1rquez ?\" width=\"1200\" height=\"800\" loading=\"lazy\"\/> <\/p>\n<p class=\"title\">La victoire ce week-end pour \u00c1lex M\u00e1rquez ?<\/p>\n<p class=\"photographer\">Photo de: Karim Jaafar &#8211; AFP &#8211; Getty Images<\/p>\n<p>Il va gagner des courses cette ann\u00e9e. Peut-\u00eatre que la premi\u00e8re sera celle-ci, au Qatar. Vous pouvez parier sur lui si vous voulez\u00a0!\u00a0Il sera rapide ici. En tout cas, je suis tr\u00e8s heureux pour lui. Et puis, on travaille ensemble. Apr\u00e8s, une fois sur la piste, je d\u00e9fends les couleurs rouges et il d\u00e9fend les couleurs de Gresini. Mais ce qu&rsquo;il y a de bien aussi c&rsquo;est qu&rsquo;on roule tous les deux pour Ducati et qu&rsquo;on peut parler des petits d\u00e9tails. Une fois sur la piste, par contre, tout le monde se donne \u00e0 100%.<\/p>\n<blockquote>\n<p>Pendant sa carri\u00e8re, j&rsquo;ai toujours beaucoup lu qu&rsquo;il \u00e9tait en MotoGP parce qu&rsquo;il est le fr\u00e8re de&#8230; Il est double champion du monde\u00a0!<\/p>\n<\/blockquote>\n<p><strong>Et que disent vos parents de cette bataille entre vous\u00a0?<\/strong><\/p>\n<p>Ma m\u00e8re plaisante\u00a0: Faites attention avec les d\u00e9passements s&rsquo;il vous pla\u00eet\u00a0!\u00a0\u00bb. C&rsquo;est juste \u00e7a. Pour le reste, ils savent qu&rsquo;au final, si j&rsquo;ai besoin de le d\u00e9passer, j&rsquo;essaierai et lui aussi, il essaiera. Personne ne veut faire d&rsquo;erreur dans un d\u00e9passement. \u00c7a ne vaut pas seulement qu&rsquo;avec ton fr\u00e8re. M\u00eame pour un adversaire, on ne veut pas faire d&rsquo;erreurs parce que c&rsquo;est dangereux pour tout le monde, pour soi-m\u00eame comme pour les autres. Mais au final, ce sont des courses et ils connaissent les risques. En tout cas, ils sont tout le temps super heureux en ce moment. Je pense juste qu&rsquo;ils ne savent pas quels conseils nous donner, alors ils disent \u00ab\u00a0continuez comme \u00e7a\u00a0!\u00a0\u00bb.<\/p>\n<p><strong>Est-ce que tu comprendrais qu&rsquo;ils pr\u00e9f\u00e8rent qu&rsquo;\u00c1lex gagne parce qu&rsquo;il n&rsquo;a pas encore remport\u00e9 de titre MotoGP, alors que toi, tu en a six\u00a0?<\/strong><\/p>\n<p>Oui. Bien s\u00fbr, qu&rsquo;\u00c1lex gagne ou que je gagne, ils sont heureux dans les deux cas. Et moi, je le dis, je suis heureux, et parfois m\u00eame plus heureux quand mon fr\u00e8re gagne des courses que quand je gagne. J&rsquo;ai besoin de voir ce que \u00e7a fera s&rsquo;il gagne \u00e0 une course contre moi&#8230; L\u00e0, peut-\u00eatre que je ne serai pas tellement content\u00a0!\u00a0[rires] Mais non, ils seront tout aussi heureux. C&rsquo;est vrai qu&rsquo;\u00c1lex m\u00e9rite, il m\u00e9rite une victoire en MotoGP et il m\u00e9rite de se battre pour le titre parce qu&rsquo;il travaille beaucoup.<\/p>\n<p><strong>Le reste de l&rsquo;interview de Marc M\u00e1rquez est \u00e0 retrouver dans la vid\u00e9o en t\u00eate de cet article, sous-titr\u00e9e en fran\u00e7ais.<\/strong><\/p>\n<p>Dans cet article<\/p>\n<p>    L\u00e9na Buffa\n<\/p>\n<p>    MotoGP\n<\/p>\n<p>    Marc M\u00e1rquez\n<\/p>\n<p>    \u00c1lex M\u00e1rquez\n<\/p>\n<p>    Ducati Team\n<\/p>\n<p>    Gresini Racing\n<\/p>\n<p>Soyez le premier inform\u00e9 et souscrivez aux alertes mails pour recevoir les infos en temps r\u00e9el<\/p>\n<p>    S&rsquo;abonner aux alertes de news<\/p>\n","protected":false},"excerpt":{"rendered":"Juste avant le d\u00e9but du week-end de course au Qatar, Marc M\u00e1rquez a accord\u00e9 une longue interview \u00e0&hellip;\n","protected":false},"author":2,"featured_media":20853,"comment_status":"","ping_status":"","sticky":false,"template":"","format":"standard","meta":{"footnotes":""},"categories":[1413],"tags":[4950,1011,27,3452,5038,1457,1456,1458,60,7896],"class_list":{"0":"post-20852","1":"post","2":"type-post","3":"status-publish","4":"format-standard","5":"has-post-thumbnail","7":"category-moto","8":"tag-ducati-team","9":"tag-fr","10":"tag-france","11":"tag-gresini-racing","12":"tag-marc-mu00e1rquez","13":"tag-moto","14":"tag-motocycle","15":"tag-motogp","16":"tag-sports","17":"tag-u00c1lex-mu00e1rquez"},"share_on_mastodon":{"url":"https:\/\/pubeurope.com\/@fr\/114327623032240022","error":""},"_links":{"self":[{"href":"https:\/\/www.europesays.com\/fr\/wp-json\/wp\/v2\/posts\/20852","targetHints":{"allow":["GET"]}}],"collection":[{"href":"https:\/\/www.europesays.com\/fr\/wp-json\/wp\/v2\/posts"}],"about":[{"href":"https:\/\/www.europesays.com\/fr\/wp-json\/wp\/v2\/types\/post"}],"author":[{"embeddable":true,"href":"https:\/\/www.europesays.com\/fr\/wp-json\/wp\/v2\/users\/2"}],"replies":[{"embeddable":true,"href":"https:\/\/www.europesays.com\/fr\/wp-json\/wp\/v2\/comments?post=20852"}],"version-history":[{"count":0,"href":"https:\/\/www.europesays.com\/fr\/wp-json\/wp\/v2\/posts\/20852\/revisions"}],"wp:featuredmedia":[{"embeddable":true,"href":"https:\/\/www.europesays.com\/fr\/wp-json\/wp\/v2\/media\/20853"}],"wp:attachment":[{"href":"https:\/\/www.europesays.com\/fr\/wp-json\/wp\/v2\/media?parent=20852"}],"wp:term":[{"taxonomy":"category","embeddable":true,"href":"https:\/\/www.europesays.com\/fr\/wp-json\/wp\/v2\/categories?post=20852"},{"taxonomy":"post_tag","embeddable":true,"href":"https:\/\/www.europesays.com\/fr\/wp-json\/wp\/v2\/tags?post=20852"}],"curies":[{"name":"wp","href":"https:\/\/api.w.org\/{rel}","templated":true}]}}