{"id":208531,"date":"2025-06-27T14:23:22","date_gmt":"2025-06-27T14:23:22","guid":{"rendered":"https:\/\/www.europesays.com\/fr\/208531\/"},"modified":"2025-06-27T14:23:22","modified_gmt":"2025-06-27T14:23:22","slug":"sur-les-traces-de-cezanne-a-aix-en-provence-la-montagne-sainte-victoire","status":"publish","type":"post","link":"https:\/\/www.europesays.com\/fr\/208531\/","title":{"rendered":"Sur les traces de Cezanne \u00e0 Aix-en-Provence\u00a0: la montagne Sainte-Victoire"},"content":{"rendered":"\n<p class=\"c-chapo \">\n  \u00c0 l&rsquo;occasion de l&rsquo;exposition \u00e9v\u00e9nement organis\u00e9e au mus\u00e9e Granet jusqu&rsquo;au 12\u00a0octobre, nous avons choisi de vous entra\u00eener dans les pas de Paul Cezanne avec une s\u00e9rie d&rsquo;articles consacr\u00e9e \u00e0 l&rsquo;illustre peintre proven\u00e7al.\n<\/p>\n<p>    <img loading=\"lazy\" decoding=\"async\" class=\"signature__image lazyload\" width=\"100\" height=\"100\" data- alt=\"\" src=\"https:\/\/www.europesays.com\/fr\/wp-content\/uploads\/2025\/05\/61b8b99b80249_valerie-gaget.png\"\/><\/p>\n<p>          France T\u00e9l\u00e9visions &#8211; R\u00e9daction Culture<\/p>\n<p>    Publi\u00e9 le 27\/06\/2025 06:00<\/p>\n<p>        Temps de lecture : 6min<\/p>\n<p>    <img decoding=\"async\"  alt=\"Photomontage r\u00e9alis\u00e9 avec une photo de Paul Cezanne prise par \u00c9mile Bernard en 1904 et une vue de la montagne Sainte-Victoire depuis le jardin des Peintres, \u00e0 Aix-en-Provence, mai\u00a02025. (VALERIE GAGET\u00a0\/\u00a0FRANCEINFO CULTURE)\" width=\"432\" height=\"243\" src=\"https:\/\/www.europesays.com\/fr\/wp-content\/uploads\/2025\/06\/photomontage2-cezanne-gaget-6841666ba0beb275353647.jpg\" fetchpriority=\"high\"\/><\/p>\n<p>      Photomontage r\u00e9alis\u00e9 avec une photo de Paul Cezanne prise par \u00c9mile Bernard en 1904 et une vue de la montagne Sainte-Victoire depuis le jardin des Peintres, \u00e0 Aix-en-Provence, mai\u00a02025. (VALERIE GAGET\u00a0\/\u00a0FRANCEINFO CULTURE)<\/p>\n<p>Un tableau exceptionnel fera son retour en France dans le cadre de l&rsquo;exposition Cezanne\u00a02025, du 28\u00a0juin au 12\u00a0octobre au mus\u00e9e Granet d&rsquo;Aix-en-Provence. Il s&rsquo;agit d&rsquo;une huile sur toile intitul\u00e9e La Montagne Sainte-Victoire qui a \u00e9t\u00e9 retrouv\u00e9e dans <a href=\"https:\/\/www.franceinfo.fr\/culture\/arts-expos\/la-collection-cornelius-gurlitt-constituee-sous-le-iiie-reich-ira-a-berne_3324675.html\" rel=\"nofollow noopener\" target=\"_blank\">la collection Gurlitt, constitu\u00e9e sous le IIIe\u00a0Reich en Allemagne<\/a>.<\/p>\n<p>Venu du Kunstmuseum, le Mus\u00e9e des beaux-arts de Berne en Suisse, ce paysage peint en 1897 depuis les carri\u00e8res de Bib\u00e9mus compte parmi les \u0153uvres les plus iconiques de Paul Cezanne. Il devrait rester au moins trois\u00a0ans \u00e0 Aix-en-Provence, pendant les travaux de r\u00e9novation du mus\u00e9e suisse. Un accord a \u00e9t\u00e9 pass\u00e9 avec les h\u00e9ritiers de Cezanne qui permettra que ce tableau revienne ensuite \u00e0 \u00e9ch\u00e9ances r\u00e9guli\u00e8res en Provence.<\/p>\n<p>    <img decoding=\"async\" class=\"cms-media-image lazyload\" alt=\"Paul Cezanne, \" la=\"\" montagne=\"\" sainte-victoire=\"\" huile=\"\" sur=\"\" toile=\"\" mus=\"\" des=\"\" beaux-arts=\"\" de=\"\" berne=\"\" en=\"\" suisse=\"\" legs=\"\" cornelius=\"\" gurlitt=\"\" bern=\"\" width=\"720\" height=\"565.32380527021\" data- src=\"https:\/\/www.europesays.com\/fr\/wp-content\/uploads\/2025\/06\/5-cezanne-67ecf9a33c0a7804886647.jpg\"\/><\/p>\n<p>      Paul Cezanne, \u00ab\u00a0La Montagne Sainte-Victoire\u00a0\u00bb, 1897, huile sur toile, 73&#215;91,5\u00a0cm, Mus\u00e9e des beaux-arts de Berne, en Suisse, legs Cornelius Gurlitt, 2014. (KUNSTMUSEUM BERN)<\/p>\n<p>Un deuxi\u00e8me tr\u00e9sor, une autre \u00ab\u00a0Sainte-Victoire\u00a0\u00bb, devait \u00e9galement \u00eatre pr\u00e9sent\u00e9 au public aixois. Mais quelques semaines avant l&rsquo;ouverture de l&rsquo;exposition, le collectionneur, un \u00ab\u00a0pr\u00eateur priv\u00e9 am\u00e9ricain\u00a0\u00bb, selon Bruno Ely, le directeur du mus\u00e9e Granet, s&rsquo;est d\u00e9sist\u00e9 \u00ab\u00a0pour convenance personnelle\u00a0\u00bb.<\/p>\n<p>Il pense que cette d\u00e9cision pourrait \u00eatre li\u00e9e \u00ab\u00a0\u00e0 une question de droits de douane\u00a0\u00bb suite aux annonces de Donald Trump. Le tableau se trouvait \u00ab\u00a0dans un port franc en Europe\u00a0\u00bb et le collectionneur \u00ab\u00a0a voulu rapatrier rapidement sa collection aux \u00c9tats-Unis\u00a0\u00bb. Il n&rsquo;a jamais eu le fin mot de l&rsquo;histoire, mais regrette fortement cette d\u00e9cision qui prive l&rsquo;exposition d&rsquo;une \u0153uvre majeure.<\/p>\n<p>La Sainte-Victoire est un monument naturel. Une montagne magique qui culmine \u00e0 1\u00a0011\u00a0m\u00e8tres et domine tout le pays aixois de sa silhouette sculpturale. Elle attire l&rsquo;\u0153il comme un aimant et s&rsquo;habille de couleurs fluctuantes, se parant de rose les soirs d&rsquo;\u00e9t\u00e9.<\/p>\n<p>Pour Paul Cezanne, n\u00e9 \u00e0 Aix-en-Provence en 1839, sa pr\u00e9sence tut\u00e9laire eut une importance fondamentale. De ses 20\u00a0ans \u00e0 ses derniers coups de pinceau, le peintre proven\u00e7al s&rsquo;acharna \u00e0 traduire sur ses toiles le temp\u00e9rament \u2013\u00a0un mot qu&rsquo;il affectionnait\u00a0\u2013 de ce monolithe insaisissable.<\/p>\n<p>    <img decoding=\"async\" class=\"cms-media-image lazyload\" alt=\"La montagne Sainte-Victoire vue de la route du Tholonet dans les Bouches-du-Rh\u00f4ne. (VALERIE GAGET\u00a0\/\u00a0FRANCEINFO CULTURE)\" width=\"720\" height=\"523.61581920904\" data- src=\"https:\/\/www.europesays.com\/fr\/wp-content\/uploads\/2025\/06\/cezanne-gaget-sainte-victoire-tholonet-67dad6fe77d3c910788682.jpg\"\/><\/p>\n<p>      La montagne Sainte-Victoire vue de la route du Tholonet dans les Bouches-du-Rh\u00f4ne. (VALERIE GAGET\u00a0\/\u00a0FRANCEINFO CULTURE)<\/p>\n<p>Cezanne est un grand marcheur. D\u00e8s l&rsquo;adolescence, \u00e9t\u00e9 comme hiver, il arpente avec son copain de classe \u00c9mile Zola les garrigues autour de la Sainte-Victoire. Selon l&rsquo;historien de l&rsquo;art John Rewald, \u00ab\u00a0leur promenade pr\u00e9f\u00e9r\u00e9e est celle qui m\u00e8ne au village du Tholonet par une route qui ondule entre des collines jusqu&rsquo;aux terres rouges qui s&rsquo;\u00e9tendent au pied de l&rsquo;immense mur gris et nu de la montagne Sainte-Victoire&#8230;\u00a0\u00bb. En 1868, dans une lettre \u00e0 son ami Numa Coste, il \u00e9crit\u00a0: \u00ab\u00a0La belle exp\u00e9dition que l&rsquo;on devait faire \u00e0 Sainte-Victoire est tomb\u00e9e dans l&rsquo;eau cet \u00e9t\u00e9 \u00e0 cause de la trop grande chaleur, et en octobre \u00e0 cause des pluies.\u00a0\u00bb<\/p>\n<p>Par les jambes et par les pieds, le peintre a \u00e9prouv\u00e9, sa vie durant, la beaut\u00e9 de son pays natal domin\u00e9 par ce massif \u00e0 nul autre pareil. \u00ab\u00a0Cet enracinement reste une sp\u00e9cificit\u00e9 dans l&rsquo;histoire de l&rsquo;art\u00a0\u00bb, explique Denis Coutagne, ancien directeur du mus\u00e9e Granet et grand sp\u00e9cialiste de Cezanne. Gr\u00e2ce \u00e0 un ami g\u00e9ologue, Fortun\u00e9 Marion, l&rsquo;artiste connaissait aussi l&rsquo;histoire de la formation de Sainte-Victoire, cette grande vague p\u00e9trifi\u00e9e.<\/p>\n<p>Le peintre a d\u00e9di\u00e9 rien moins que 87\u00a0tableaux [connus] \u00e0 sa muse de calcaire\u00a0: 44\u00a0huiles et 43\u00a0aquarelles, avec une pr\u00e9f\u00e9rence pour sa fa\u00e7ade ouest. Ils sont actuellement expos\u00e9s dans les plus grands mus\u00e9es du monde, tr\u00e8s majoritairement \u00e0 l&rsquo;\u00e9tranger.<\/p>\n<p>La montagne appara\u00eet d&rsquo;abord \u00e0 l&rsquo;arri\u00e8re-plan de ses tableaux, comme si elle l&rsquo;intimidait. Une premi\u00e8re fois en 1870, derri\u00e8re une tranch\u00e9e creus\u00e9e pour la construction d&rsquo;une ligne de chemin de fer. En 1885, derri\u00e8re les marronniers du Jas de Bouffan, la propri\u00e9t\u00e9 familiale de Cezanne. On la retrouve aussi \u00e0 l&rsquo;arri\u00e8re-fond de plusieurs \u0153uvres repr\u00e9sentant des baigneurs.<\/p>\n<p>    <img decoding=\"async\" class=\"cms-media-image lazyload\" alt=\"Paul Cezanne, &quot;Baigneurs au repos&quot;, vers 1875-1876, huile sur toile, 35,2x46\u00a0cm, Suisse, Gen\u00e8ve, Mus\u00e9e d'art et d'histoire, d\u00e9p\u00f4t de la Fondation Jean-Louis Prevost, 1985. (MUSEE D'ART ET D'HISTOIRE\u00a0\/\u00a0VILLE DE GENEVE\u00a0\/\u00a0BETTINA JACOT-DESCOMBES)\" width=\"720\" height=\"544.65963566635\" data- src=\"https:\/\/www.europesays.com\/fr\/wp-content\/uploads\/2025\/06\/baigneurs-capture-67f93f1ba1388221120390.png\"\/><\/p>\n<p>      Paul Cezanne, \u00ab\u00a0Baigneurs au repos\u00a0\u00bb, vers 1875-1876, huile sur toile, 35,2&#215;46\u00a0cm, Suisse, Gen\u00e8ve, Mus\u00e9e d&rsquo;art et d&rsquo;histoire, d\u00e9p\u00f4t de la Fondation Jean-Louis Prevost, 1985. (MUSEE D&rsquo;ART ET D&rsquo;HISTOIRE\u00a0\/\u00a0VILLE DE GENEVE\u00a0\/\u00a0BETTINA JACOT-DESCOMBES)<\/p>\n<p>Puis, le peintre s&rsquo;en rapproche, l&rsquo;apprivoise et finit par la placer au centre de ses toiles. Ce \u00ab\u00a0motif \u00e9tourdissant\u00a0\u00bb, comme il l&rsquo;a \u00e9crit, l&rsquo;obs\u00e8de par sa structure et sa densit\u00e9. Il veut la saisir dans toutes ses nuances et rendre sa v\u00e9rit\u00e9 telle qu&rsquo;il la per\u00e7oit. Avec ses ombres et ses lumi\u00e8res versatiles, la montagne lui r\u00e9siste. Elle est un d\u00e9fi permanent.<\/p>\n<p>\u00ab\u00a0C\u00e9zanne a lutt\u00e9 avec la montagne pour se l&rsquo;approprier et en d\u00e9couvrir chaque facette, chaque variation color\u00e9e et ce sont ces fluctuations qu&rsquo;il a essay\u00e9 de synth\u00e9tiser et d&rsquo;int\u00e9grer \u00e0 sa peinture\u00a0\u00bb explique Bruno Ely, directeur du <a href=\"http:\/\/www.museegranet-aixenprovence.fr\/\" target=\"_blank\" rel=\"noopener nofollow\">mus\u00e9e Granet, \u00e0 Aix-en-Provence<\/a>.<\/p>\n<p>Cezanne d\u00e9veloppe sa propre vision de l&rsquo;art. Il structure ses toiles avec des formes simples et des couleurs savamment combin\u00e9es. La Sainte-Victoire, qui dessine un grand triangle sur l&rsquo;horizon, l&rsquo;aide dans sa qu\u00eate. En l&rsquo;observant, le peintre parvient \u00e0 capturer l&rsquo;essence du paysage.<\/p>\n<p>Il suffit pour s&rsquo;en rendre compte de\u00a0visu de grimper jusqu&rsquo;au <a href=\"https:\/\/www.aixenprovencetourism.com\/fr\/fiche\/jardin-des-peintres-5537997\/\" target=\"_blank\" rel=\"noopener nofollow\">jardin des Peintres \u00e0 Aix-en-Provence<\/a>. Outre une vue \u00e0 couper le souffle, le site pr\u00e9sente les reproductions d&rsquo;une dizaine de toiles peintes par Cezanne depuis cette \u00e9minence dominant la plaine et le fronton triangulaire de Sainte-Victoire.<\/p>\n<p>Jusqu&rsquo;\u00e0 sa mort en 1906, Cezanne ne la l\u00e2che ni des yeux ni du pinceau, r\u00e9p\u00e9tant inlassablement les vues sur la montagne dans un enchev\u00eatrement de lignes horizontales, obliques et verticales, de pins majestueux et d&rsquo;herbes s\u00e8ches.<\/p>\n<p>    <img decoding=\"async\" class=\"cms-media-image lazyload\" alt=\"Paul Cezanne, \" la=\"\" montagne=\"\" sainte-victoire=\"\" vue=\"\" de=\"\" bib=\"\" baltimore=\"\" museum=\"\" of=\"\" art=\"\" the=\"\" cone=\"\" collection=\"\" formed=\"\" by=\"\" dr=\"\" and=\"\" miss=\"\" etta=\"\" maryland.=\"\" mitro=\"\" hood=\"\" width=\"720\" height=\"570.4\" data- src=\"https:\/\/www.europesays.com\/fr\/wp-content\/uploads\/2025\/06\/phpp8D4h3.jpg\"\/><\/p>\n<p>      Paul Cezanne, \u00ab\u00a0La Montagne Sainte-Victoire vue de Bib\u00e9mus\u00a0\u00bb, 1898-1900, Baltimore Museum of Art, The Cone Collection formed by Dr\u00a0Claribel and Miss Etta Cone of Baltimore, Maryland. (THE BALTIMORE MUSEUM OF ART\u00a0\/\u00a0PHOTO MITRO HOOD)<\/p>\n<p>Son style se fait de plus en plus \u00e9conome. Le dessin lin\u00e9aire dispara\u00eet. Le peintre rend la profondeur et les formes par les couleurs, juxtaposant en touches pr\u00e9cises les tons chauds qui rapprochent la vue, et des tons plus froids qui l&rsquo;\u00e9loignent. Il simplifie les formes. Ce qu&rsquo;il dessinait autrefois avec pr\u00e9cision devient sugg\u00e9r\u00e9.<\/p>\n<p>Ce faisant, l&rsquo;Aixois r\u00e9volutionne la peinture et pr\u00e9figure l&rsquo;art abstrait. \u00ab\u00a0Il \u00e9tait notre p\u00e8re \u00e0 tous\u00a0\u00bb, confiera Picasso. Quand le ma\u00eetre espagnol acquiert le ch\u00e2teau de Vauvenargues, entour\u00e9 d&rsquo;un grand domaine avec vue sur le massif, il d\u00e9clare\u00a0: \u00ab\u00a0J&rsquo;ai achet\u00e9 la Sainte-Victoire de Cezanne.\u00a0\u00bb Tous deux reposent en Provence, non\u00a0loin de la montagne magique.<\/p>\n","protected":false},"excerpt":{"rendered":"\u00c0 l&rsquo;occasion de l&rsquo;exposition \u00e9v\u00e9nement organis\u00e9e au mus\u00e9e Granet jusqu&rsquo;au 12\u00a0octobre, nous avons choisi de vous entra\u00eener dans&hellip;\n","protected":false},"author":2,"featured_media":208532,"comment_status":"","ping_status":"","sticky":false,"template":"","format":"standard","meta":{"footnotes":""},"categories":[1358],"tags":[1348,1384,1385,1386,58,59,1011,27],"class_list":{"0":"post-208531","1":"post","2":"type-post","3":"status-publish","4":"format-standard","5":"has-post-thumbnail","7":"category-arts-et-design","8":"tag-arts","9":"tag-arts-and-design","10":"tag-arts-et-design","11":"tag-design","12":"tag-divertissement","13":"tag-entertainment","14":"tag-fr","15":"tag-france"},"share_on_mastodon":{"url":"https:\/\/pubeurope.com\/@fr\/114755784369508835","error":""},"_links":{"self":[{"href":"https:\/\/www.europesays.com\/fr\/wp-json\/wp\/v2\/posts\/208531","targetHints":{"allow":["GET"]}}],"collection":[{"href":"https:\/\/www.europesays.com\/fr\/wp-json\/wp\/v2\/posts"}],"about":[{"href":"https:\/\/www.europesays.com\/fr\/wp-json\/wp\/v2\/types\/post"}],"author":[{"embeddable":true,"href":"https:\/\/www.europesays.com\/fr\/wp-json\/wp\/v2\/users\/2"}],"replies":[{"embeddable":true,"href":"https:\/\/www.europesays.com\/fr\/wp-json\/wp\/v2\/comments?post=208531"}],"version-history":[{"count":0,"href":"https:\/\/www.europesays.com\/fr\/wp-json\/wp\/v2\/posts\/208531\/revisions"}],"wp:featuredmedia":[{"embeddable":true,"href":"https:\/\/www.europesays.com\/fr\/wp-json\/wp\/v2\/media\/208532"}],"wp:attachment":[{"href":"https:\/\/www.europesays.com\/fr\/wp-json\/wp\/v2\/media?parent=208531"}],"wp:term":[{"taxonomy":"category","embeddable":true,"href":"https:\/\/www.europesays.com\/fr\/wp-json\/wp\/v2\/categories?post=208531"},{"taxonomy":"post_tag","embeddable":true,"href":"https:\/\/www.europesays.com\/fr\/wp-json\/wp\/v2\/tags?post=208531"}],"curies":[{"name":"wp","href":"https:\/\/api.w.org\/{rel}","templated":true}]}}