{"id":208535,"date":"2025-06-27T14:25:11","date_gmt":"2025-06-27T14:25:11","guid":{"rendered":"https:\/\/www.europesays.com\/fr\/208535\/"},"modified":"2025-06-27T14:25:11","modified_gmt":"2025-06-27T14:25:11","slug":"tf1-france-tele-et-les-acteurs-historiques-de-laudiovisuel-appellent-a-proteger-lexception-culturelle-francaise","status":"publish","type":"post","link":"https:\/\/www.europesays.com\/fr\/208535\/","title":{"rendered":"TF1, France T\u00e9l\u00e9 et les acteurs historiques de l\u2019audiovisuel appellent \u00e0 \u00abprot\u00e9ger\u00bb l&rsquo;exception culturelle fran\u00e7aise"},"content":{"rendered":"<p>Dans son premier Livre blanc, l\u2019association LaFA d\u00e9voile une s\u00e9rie de recommandations pour prot\u00e9ger un secteur \u00abmarqu\u00e9 par des asym\u00e9tries r\u00e9glementaires entre les m\u00e9dias traditionnels et les plateformes internationales\u00bb.<\/p>\n<p class=\"fig-paragraph\">L&rsquo;association r\u00e9unissant les grands acteurs de la fili\u00e8re audiovisuelle (<a href=\"http:\/\/www.lefigaro.fr\/medias\/les-emissions-et-series-du-groupe-tf1-seront-bientot-disponibles-sur-netflix-20250618\" data-fig-type=\"NewsFlash\" data-gtm-custom-categorie=\"navigation\" data-gtm-custom-action=\"crossclick\" data-gtm-custom-label=\"Contextuel\" data-gtm-event=\"customEventSPE\" data-fig-domain=\"LEFIGARO\" rel=\"nofollow noopener\" target=\"_blank\">TF1<\/a>, France T\u00e9l\u00e9&#8230;) a d\u00e9voil\u00e9 vendredi une s\u00e9rie de recommandations pour \u00abprot\u00e9ger\u00bb l&rsquo;exception culturelle fran\u00e7aise face \u00e0 la concurrence des plateformes. Dans son premier Livre blanc, l&rsquo;association LaFa, cr\u00e9\u00e9e en novembre, estime que l&rsquo;\u00e9quilibre du secteur et ses \u00ab12,6 milliards d&rsquo;euros de valeur ajout\u00e9e\u00bb sont \u00abfragilis\u00e9s\u00bb par le poids croissant de plateformes qui ne sont pas soumises aux m\u00eames contraintes r\u00e9glementaires.<\/p>\n<p class=\"fig-paragraph\">\u00abL&rsquo;\u00e9quilibre du secteur est fragilis\u00e9 par sa confrontation aux mutations du march\u00e9, marqu\u00e9 par des asym\u00e9tries r\u00e9glementaires entre les m\u00e9dias traditionnels et les plateformes internationales\u00bb, indique l&rsquo;association, qui inclut \u00e9galement les principales organisations de gestion collective des droits (<a href=\"http:\/\/www.lefigaro.fr\/flash-eco\/droits-d-auteur-le-streaming-ne-rapporte-toujours-pas-autant-qu-espere-regrette-la-sacem-20250513\" data-fig-type=\"NewsFlash\" data-gtm-custom-categorie=\"navigation\" data-gtm-custom-action=\"crossclick\" data-gtm-custom-label=\"Contextuel\" data-gtm-event=\"customEventSPE\" data-fig-domain=\"LEFIGARO\" rel=\"nofollow noopener\" target=\"_blank\">Sacem<\/a>, Adami&#8230;). La fili\u00e8re plaide ainsi de nouveau pour la lev\u00e9e des \u00abrestrictions\u00bb qui encadrent la publicit\u00e9 pour la grande distribution sur les cha\u00eenes de t\u00e9l\u00e9vision, o\u00f9 les spots vantant les promotions sont interdits. \u00abCette interdiction est une sp\u00e9cificit\u00e9 fran\u00e7aise qu&rsquo;aucun autre pays europ\u00e9en n&rsquo;applique\u00bb, affirme le document de quelque 130 pages.<\/p>\n<p>La suppression de la redevance critiqu\u00e9e<\/p>\n<p class=\"fig-paragraph\">Selon ce Livre blanc, les revenus publicitaires num\u00e9riques capt\u00e9s par les plateformes comme\u00a0<a href=\"http:\/\/www.lefigaro.fr\/culture\/stephane-bern-veut-va-lancer-sa-chaine-youtube-pour-se-rapprocher-d-une-nouvelle-generation-20250625\" data-fig-type=\"NewsFlash\" data-gtm-custom-categorie=\"navigation\" data-gtm-custom-action=\"crossclick\" data-gtm-custom-label=\"Contextuel\" data-gtm-event=\"customEventSPE\" data-fig-domain=\"LEFIGARO\" rel=\"nofollow noopener\" target=\"_blank\">YouTube\u00a0<\/a>ne participent par ailleurs pas au financement de la cr\u00e9ation, auquel les cha\u00eenes traditionnelles sont tenues de contribuer. LaFa appelle \u00e9galement l&rsquo;\u00c9tat \u00e0 assurer \u00e0 l&rsquo;audiovisuel public un financement \u00abdynamique, p\u00e9renne et pr\u00e9visible indispensable au maintien de son ind\u00e9pendance et \u00e0 l&rsquo;accomplissement de ses missions (&#8230;) d&rsquo;int\u00e9r\u00eat g\u00e9n\u00e9ral\u00bb. Le rapport estime que la suppression de la redevance en 2022 a \u00abfragilis\u00e9\u00bb le mod\u00e8le \u00e9conomique de l&rsquo;audiovisuel public, dont les dotations provenant de l&rsquo;\u00c9tat ont par ailleurs \u00e9t\u00e9 r\u00e9duites de 500 millions d&rsquo;euros, en euros constants, entre 2015 et 2023.<\/p>\n<p class=\"fig-paragraph\">\u00abDes engagements pluriannuels sont notamment n\u00e9cessaires car ils permettent une pr\u00e9visibilit\u00e9 budg\u00e9taire indispensable aux \u00e9quilibres de l&rsquo;\u00e9cosyst\u00e8me de la fili\u00e8re\u00bb, exhorte le rapport, publi\u00e9 alors que l&rsquo;Assembl\u00e9e nationale examine lundi et mardi un projet contest\u00e9 de cr\u00e9ation d&rsquo;une holding regroupant les m\u00e9dias de l&rsquo;audiovisuel public. \u00abLe besoin de lutter contre la d\u00e9sinformation et de prot\u00e9ger l&rsquo;exception culturelle fran\u00e7aise plaide d\u00e9sormais pour la s\u00e9curisation du niveau de financement de l&rsquo;audiovisuel public\u00bb, affirme le texte.<\/p>\n","protected":false},"excerpt":{"rendered":"Dans son premier Livre blanc, l\u2019association LaFA d\u00e9voile une s\u00e9rie de recommandations pour prot\u00e9ger un secteur \u00abmarqu\u00e9 par&hellip;\n","protected":false},"author":2,"featured_media":208536,"comment_status":"","ping_status":"","sticky":false,"template":"","format":"standard","meta":{"footnotes":""},"categories":[1356],"tags":[5717,58,59,1011,27,23339,5724,5720,5725,5719,5723,5722,5721,5718,5715,5714,1834,5726,252,199,1364,5716],"class_list":{"0":"post-208535","1":"post","2":"type-post","3":"status-publish","4":"format-standard","5":"has-post-thumbnail","7":"category-television","8":"tag-bibendum","9":"tag-divertissement","10":"tag-entertainment","11":"tag-fr","12":"tag-france","13":"tag-france-television","14":"tag-geant-vert","15":"tag-herisson-ernie-spontex","16":"tag-la-laitiere","17":"tag-lapin-duracell","18":"tag-mms","19":"tag-mamie-nova","20":"tag-mr-marie","21":"tag-mr-propre","22":"tag-personnage-publicitaire","23":"tag-pub","24":"tag-publicite","25":"tag-tele","26":"tag-television","27":"tag-tf1","28":"tag-tv","29":"tag-vache-qui-rit"},"share_on_mastodon":{"url":"https:\/\/pubeurope.com\/@fr\/114755791960642481","error":""},"_links":{"self":[{"href":"https:\/\/www.europesays.com\/fr\/wp-json\/wp\/v2\/posts\/208535","targetHints":{"allow":["GET"]}}],"collection":[{"href":"https:\/\/www.europesays.com\/fr\/wp-json\/wp\/v2\/posts"}],"about":[{"href":"https:\/\/www.europesays.com\/fr\/wp-json\/wp\/v2\/types\/post"}],"author":[{"embeddable":true,"href":"https:\/\/www.europesays.com\/fr\/wp-json\/wp\/v2\/users\/2"}],"replies":[{"embeddable":true,"href":"https:\/\/www.europesays.com\/fr\/wp-json\/wp\/v2\/comments?post=208535"}],"version-history":[{"count":0,"href":"https:\/\/www.europesays.com\/fr\/wp-json\/wp\/v2\/posts\/208535\/revisions"}],"wp:featuredmedia":[{"embeddable":true,"href":"https:\/\/www.europesays.com\/fr\/wp-json\/wp\/v2\/media\/208536"}],"wp:attachment":[{"href":"https:\/\/www.europesays.com\/fr\/wp-json\/wp\/v2\/media?parent=208535"}],"wp:term":[{"taxonomy":"category","embeddable":true,"href":"https:\/\/www.europesays.com\/fr\/wp-json\/wp\/v2\/categories?post=208535"},{"taxonomy":"post_tag","embeddable":true,"href":"https:\/\/www.europesays.com\/fr\/wp-json\/wp\/v2\/tags?post=208535"}],"curies":[{"name":"wp","href":"https:\/\/api.w.org\/{rel}","templated":true}]}}