{"id":208537,"date":"2025-06-27T14:26:11","date_gmt":"2025-06-27T14:26:11","guid":{"rendered":"https:\/\/www.europesays.com\/fr\/208537\/"},"modified":"2025-06-27T14:26:11","modified_gmt":"2025-06-27T14:26:11","slug":"royaume-uni-lorde-donne-le-coup-denvoi-du-festival-de-glastonbury-avec-un-concert-surprise-actualites","status":"publish","type":"post","link":"https:\/\/www.europesays.com\/fr\/208537\/","title":{"rendered":"Royaume-Uni: Lorde donne le coup d&rsquo;envoi du festival de Glastonbury avec un concert surprise : Actualit\u00e9s"},"content":{"rendered":"<p class=\"lead \">La chanteuse n\u00e9o-z\u00e9landaise Lorde a donn\u00e9 vendredi un concert surprise au festival de Glastonbury, en Angleterre, le jour de la sortie de son quatri\u00e8me et tr\u00e8s attendu album, \u00ab\u00a0Virgin\u00a0\u00bb.<\/p>\n<p class=\"lead \">Les festivaliers sont arriv\u00e9s mercredi sur la c\u00e9l\u00e8bre Worthy Farm, le domaine agricole o\u00f9 se d\u00e9roule l&rsquo;\u00e9v\u00e9nement jusqu&rsquo;\u00e0 dimanche soir. <\/p>\n<p class=\"lead \">Mais les t\u00eates d&rsquo;affiche entrent en sc\u00e8ne vendredi, avec au programme Alanis Morissette, The 1975 et Supergrass. <\/p>\n<p class=\"lead \">Les organisateurs entretiennent le myst\u00e8re sur certains cr\u00e9neaux. <\/p>\n<p class=\"lead \">Lorde, qui a connu un immense succ\u00e8s d\u00e8s l&rsquo;adolescence avec l&rsquo;opus \u00ab\u00a0Pure Heroine\u00a0\u00bb (2013) et son titre \u00ab\u00a0Royals\u00a0\u00bb, est apparue en milieu de journ\u00e9e sur sc\u00e8ne, habill\u00e9e tout en blanc. <\/p>\n<p class=\"lead \">\u00ab\u00a0Merci beaucoup d&rsquo;\u00eatre avec nous\u00a0\u00bb, a-t-elle dit. \u00ab\u00a0C&rsquo;est de la folie pour moi, vous ne r\u00e9alisez pas\u00a0\u00bb.<\/p>\n<p class=\"lead \">Les organisateurs ont d\u00fb fermer l&rsquo;acc\u00e8s au champ pr\u00e8s de la tente o\u00f9 elle s&rsquo;est produite tellement la foule \u00e9tait nombreuse. <\/p>\n<p class=\"lead \">Les festivaliers esp\u00e8rent aussi voir le chanteur \u00e9cossais Lewis Capaldi vendredi apr\u00e8s-midi sur la c\u00e9l\u00e8bre sc\u00e8ne \u00ab\u00a0Pyramid Stage\u00a0\u00bb, sur un cr\u00e9neau indiqu\u00e9 comme \u00ab\u00a0TBA\u00a0\u00bb (\u00ab\u00a0to be announced\u00a0\u00bb, \u00ab\u00a0\u00e0 annoncer\u00a0\u00bb). <\/p>\n<p class=\"lead \">\u00ab\u00a0Cela fait longtemps&#8230;\u00a0\u00bb, a \u00e9crit le chanteur sur Instagram vendredi pour la sortie de son nouveau titre \u00ab\u00a0Survive\u00a0\u00bb, marquant son grand retour. <\/p>\n<p class=\"lead \">Il y a deux ans, il avait suspendu sa tourn\u00e9e mondiale. L&rsquo;artiste de 28 ans est atteint du syndrome de Tourette, un trouble neurologique caract\u00e9ris\u00e9 par des tics moteurs et vocaux.<\/p>\n<p class=\"lead \">Il s&rsquo;\u00e9tait produit cette ann\u00e9e-l\u00e0 \u00e0 Glastonbury, mais avait d\u00fb appeler ses fans \u00e0 la rescousse alors que ses tics prenaient le dessus et qu&rsquo;il perdait la voix. Les milliers de spectateurs avaient alors chant\u00e9 son titre phare, \u00ab\u00a0Someone You Loved\u00a0\u00bb, dans un moment tr\u00e8s fort dont les images ont fait le tour du monde.<\/p>\n<p class=\"lead \">Pour cette \u00e9dition, les spectateurs vont pouvoir danser sur les idoles pop des jeunes g\u00e9n\u00e9rations Olivia Rodrigo et Charli XCX. Les v\u00e9t\u00e9rans Neil Young et Rod Stewart seront aussi pr\u00e9sents. Tout comme The Prodigy, Snow Patrol, Burning Spear et Raye.<\/p>\n<p class=\"lead \">Samedi doit monter sur sc\u00e8ne le trio de rappeurs Kneecap, originaires de Belfast. <\/p>\n<p class=\"lead \">Cette programmation a suscit\u00e9 des critiques, y compris du Premier ministre travailliste Keir Starmer, qui a estim\u00e9 qu&rsquo;il n&rsquo;\u00e9tait pas \u00ab\u00a0appropri\u00e9\u00a0\u00bb que le groupe se produise au festival. <\/p>\n<p class=\"lead \">L&rsquo;un des membres de Kneecap, Mo Chara, fait l&rsquo;objet de poursuites judiciaires, accus\u00e9 d&rsquo;avoir arbor\u00e9 au cours d&rsquo;un concert un drapeau du Hezbollah, mouvement islamiste class\u00e9 comme organisation terroriste au Royaume-Uni.<\/p>\n<p class=\"small font-weight-bold text-gray3 \"> publi\u00e9 le 27 juin \u00e0 15h05, AFP<\/p>\n<p>                             Partager<\/p>\n","protected":false},"excerpt":{"rendered":"La chanteuse n\u00e9o-z\u00e9landaise Lorde a donn\u00e9 vendredi un concert surprise au festival de Glastonbury, en Angleterre, le jour&hellip;\n","protected":false},"author":2,"featured_media":208538,"comment_status":"","ping_status":"","sticky":false,"template":"","format":"standard","meta":{"footnotes":""},"categories":[1355],"tags":[58,59,849,1011,27,6228,1361,873],"class_list":{"0":"post-208537","1":"post","2":"type-post","3":"status-publish","4":"format-standard","5":"has-post-thumbnail","7":"category-musique","8":"tag-divertissement","9":"tag-entertainment","10":"tag-festival","11":"tag-fr","12":"tag-france","13":"tag-gb","14":"tag-music","15":"tag-musique"},"share_on_mastodon":{"url":"https:\/\/pubeurope.com\/@fr\/114755796212037177","error":""},"_links":{"self":[{"href":"https:\/\/www.europesays.com\/fr\/wp-json\/wp\/v2\/posts\/208537","targetHints":{"allow":["GET"]}}],"collection":[{"href":"https:\/\/www.europesays.com\/fr\/wp-json\/wp\/v2\/posts"}],"about":[{"href":"https:\/\/www.europesays.com\/fr\/wp-json\/wp\/v2\/types\/post"}],"author":[{"embeddable":true,"href":"https:\/\/www.europesays.com\/fr\/wp-json\/wp\/v2\/users\/2"}],"replies":[{"embeddable":true,"href":"https:\/\/www.europesays.com\/fr\/wp-json\/wp\/v2\/comments?post=208537"}],"version-history":[{"count":0,"href":"https:\/\/www.europesays.com\/fr\/wp-json\/wp\/v2\/posts\/208537\/revisions"}],"wp:featuredmedia":[{"embeddable":true,"href":"https:\/\/www.europesays.com\/fr\/wp-json\/wp\/v2\/media\/208538"}],"wp:attachment":[{"href":"https:\/\/www.europesays.com\/fr\/wp-json\/wp\/v2\/media?parent=208537"}],"wp:term":[{"taxonomy":"category","embeddable":true,"href":"https:\/\/www.europesays.com\/fr\/wp-json\/wp\/v2\/categories?post=208537"},{"taxonomy":"post_tag","embeddable":true,"href":"https:\/\/www.europesays.com\/fr\/wp-json\/wp\/v2\/tags?post=208537"}],"curies":[{"name":"wp","href":"https:\/\/api.w.org\/{rel}","templated":true}]}}