{"id":208539,"date":"2025-06-27T14:27:10","date_gmt":"2025-06-27T14:27:10","guid":{"rendered":"https:\/\/www.europesays.com\/fr\/208539\/"},"modified":"2025-06-27T14:27:10","modified_gmt":"2025-06-27T14:27:10","slug":"shadow-force-sur-prime-video-mais-cest-quoi-ce-film-daction-americain-avec-omar-sy","status":"publish","type":"post","link":"https:\/\/www.europesays.com\/fr\/208539\/","title":{"rendered":"\u00ab Shadow Force \u00bb sur Prime Video : mais c\u2019est quoi ce film d\u2019action am\u00e9ricain avec Omar Sy ?"},"content":{"rendered":"<p class=\"paragraph text_align_left lp-f-body-02\">Anciens membres d\u2019une division ultra-secr\u00e8te des forces sp\u00e9ciales am\u00e9ricaines baptis\u00e9e Alpha, Kyrah et Isaac ont enfreint la r\u00e8gle d\u2019or de leur unit\u00e9 : ils sont tomb\u00e9s amoureux, et ont m\u00eame eu un enfant ensemble. Oblig\u00e9s de fuir, ils sont depuis traqu\u00e9s par leurs anciens coll\u00e8gues et surtout par leur chef, Cinder, qui en a fait une affaire personnelle. Ils r\u00e9ussissent cependant \u00e0 rester en dessous des radars, jusqu\u2019au jour o\u00f9 Isaac intervient lors d\u2019un braquage de banque&#8230;<\/p>\n<p class=\"paragraph text_align_left lp-f-body-02\">Depuis quelques ann\u00e9es, <a href=\"https:\/\/www.leparisien.fr\/culture-loisirs\/cinema\/omar-sy\/\" target=\"_self\" rel=\"nofollow noopener\">Omar Sy alterne durant sa carri\u00e8re<\/a> films fran\u00e7ais et \u00e9trangers. Mais ce n\u2019est pas avec cette production hollywoodienne qu\u2019il va se faire remarquer outre-Atlantique. En effet, quelle d\u00e9ception que cette histoire d\u00e9j\u00e0 vue mille fois, et que le r\u00e9alisateur, l\u2019autrefois talentueux <a href=\"https:\/\/www.leparisien.fr\/culture-loisirs\/cinema\/copshop-sur-amazon-prime-video-ca-defouraille-au-commissariat-15-12-2021-UQ3IBFLXUFE7BGDUW55DYBFLGE.php\" target=\"_blank\" rel=\"noreferrer nofollow noopener\">Joe Carnahan<\/a> (\u00ab Narc \u00bb en 2002, \u00ab Le Territoire des loups \u00bb dix ans plus tard), n\u2019arrive pas \u00e0 transcender. <\/p>\n<p class=\"paragraph text_align_left lp-f-body-02\">Il essaie pourtant le m\u00e9lange \u00e0 la mode entre action et com\u00e9die, mais la tambouille ne prend pas. \u00c0 vrai dire, dans les sc\u00e8nes o\u00f9 <a href=\"https:\/\/www.leparisien.fr\/culture-loisirs\/cinema\/omar-sy\/\" target=\"_blank\" rel=\"noreferrer nofollow noopener\">Omar Sy<\/a> joue avec son fils \u00e0 l\u2019\u00e9cran (le jeune Jahleel Kamara), ce dernier lui vole la vedette, bien plus dr\u00f4le que l\u2019interpr\u00e8te de <a href=\"https:\/\/www.leparisien.fr\/culture-loisirs\/la-partie-3-de-lupin-debarque-sur-netflix-et-si-cetait-la-saison-de-trop-03-10-2023-3P4USXOHJ5H6NKB34QMZGNZOCY.php\" target=\"_blank\" rel=\"noreferrer nofollow noopener\">\u00ab Lupin \u00bb<\/a>. Quant aux sc\u00e8nes de fusillade ou de poursuite, elles sont bizarrement film\u00e9es et d\u00e9coup\u00e9es. <\/p>\n<p class=\"paragraph text_align_left lp-f-body-02\">C\u2019est ainsi qu\u2019on ne voit pratiquement pas la s\u00e9quence o\u00f9 Isaac d\u00e9molit \u00e0 lui tout seul un gang de braqueurs de banque, ses p\u00e9rip\u00e9ties n\u2019\u00e9tant montr\u00e9es que de mani\u00e8re indirecte. Et le film, pourtant en grande partie tourn\u00e9 en Colombie, n\u2019exploite en rien les superbes paysages locaux. Enfin, les chansons, omnipr\u00e9sentes, de <a href=\"https:\/\/www.leparisien.fr\/culture-loisirs\/musique\/on-narrive-pas-a-croire-quil-a-76-ans-lionel-richie-enflamme-bercy-pour-ses-50-ans-de-carriere-27-06-2025-S4RFHA3QAZBKXCKOBRFID5NRJQ.php\" target=\"_blank\" rel=\"noreferrer nofollow noopener\">Lionel Richie<\/a>, ne constituent pas forc\u00e9ment un point fort de l\u2019habillage de l\u2019intrigue&#8230;<\/p>\n<p class=\"paragraph text_align_left lp-f-body-02\">Logique donc que le long-m\u00e9trage, sorti en salles aux \u00c9tats-Unis en mai, ait fait un bide. <a href=\"https:\/\/www.leparisien.fr\/culture-loisirs\/prime-video\/\" target=\"_blank\" rel=\"noreferrer nofollow noopener\">Prime Video<\/a> l\u2019exploite chez nous en streaming \u00e0 partir de ce vendredi 27 juin, pas s\u00fbr que cela fasse remonter sa cote. <\/p>\n<p>La note de la r\u00e9daction :\u00ab Shadow Force \u00bb, <\/p>\n<p>com\u00e9die d\u2019action am\u00e9ricaine de Joe Carnahan, avec Kerry Washington, Omar Sy, Mark Strong, Jahleel Kamara&#8230; 1h44. Sur Prime Video. <\/p>\n","protected":false},"excerpt":{"rendered":"Anciens membres d\u2019une division ultra-secr\u00e8te des forces sp\u00e9ciales am\u00e9ricaines baptis\u00e9e Alpha, Kyrah et Isaac ont enfreint la r\u00e8gle&hellip;\n","protected":false},"author":2,"featured_media":208540,"comment_status":"","ping_status":"","sticky":false,"template":"","format":"standard","meta":{"footnotes":""},"categories":[1354],"tags":[650,872,58,59,1346,1011,27,1360],"class_list":{"0":"post-208539","1":"post","2":"type-post","3":"status-publish","4":"format-standard","5":"has-post-thumbnail","7":"category-films","8":"tag-cinema","9":"tag-culture-et-loisirs","10":"tag-divertissement","11":"tag-entertainment","12":"tag-films","13":"tag-fr","14":"tag-france","15":"tag-movies"},"share_on_mastodon":{"url":"https:\/\/pubeurope.com\/@fr\/114755799918743253","error":""},"_links":{"self":[{"href":"https:\/\/www.europesays.com\/fr\/wp-json\/wp\/v2\/posts\/208539","targetHints":{"allow":["GET"]}}],"collection":[{"href":"https:\/\/www.europesays.com\/fr\/wp-json\/wp\/v2\/posts"}],"about":[{"href":"https:\/\/www.europesays.com\/fr\/wp-json\/wp\/v2\/types\/post"}],"author":[{"embeddable":true,"href":"https:\/\/www.europesays.com\/fr\/wp-json\/wp\/v2\/users\/2"}],"replies":[{"embeddable":true,"href":"https:\/\/www.europesays.com\/fr\/wp-json\/wp\/v2\/comments?post=208539"}],"version-history":[{"count":0,"href":"https:\/\/www.europesays.com\/fr\/wp-json\/wp\/v2\/posts\/208539\/revisions"}],"wp:featuredmedia":[{"embeddable":true,"href":"https:\/\/www.europesays.com\/fr\/wp-json\/wp\/v2\/media\/208540"}],"wp:attachment":[{"href":"https:\/\/www.europesays.com\/fr\/wp-json\/wp\/v2\/media?parent=208539"}],"wp:term":[{"taxonomy":"category","embeddable":true,"href":"https:\/\/www.europesays.com\/fr\/wp-json\/wp\/v2\/categories?post=208539"},{"taxonomy":"post_tag","embeddable":true,"href":"https:\/\/www.europesays.com\/fr\/wp-json\/wp\/v2\/tags?post=208539"}],"curies":[{"name":"wp","href":"https:\/\/api.w.org\/{rel}","templated":true}]}}