{"id":20854,"date":"2025-04-12T23:37:16","date_gmt":"2025-04-12T23:37:16","guid":{"rendered":"https:\/\/www.europesays.com\/fr\/20854\/"},"modified":"2025-04-12T23:37:16","modified_gmt":"2025-04-12T23:37:16","slug":"marko-continue-detre-impressionne-par-un-hadjar-rapide-et-spectaculaire","status":"publish","type":"post","link":"https:\/\/www.europesays.com\/fr\/20854\/","title":{"rendered":"Marko continue d&rsquo;\u00eatre impressionn\u00e9 par un Hadjar \u00ab\u00a0rapide et spectaculaire\u00a0\u00bb"},"content":{"rendered":"<p>Auteur du sixi\u00e8me temps des Essais Libres 2 ce vendredi au Grand Prix de Bahre\u00efn, <a href=\"https:\/\/fr.motorsport.com\/driver\/isack-hadjar\/876622\/\" target=\"_blank\" rel=\"noopener\">Isack Hadjar<\/a>\u00a0(<a href=\"https:\/\/fr.motorsport.com\/team\/racing-bulls-610\/610\/\" target=\"_blank\" rel=\"noopener\">Racing Bulls<\/a>) s&rsquo;est plac\u00e9 pour l&rsquo;entame de ce week-end \u00e0 une position qu&rsquo;il commence \u00e0 bien conna\u00eetre en ce d\u00e9but de saison, \u00e0 savoir celle de \u00ab\u00a0meilleur des autres\u00a0\u00bb, c&rsquo;est-\u00e0-dire le premier pilote en dehors des quatre \u00e9curies de pointe.\u00a0<\/p>\n<p>Bien qu&rsquo;il ne s&rsquo;agisse que du vendredi, le Fran\u00e7ais s&rsquo;est m\u00eame permis de devancer <a href=\"https:\/\/fr.motorsport.com\/driver\/max-verstappen\/93029\/\" target=\"_blank\" rel=\"noopener\">Max Verstappen<\/a>\u00a0(<a href=\"https:\/\/fr.motorsport.com\/team\/red-bull\/553\/\" target=\"_blank\" rel=\"noopener\">Red Bull<\/a>) et <a href=\"https:\/\/fr.motorsport.com\/driver\/lewis-hamilton\/76878\/\" target=\"_blank\" rel=\"noopener\">Lewis Hamilton<\/a>\u00a0(<a href=\"https:\/\/fr.motorsport.com\/team\/ferrari\/615\/\" target=\"_blank\" rel=\"noopener\">Ferrari<\/a>) sur la feuille des temps, tout en repoussant son actuel \u00e9quipier, <a href=\"https:\/\/fr.motorsport.com\/driver\/liam-lawson\/826061\/\" target=\"_blank\" rel=\"noopener\">Liam Lawson<\/a>, \u00e0 une demi-seconde et son ancien \u00e9quipier, <a href=\"https:\/\/fr.motorsport.com\/driver\/yuki-tsunoda\/828578\/\" target=\"_blank\" rel=\"noopener\">Yuki Tsunoda<\/a>\u00a0(d\u00e9sormais chez Red Bull), \u00e0 huit dixi\u00e8mes.\u00a0<\/p>\n<p>Lire aussi :<\/p>\n<p>Interrog\u00e9 sur les performances des monoplaces de l&rsquo;\u00e9curie s\u0153ur, Helmut Marko, conseiller de la marque de boissons \u00e9nergisantes, a surtout mis en avant les performances d&rsquo;Hadjar\u00a0: \u00ab\u00a0Hadjar est une grosse surprise\u00a0\u00bb, a-t-il lanc\u00e9 aupr\u00e8s des m\u00e9dias, dont <strong>Motorsport.com<\/strong>. \u00ab\u00a0Partout o\u00f9 nous allons, il est imm\u00e9diatement dans le rythme et tr\u00e8s spectaculaire, il r\u00e9alise une super performance.\u00a0\u00bb<\/p>\n<p>\u00ab\u00a0Je savais qu&rsquo;il \u00e9tait tr\u00e8s rapide. Il a perdu 80 points en F2 en raison de probl\u00e8mes techniques ou d&rsquo;accidents qui n&rsquo;\u00e9taient pas de sa faute. Il aurait facilement remport\u00e9 le championnat [sans ces probl\u00e8mes]. On savait qu&rsquo;il allait vite, mais le fait qu&rsquo;il soit si r\u00e9gulier et qu&rsquo;il pilote si facilement est une surprise pour nous.\u00a0\u00bb<\/p>\n<p>Hadjar s&rsquo;attend \u00e0 une lutte \u00ab\u00a0\u00e2pre\u00a0\u00bb pour la Q3<br \/>\n   <img decoding=\"async\" draggable=\"false\" src=\"https:\/\/www.europesays.com\/fr\/wp-content\/uploads\/2025\/04\/isack-hadjar-racing-bulls.jpg\" alt=\"Isack Hadjar, Racing Bulls\" width=\"1200\" height=\"800\" loading=\"lazy\"\/> <\/p>\n<p class=\"title\">Isack Hadjar, Racing Bulls<\/p>\n<p class=\"photographer\">Photo de: Clive Mason\/Getty Images<\/p>\n<p>Au sortir de la journ\u00e9e, Hadjar s&rsquo;est en tout cas montr\u00e9, comme \u00e0 son habitude, perfectionniste :\u00a0\u00ab\u00a0Les EL2 ont \u00e9t\u00e9 bons par rapport aux EL1. Les EL1 \u00e9taient juste&#8230; Cela n&rsquo;avait pas de sens avec la difficult\u00e9 de la piste [en conditions diurnes], donc ce n&rsquo;\u00e9tait pas une information fiable je dirais.\u00a0\u00bb <\/p>\n<p>\u00ab\u00a0Les EL2 ont eu plus de sens et oui, pour le rythme sur un tour, nous \u00e9tions \u00e0 nouveau assez forts. Je me sentais bien avec la voiture. Il y a encore de la place pour des am\u00e9liorations parce que c&rsquo;\u00e9tait en fait notre premi\u00e8re vraie s\u00e9ance aujourd&rsquo;hui, donc oui, il y a beaucoup \u00e0 attendre de demain.\u00a0\u00bb<\/p>\n<p>De quoi \u00eatre optimiste et viser \u00e0 nouveau la Q3\u00a0? \u00ab\u00a0Je suis toujours optimiste parce que je vais travailler ce soir et demain. Mais oui, nous sommes assur\u00e9ment dans le match, je dirais, mais la lutte va \u00eatre \u00e2pre.\u00a0\u00bb\u00a0<\/p>\n<p>Derri\u00e8re les <a href=\"https:\/\/fr.motorsport.com\/team\/mclaren\/609\/\" target=\"_blank\" rel=\"noopener\">McLaren<\/a>, qui semblent un cran au-dessus pour le moment, les \u00e9carts sont relativement serr\u00e9s, mais cela ne surprend pas Hadjar\u00a0: \u00ab\u00a0En fait, non, ce n&rsquo;est pas surprenant. C&rsquo;est ce \u00e0 quoi on s&rsquo;attend concernant le milieu de peloton. Je sais que demain, tout sera une question de d\u00e9tails.\u00a0\u00bb<\/p>\n<p style=\"text-align: right;\">Avec Ronald Vording<\/p>\n<p>Lire aussi :<\/p>\n<p>Dans cet article<\/p>\n<p>    Fabien Gaillard\n<\/p>\n<p>    Formule 1\n<\/p>\n<p>    Isack Hadjar\n<\/p>\n<p>    Racing Bulls\n<\/p>\n<p>Soyez le premier inform\u00e9 et souscrivez aux alertes mails pour recevoir les infos en temps r\u00e9el<\/p>\n<p>    S&rsquo;abonner aux alertes de news<\/p>\n","protected":false},"excerpt":{"rendered":"Auteur du sixi\u00e8me temps des Essais Libres 2 ce vendredi au Grand Prix de Bahre\u00efn, Isack Hadjar\u00a0(Racing Bulls)&hellip;\n","protected":false},"author":2,"featured_media":20855,"comment_status":"","ping_status":"","sticky":false,"template":"","format":"standard","meta":{"footnotes":""},"categories":[1412],"tags":[5040,1451,1452,1453,1454,1455,1011,27,5039,2244,2253,60],"class_list":{"0":"post-20854","1":"post","2":"type-post","3":"status-publish","4":"format-standard","5":"has-post-thumbnail","7":"category-f1","8":"tag-bahrain-international-circuit","9":"tag-f1","10":"tag-formula-1","11":"tag-formula1","12":"tag-formule-1","13":"tag-formule1","14":"tag-fr","15":"tag-france","16":"tag-gp-de-bahreu00efn","17":"tag-isack-hadjar","18":"tag-racing-bulls","19":"tag-sports"},"share_on_mastodon":{"url":"https:\/\/pubeurope.com\/@fr\/114327627073988338","error":""},"_links":{"self":[{"href":"https:\/\/www.europesays.com\/fr\/wp-json\/wp\/v2\/posts\/20854","targetHints":{"allow":["GET"]}}],"collection":[{"href":"https:\/\/www.europesays.com\/fr\/wp-json\/wp\/v2\/posts"}],"about":[{"href":"https:\/\/www.europesays.com\/fr\/wp-json\/wp\/v2\/types\/post"}],"author":[{"embeddable":true,"href":"https:\/\/www.europesays.com\/fr\/wp-json\/wp\/v2\/users\/2"}],"replies":[{"embeddable":true,"href":"https:\/\/www.europesays.com\/fr\/wp-json\/wp\/v2\/comments?post=20854"}],"version-history":[{"count":0,"href":"https:\/\/www.europesays.com\/fr\/wp-json\/wp\/v2\/posts\/20854\/revisions"}],"wp:featuredmedia":[{"embeddable":true,"href":"https:\/\/www.europesays.com\/fr\/wp-json\/wp\/v2\/media\/20855"}],"wp:attachment":[{"href":"https:\/\/www.europesays.com\/fr\/wp-json\/wp\/v2\/media?parent=20854"}],"wp:term":[{"taxonomy":"category","embeddable":true,"href":"https:\/\/www.europesays.com\/fr\/wp-json\/wp\/v2\/categories?post=20854"},{"taxonomy":"post_tag","embeddable":true,"href":"https:\/\/www.europesays.com\/fr\/wp-json\/wp\/v2\/tags?post=20854"}],"curies":[{"name":"wp","href":"https:\/\/api.w.org\/{rel}","templated":true}]}}