{"id":208543,"date":"2025-06-27T14:29:10","date_gmt":"2025-06-27T14:29:10","guid":{"rendered":"https:\/\/www.europesays.com\/fr\/208543\/"},"modified":"2025-06-27T14:29:10","modified_gmt":"2025-06-27T14:29:10","slug":"cedric-dupuis-kine-historique-du-club-est-mort-a-49-ans","status":"publish","type":"post","link":"https:\/\/www.europesays.com\/fr\/208543\/","title":{"rendered":"C\u00e9dric Dupuis, kin\u00e9 historique du club, est mort \u00e0 49 ans"},"content":{"rendered":"<p> \u00abC\u2019est avec une profonde tristesse que nous avons appris le d\u00e9c\u00e8s de C\u00e9dric Dupuis, kin\u00e9sith\u00e9rapeute du club.\u00a0\u00bb Dans un communiqu\u00e9 publi\u00e9 ce vendredi, <a href=\"https:\/\/www.20minutes.fr\/sport\/football\/4159977-20250623-direct-psg-seattle-sounders-parisiens-doivent-valider-qualif-stade-chaud-bouillant-suivez-match-20h45\" target=\"_blank\" class=\"color-ultramarine c-link\" rel=\"noopener\">le Paris Saint-Germain<\/a> a annonc\u00e9 le d\u00e9c\u00e8s de l\u2019un de <a href=\"https:\/\/www.20minutes.fr\/sport\/1892311-20160718-ligue-1-salaries-psg-prives-interessement-cause-indemnite-depart-laurent-blanc\" target=\"_blank\" class=\"color-ultramarine c-link\" rel=\"noopener\">ses salari\u00e9s historiques<\/a>, \u00e2g\u00e9 de 49 ans, pr\u00e9sent au club depuis de tr\u00e8s nombreuses ann\u00e9es.<\/p>\n<blockquote class=\"twitter-tweet\" align=\"center\" data-lang=\"fr_FR\">\n<p lang=\"fr\" dir=\"ltr\">C\u2019est avec une profonde tristesse que nous avons appris le d\u00e9c\u00e8s de C\u00e9dric Dupuis, kin\u00e9sith\u00e9rapeute du club.<\/p>\n<p>Toujours souriant, \u00e0 l\u2019\u00e9coute et profond\u00e9ment humain, C\u00e9dric \u00e9tait un professionnel aux mains en or, appr\u00e9ci\u00e9 de tous.<\/p>\n<p>La famille du Paris Saint-Germain adresse ses\u2026 <a href=\"https:\/\/t.co\/CIhAnAQUyM\">pic.twitter.com\/CIhAnAQUyM<\/a><\/p>\n<p>\u2014 Paris Saint-Germain (@PSG_inside) <a href=\"https:\/\/twitter.com\/PSG_inside\/status\/1938562454985875717?ref_src=twsrc%5Etfw\" target=\"_blank\" rel=\"noopener\">June 27, 2025<\/a><\/p><\/blockquote>\n<p class=\"mb-xxl@xs color-ultramarine font-weight-semi-bold@xs font-source-serif-pro heading-s@xs\">L\u2019acc\u00e8s \u00e0 ce contenu a \u00e9t\u00e9 bloqu\u00e9 afin de respecter votre choix de consentement<\/p>\n<p class=\"mb-m@xs text-l@xs\">En cliquant sur\u00ab J\u2019accepte \u00bb, vous acceptez le d\u00e9p\u00f4t de cookies par des services externes et aurez ainsi acc\u00e8s aux contenus de nos partenaires.<\/p>\n<p class=\"mb-xl@xs text-s@xs\">Plus d\u2019informations sur la page<a href=\"https:\/\/www.20minutes.fr\/gestion-cookies\" class=\"mx-xxs@xs color-ultramarine\" target=\"_blank\" rel=\"noopener\">Politique de gestion des cookies<\/a><\/p>\n<p>J\u2019accepte<\/p>\n<p>\u00ab\u00a0Toujours souriant, \u00e0 l\u2019\u00e9coute et profond\u00e9ment humain, C\u00e9dric \u00e9tait un professionnel aux mains en or, appr\u00e9ci\u00e9 de tous. La famille du <a href=\"https:\/\/www.20minutes.fr\/sport\/psg\/\" target=\"_blank\" class=\"color-ultramarine c-link\" rel=\"noopener\">Paris Saint-Germain<\/a> adresse ses pens\u00e9es les plus sinc\u00e8res \u00e0 ses proches en ces moments douloureux\u00a0\u00bb, a \u00e9crit le PSG. C\u00e9dric Dupuis \u00e9tait notamment tr\u00e8s pr\u00e9sent au sein des \u00e9quipes de jeunes.<\/p>\n<\/p>\n<p>A l\u2019annonce du d\u00e9c\u00e8s de C\u00e9dric Dupuis par le compte Instagram <a href=\"https:\/\/www.instagram.com\/p\/DLU3uZDKAR-\/\" rel=\"nofollow noopener\" target=\"_blank\" class=\"color-ultramarine c-link\">\u00ab\u00a0LesTitisDuPSG\u00a0\u00bb<\/a>, qui \u00e9voque l\u2019actualit\u00e9 des \u00e9quipes de jeunes du PSG, de nombreux anciens joueurs pass\u00e9s par le centre de formation du club de la capitale ont gliss\u00e9 un petit mot \u00e0 l\u2019attention de l\u2019ancien kin\u00e9, \u00e0 l\u2019image de Mamadou Sakho, Jean-K\u00e9vin Augustin, Arnaud Kalimuendo, Odsonne Edouard ou Adrien Rabiot. \u00ab\u00a0Que son \u00e2me repose en paix\u00a0\u00bb, a \u00e9crit le d\u00e9sormais <a href=\"https:\/\/www.20minutes.fr\/sport\/football\/ligue-1\/4143808-20250316-psg-om-rabiot-insulte-chants-homophobes-rien-change-classique-malheureusement\" target=\"_blank\" class=\"color-ultramarine c-link\" rel=\"noopener\">milieu de terrain de l\u2019OM<\/a>.<\/p>\n<p><script async src=\"https:\/\/platform.twitter.com\/widgets.js\" charset=\"utf-8\"><\/script><script async src=\"\/\/www.instagram.com\/embed.js\"><\/script><\/p>\n","protected":false},"excerpt":{"rendered":"\u00abC\u2019est avec une profonde tristesse que nous avons appris le d\u00e9c\u00e8s de C\u00e9dric Dupuis, kin\u00e9sith\u00e9rapeute du club.\u00a0\u00bb Dans&hellip;\n","protected":false},"author":2,"featured_media":208544,"comment_status":"","ping_status":"","sticky":false,"template":"","format":"standard","meta":{"footnotes":""},"categories":[9],"tags":[3983,63,1011,27,66,2332,517,60],"class_list":{"0":"post-208543","1":"post","2":"type-post","3":"status-publish","4":"format-standard","5":"has-post-thumbnail","7":"category-sports","8":"tag-deces","9":"tag-football","10":"tag-fr","11":"tag-france","12":"tag-ligue-1","13":"tag-paris-saint-germain-psg","14":"tag-sport","15":"tag-sports"},"share_on_mastodon":{"url":"https:\/\/pubeurope.com\/@fr\/114755807892791898","error":""},"_links":{"self":[{"href":"https:\/\/www.europesays.com\/fr\/wp-json\/wp\/v2\/posts\/208543","targetHints":{"allow":["GET"]}}],"collection":[{"href":"https:\/\/www.europesays.com\/fr\/wp-json\/wp\/v2\/posts"}],"about":[{"href":"https:\/\/www.europesays.com\/fr\/wp-json\/wp\/v2\/types\/post"}],"author":[{"embeddable":true,"href":"https:\/\/www.europesays.com\/fr\/wp-json\/wp\/v2\/users\/2"}],"replies":[{"embeddable":true,"href":"https:\/\/www.europesays.com\/fr\/wp-json\/wp\/v2\/comments?post=208543"}],"version-history":[{"count":0,"href":"https:\/\/www.europesays.com\/fr\/wp-json\/wp\/v2\/posts\/208543\/revisions"}],"wp:featuredmedia":[{"embeddable":true,"href":"https:\/\/www.europesays.com\/fr\/wp-json\/wp\/v2\/media\/208544"}],"wp:attachment":[{"href":"https:\/\/www.europesays.com\/fr\/wp-json\/wp\/v2\/media?parent=208543"}],"wp:term":[{"taxonomy":"category","embeddable":true,"href":"https:\/\/www.europesays.com\/fr\/wp-json\/wp\/v2\/categories?post=208543"},{"taxonomy":"post_tag","embeddable":true,"href":"https:\/\/www.europesays.com\/fr\/wp-json\/wp\/v2\/tags?post=208543"}],"curies":[{"name":"wp","href":"https:\/\/api.w.org\/{rel}","templated":true}]}}