{"id":208549,"date":"2025-06-27T14:34:12","date_gmt":"2025-06-27T14:34:12","guid":{"rendered":"https:\/\/www.europesays.com\/fr\/208549\/"},"modified":"2025-06-27T14:34:12","modified_gmt":"2025-06-27T14:34:12","slug":"les-mini-credits-et-les-paiements-fractionnes-alimentent-le-surendettement-dapres-la-banque-de-france","status":"publish","type":"post","link":"https:\/\/www.europesays.com\/fr\/208549\/","title":{"rendered":"Les mini-cr\u00e9dits et les paiements fractionn\u00e9s alimentent le surendettement, d\u2019apr\u00e8s la Banque de France"},"content":{"rendered":"<p class=\"fig-paragraph\">Les mini-cr\u00e9dits, pr\u00eats de quelques centaines d&rsquo;euros, et les paiements en plusieurs fois, commercialis\u00e9s par des acteurs du cr\u00e9dit \u00e0 la consommation, entra\u00eenent de plus en plus de Fran\u00e7ais dans le surendettement, affirme vendredi la Banque de France.<\/p>\n<p class=\"fig-paragraph\">En 2024, 17% des dossiers de surendettement pr\u00e9sentent un paiement fractionn\u00e9 ou un mini-cr\u00e9dit, selon les donn\u00e9es du rapport annuel de l&rsquo;Observatoire de l&rsquo;inclusion bancaire (OIB), un organisme tripartite &#8211; banques, secteur associatifs, pouvoir public &#8211; cr\u00e9\u00e9 en 2013.<\/p>\n<p class=\"fig-paragraph\">C&rsquo;\u00e9tait 1% en 2022 et 7% en 2023. \u00abNous sommes attentifs \u00e0 un certain nombre de nouveaux produits, par exemple les mini-cr\u00e9dits ou les paiements fractionn\u00e9s\u00bb qui \u00abpeuvent faire peser des risques accrus sur les publics fragiles\u00bb, a d\u00e9clar\u00e9 lors d&rsquo;une conf\u00e9rence de presse le gouverneur de la Banque de France Fran\u00e7ois Villeroy de Galhau,<\/p>\n<p class=\"fig-paragraph\">Les paiements fractionn\u00e9s, aussi appel\u00e9s \u00abtrois fois sans frais\u00bb ou BNPL (pour \u00abbuy now pay later\u00bb, en fran\u00e7ais \u00abachetez maintenant payez plus tard\u00bb) repr\u00e9sentaient l&rsquo;an dernier 8,2 milliards d&rsquo;euros, soit 12,1% des cr\u00e9dits \u00e0 la consommation (hors d\u00e9couverts).<\/p>\n<p>Les cr\u00e9dits \u00e0 la consommation en premi\u00e8re ligne<\/p>\n<p class=\"fig-paragraph\">Les mini-cr\u00e9dits prennent souvent la forme de montants limit\u00e9s, de quelques centaines d&rsquo;euros, propos\u00e9s facilement, parfois par SMS, \u00e0 une client\u00e8le jeune. Le surendettement a fortement augment\u00e9 en France l&rsquo;an dernier, et est encore orient\u00e9 \u00e0 la hausse cette ann\u00e9e, avec +6% sur les cinq premiers mois de 2025.<\/p>\n<p class=\"fig-paragraph\">L&rsquo;inflation, aujourd&rsquo;hui contenue, a pu avoir des \u00abeffets diff\u00e9r\u00e9s sur un certain nombre de m\u00e9nages en situation difficile\u00bb, a soulign\u00e9 Fran\u00e7ois Villeroy de Galhau. Le nombre de personnes surendett\u00e9es approche les 500.000, un total cependant en baisse ces dix derni\u00e8res ann\u00e9es. La Banque de France comptabilise \u00e9galement pr\u00e8s de 4,6 millions de personnes en situation de fragilit\u00e9 financi\u00e8re.<\/p>\n<p class=\"fig-paragraph\">Ils r\u00e8glent en moyenne 201 euros par an\u00a0<a href=\"http:\/\/www.lefigaro.fr\/argent\/frais-bancaires-apres-un-deces-le-parlement-supprime-la-taxe-sur-le-deuil-20250516\" data-fig-type=\"Article\" data-gtm-custom-categorie=\"navigation\" data-gtm-custom-action=\"crossclick\" data-gtm-custom-label=\"Contextuel\" data-gtm-event=\"customEventSPE\" data-fig-domain=\"LEFIGARO\" target=\"_blank\" rel=\"noopener\">de frais bancaires<\/a>, dont plus de la moiti\u00e9 (108 euros) est li\u00e9e aux frais d&rsquo;incidents, selon la Banque de France. \u00c0 peine un quart acceptent de souscrire \u00e0 l&rsquo;offre sp\u00e9cifique \u00e0 destination des populations en situation de fragilit\u00e9 financi\u00e8re (OCF), que les banques doivent obligatoirement proposer aux personnes \u00e9ligibles.<\/p>\n<p class=\"fig-paragraph\">Les cr\u00e9dits \u00e0 la consommation (pr\u00eats personnels, cr\u00e9dits renouvelables, cr\u00e9dits affect\u00e9s, locations avec option d&rsquo;achat, paiements fractionn\u00e9s et les minicr\u00e9dits) repr\u00e9sentent aussi les trois quarts des incidents de paiement, selon la Banque de France. Ils sont commercialis\u00e9s par des start-up comme Alma ou Younited et des acteurs install\u00e9s comme Cofidis (Cr\u00e9dit Mutuel) ou Cetelem (BNP Paribas).<\/p>\n","protected":false},"excerpt":{"rendered":"Les mini-cr\u00e9dits, pr\u00eats de quelques centaines d&rsquo;euros, et les paiements en plusieurs fois, commercialis\u00e9s par des acteurs du&hellip;\n","protected":false},"author":2,"featured_media":208550,"comment_status":"","ping_status":"","sticky":false,"template":"","format":"standard","meta":{"footnotes":""},"categories":[6],"tags":[1111,47,11,1117,24240,1109,35,11662,1112,6327,636,33,34,341,257,632,1108,107,1106,1107,1119,1011,27,1116,1110,1114,500,12,1113,1118,137,401,1115],"class_list":{"0":"post-208549","1":"post","2":"type-post","3":"status-publish","4":"format-standard","5":"has-post-thumbnail","7":"category-economie","8":"tag-actu","9":"tag-actualite","10":"tag-actualites","11":"tag-assurance","12":"tag-banque-de-france","13":"tag-breves","14":"tag-business","15":"tag-credit","16":"tag-depeches","17":"tag-dette","18":"tag-devises","19":"tag-economie","20":"tag-economy","21":"tag-emploi","22":"tag-entreprise","23":"tag-fcp","24":"tag-fil","25":"tag-fil-info","26":"tag-flash","27":"tag-flash-actu","28":"tag-formation","29":"tag-fr","30":"tag-france","31":"tag-immobilier","32":"tag-informations","33":"tag-infos","34":"tag-medias","35":"tag-news","36":"tag-nouvelles","37":"tag-placement","38":"tag-retraite","39":"tag-sicav","40":"tag-taux"},"share_on_mastodon":{"url":"https:\/\/pubeurope.com\/@fr\/114755827675902246","error":""},"_links":{"self":[{"href":"https:\/\/www.europesays.com\/fr\/wp-json\/wp\/v2\/posts\/208549","targetHints":{"allow":["GET"]}}],"collection":[{"href":"https:\/\/www.europesays.com\/fr\/wp-json\/wp\/v2\/posts"}],"about":[{"href":"https:\/\/www.europesays.com\/fr\/wp-json\/wp\/v2\/types\/post"}],"author":[{"embeddable":true,"href":"https:\/\/www.europesays.com\/fr\/wp-json\/wp\/v2\/users\/2"}],"replies":[{"embeddable":true,"href":"https:\/\/www.europesays.com\/fr\/wp-json\/wp\/v2\/comments?post=208549"}],"version-history":[{"count":0,"href":"https:\/\/www.europesays.com\/fr\/wp-json\/wp\/v2\/posts\/208549\/revisions"}],"wp:featuredmedia":[{"embeddable":true,"href":"https:\/\/www.europesays.com\/fr\/wp-json\/wp\/v2\/media\/208550"}],"wp:attachment":[{"href":"https:\/\/www.europesays.com\/fr\/wp-json\/wp\/v2\/media?parent=208549"}],"wp:term":[{"taxonomy":"category","embeddable":true,"href":"https:\/\/www.europesays.com\/fr\/wp-json\/wp\/v2\/categories?post=208549"},{"taxonomy":"post_tag","embeddable":true,"href":"https:\/\/www.europesays.com\/fr\/wp-json\/wp\/v2\/tags?post=208549"}],"curies":[{"name":"wp","href":"https:\/\/api.w.org\/{rel}","templated":true}]}}