{"id":208551,"date":"2025-06-27T14:35:11","date_gmt":"2025-06-27T14:35:11","guid":{"rendered":"https:\/\/www.europesays.com\/fr\/208551\/"},"modified":"2025-06-27T14:35:11","modified_gmt":"2025-06-27T14:35:11","slug":"il-part-en-montagne-avec-un-short-et-des-baskets-un-homme-secouru-en-pleine-nuit-a-3-200-m-daltitude","status":"publish","type":"post","link":"https:\/\/www.europesays.com\/fr\/208551\/","title":{"rendered":"Il part en montagne avec un short et des baskets\u2026 Un homme secouru en pleine nuit \u00e0 3.200 m d\u2019altitude"},"content":{"rendered":"<p>Il l\u2019a \u00e9chapp\u00e9 belle. Un randonneur mal \u00e9quip\u00e9 a \u00e9t\u00e9 secouru dans la nuit de mercredi \u00e0\u00a0jeudi par le Secours alpin italien (CNSAS). Selon\u00a0le <a href=\"https:\/\/corrieredellaltoadige.corriere.it\/notizie\/cronaca\/25_maggio_17\/elisoccorso-alto-adige-bonamico-e-il-nuovo-presidente-nel-2024-effettuati-2-700-interventi-picco-nei-mesi-con-piu-turisti-649f2105-52a1-48ac-8f6d-cbdd6de1exlk.shtml\" rel=\"nofollow noopener\" target=\"_blank\" class=\"color-ultramarine c-link\">Corriere Dell\u2019Alto Adige<\/a>, l\u2019homme se trouvait en grande difficult\u00e9 \u00e0 plus de 3.200 m\u00a0dans la r\u00e9gion de Palla Bianca, dans les Alpes de V\u00e9n\u00e9tie.<\/p>\n<p>Un short et des baskets<\/p>\n<p>Selon nos confr\u00e8res, l\u2019alerte avait \u00e9t\u00e9 lanc\u00e9e vers 22h15.\u00a0Surpris par un froid extr\u00eame, le randonneur se trouvait en \u00e9tat d\u2019hypothermie, \u00e9puis\u00e9, sans batterie sur son <a href=\"https:\/\/www.20minutes.fr\/dossier\/telephone\" class=\"color-ultramarine c-link\" target=\"_blank\" rel=\"noopener\">t\u00e9l\u00e9phone<\/a> et incapable de bouger. Malgr\u00e9 l\u2019altitude et les conditions, il ne portait qu\u2019un short et des baskets\u00a0: un \u00e9quipement totalement inadapt\u00e9, selon les sauveteurs.<\/p>\n<p>Les recherches, men\u00e9es notamment par <a href=\"https:\/\/www.20minutes.fr\/monde\/drone\/\" class=\"color-ultramarine c-link\" target=\"_blank\" rel=\"noopener\">drone<\/a>, ont dur\u00e9 plusieurs heures. Selon nos confr\u00e8res, c\u2019est finalement l\u2019h\u00e9licopt\u00e8re des secours qui a r\u00e9ussi \u00e0\u00a0localiser la victime. H\u00e9litreuill\u00e9e vers 3h50 du matin, elle\u00a0a \u00e9t\u00e9 transf\u00e9r\u00e9e en urgence \u00e0 l\u2019<a href=\"https:\/\/www.20minutes.fr\/dossier\/hopital\" class=\"color-ultramarine c-link\" target=\"_blank\" rel=\"noopener\">h\u00f4pital<\/a> de Silandro, o\u00f9 son \u00e9tat a \u00e9t\u00e9 stabilis\u00e9.<\/p>\n<p>Adopter un \u00e9quipement ad\u00e9quat<\/p>\n<p>\u00ab\u00a0M\u00eame en \u00e9t\u00e9, \u00e0 certaines altitudes, on peut rencontrer des n\u00e9v\u00e9s et les temp\u00e9ratures nocturnes peuvent chuter consid\u00e9rablement, a rappel\u00e9 le\u00a0CNSAS.\u00a0Une planification minutieuse de l\u2019excursion et un \u00e9quipement ad\u00e9quat sont essentiels pour la s\u00e9curit\u00e9.\u00a0\u00bb<\/p>\n<\/p>\n<p>Ce type d\u2019intervention n\u2019est pas isol\u00e9. D\u00e9but mai, deux randonneurs avaient d\u00e9j\u00e0 \u00e9t\u00e9 secourus en hypothermie sur le pic Ifinger, \u00e0 2.500 m d\u2019altitude. L\u2019un d\u2019eux ne portait qu\u2019un short. Ils avaient \u00e9t\u00e9 r\u00e9chauff\u00e9s par les <a href=\"https:\/\/www.20minutes.fr\/dossier\/secourisme\" class=\"color-ultramarine c-link\" target=\"_blank\" rel=\"noopener\">secouristes<\/a> avant d\u2019\u00eatre ramen\u00e9s \u00e0 leur v\u00e9hicule.<\/p>\n","protected":false},"excerpt":{"rendered":"Il l\u2019a \u00e9chapp\u00e9 belle. Un randonneur mal \u00e9quip\u00e9 a \u00e9t\u00e9 secouru dans la nuit de mercredi \u00e0\u00a0jeudi par&hellip;\n","protected":false},"author":2,"featured_media":208552,"comment_status":"","ping_status":"","sticky":false,"template":"","format":"standard","meta":{"footnotes":""},"categories":[5],"tags":[47,11,7733,118,1011,27,14,452,74,12,7553,28],"class_list":{"0":"post-208551","1":"post","2":"type-post","3":"status-publish","4":"format-standard","5":"has-post-thumbnail","7":"category-international","8":"tag-actualite","9":"tag-actualites","10":"tag-alpes","11":"tag-faits-divers","12":"tag-fr","13":"tag-france","14":"tag-international","15":"tag-italie","16":"tag-monde","17":"tag-news","18":"tag-randonnee","19":"tag-world"},"share_on_mastodon":{"url":"https:\/\/pubeurope.com\/@fr\/114755831336184045","error":""},"_links":{"self":[{"href":"https:\/\/www.europesays.com\/fr\/wp-json\/wp\/v2\/posts\/208551","targetHints":{"allow":["GET"]}}],"collection":[{"href":"https:\/\/www.europesays.com\/fr\/wp-json\/wp\/v2\/posts"}],"about":[{"href":"https:\/\/www.europesays.com\/fr\/wp-json\/wp\/v2\/types\/post"}],"author":[{"embeddable":true,"href":"https:\/\/www.europesays.com\/fr\/wp-json\/wp\/v2\/users\/2"}],"replies":[{"embeddable":true,"href":"https:\/\/www.europesays.com\/fr\/wp-json\/wp\/v2\/comments?post=208551"}],"version-history":[{"count":0,"href":"https:\/\/www.europesays.com\/fr\/wp-json\/wp\/v2\/posts\/208551\/revisions"}],"wp:featuredmedia":[{"embeddable":true,"href":"https:\/\/www.europesays.com\/fr\/wp-json\/wp\/v2\/media\/208552"}],"wp:attachment":[{"href":"https:\/\/www.europesays.com\/fr\/wp-json\/wp\/v2\/media?parent=208551"}],"wp:term":[{"taxonomy":"category","embeddable":true,"href":"https:\/\/www.europesays.com\/fr\/wp-json\/wp\/v2\/categories?post=208551"},{"taxonomy":"post_tag","embeddable":true,"href":"https:\/\/www.europesays.com\/fr\/wp-json\/wp\/v2\/tags?post=208551"}],"curies":[{"name":"wp","href":"https:\/\/api.w.org\/{rel}","templated":true}]}}