{"id":208553,"date":"2025-06-27T14:36:12","date_gmt":"2025-06-27T14:36:12","guid":{"rendered":"https:\/\/www.europesays.com\/fr\/208553\/"},"modified":"2025-06-27T14:36:12","modified_gmt":"2025-06-27T14:36:12","slug":"voici-la-carte-des-zones-ou-des-generalistes-vont-venir-en-renfort","status":"publish","type":"post","link":"https:\/\/www.europesays.com\/fr\/208553\/","title":{"rendered":"voici la carte des zones o\u00f9 des g\u00e9n\u00e9ralistes vont venir en renfort"},"content":{"rendered":"<p>        <img decoding=\"async\" loading=\"lazy\" src=\"https:\/\/www.europesays.com\/fr\/wp-content\/uploads\/2025\/06\/3a3f875_1683709972736-gettyimages-1363068310.jpg\"  width=\"728\" height=\"409\" alt=\"D\u00e9serts m\u00e9dicaux\u00a0: pourquoi les m\u00e9decins et internes font gr\u00e8ve \u00e0 partir de ce lundi\"\/>  <\/p>\n<p>jose carlos cerdeno martinez \/ Getty Images<\/p>\n<p>D\u00e9serts m\u00e9dicaux\u00a0: pourquoi les m\u00e9decins et internes font gr\u00e8ve \u00e0 partir de ce lundi<\/p>\n<p class=\"asset asset-text\">SANTE &#8211; Le gouvernement a un plan <a href=\"https:\/\/www.huffingtonpost.fr\/politique\/article\/bayrou-a-un-plan-pour-tarir-les-deserts-medicaux-sans-braquer-les-soignants-mais-c-est-la-derniere-chance_249191.html\" rel=\"nofollow noopener\" target=\"_blank\">pour lutter contre les d\u00e9serts m\u00e9dicaux<\/a>, et m\u00eame une carte. Le ministre de la Sant\u00e9 Yannick Neuder a d\u00e9voil\u00e9 ce vendredi 27\u00a0juin la cartographie des zones qui vont b\u00e9n\u00e9ficier, d\u00e8s septembre, du soutien de<a href=\"https:\/\/www.huffingtonpost.fr\/france\/article\/deserts-medicaux-pourquoi-les-medecins-et-internes-font-greve-a-partir-de-ce-lundi_249326.html\" rel=\"nofollow noopener\" target=\"_blank\"> m\u00e9decins g\u00e9n\u00e9ralistes<\/a>, jusqu\u2019\u00e0 deux jours par mois.<\/p>\n<p class=\"asset asset-text\">Avec cette carte, qui identifie 151 intercommunalit\u00e9s prioritaires pour l\u2019acc\u00e8s aux soins, \u00ab\u00a0on ne r\u00e8gle pas les\u00a0d\u00e9serts\u00a0m\u00e9dicaux\u00a0\u00bb puisqu\u2019ils concernent \u00ab\u00a087\u00a0% du pays\u00a0\u00bb mais \u00ab\u00a0c\u2019est une premi\u00e8re \u00e9tape\u00a0\u00bb qui va b\u00e9n\u00e9ficier \u00e0 environ 2\u00a0millions de patients, a pr\u00e9cis\u00e9 le ministre interrog\u00e9 sur BFMTV.<\/p>\n<p class=\"asset asset-text\">L\u2019identification de ces <a href=\"https:\/\/www.huffingtonpost.fr\/life\/article\/fin-de-vie-l-acces-aux-soins-palliatifs-un-parcours-seme-d-embuches-dans-les-deserts-medicaux-clx1_215939.html\" rel=\"nofollow noopener\" target=\"_blank\">zones prioritaires<\/a>, <strong>que vous pouvez voir en rouge sur la carte ci-dessous<\/strong>, constitue une premi\u00e8re \u00e9tape importante. On peut notamment voir une forte concentration dans le centre du pays, du quart sud-ouest au quart nord-est, soit le trac\u00e9 de la fameuse \u00ab\u00a0diagonale du vide\u00a0\u00bb. Sans oublier les Outre-mer, o\u00f9 la Guyane est presque int\u00e9gralement recens\u00e9e comme une zone prioritaire.<\/p>\n<p>         <img decoding=\"async\" loading=\"lazy\" src=\"https:\/\/www.europesays.com\/fr\/wp-content\/uploads\/2025\/06\/938359f_upload-1-nhwh02ds3jfo-unnamed-1.png\"  width=\"728\" height=\"693\" alt=\"D\u00e9serts m\u00e9dicaux\u00a0: voici la carte des o\u00f9 des g\u00e9n\u00e9ralistes vont venir en renfort\"\/>   <\/p>\n<p>D\u00e9serts m\u00e9dicaux\u00a0: voici la carte des o\u00f9 des g\u00e9n\u00e9ralistes vont venir en renfort<\/p>\n<p class=\"asset asset-text\">Ce d\u00e9coupage est le fruit d\u2019un travail \u00ab\u00a0r\u00e9alis\u00e9 avec les pr\u00e9fets, les agences r\u00e9gionales de sant\u00e9, les \u00e9lus locaux, et \u00e9galement les professionnels de sant\u00e9, pour identifier les secteurs particuli\u00e8rement d\u00e9sertiques\u00a0\u00bb, a d\u00e9taill\u00e9 Yannick Neuder.<\/p>\n<p> La lecture de ce contenu est susceptible d\u2019entra\u00eener un d\u00e9p\u00f4t de cookies de la part de l\u2019op\u00e9rateur tiers qui l\u2019h\u00e9berge. Compte-tenu des choix que vous avez exprim\u00e9s en mati\u00e8re de d\u00e9p\u00f4t de cookies, nous avons bloqu\u00e9 l\u2019affichage de ce contenu. Si vous souhaitez y acc\u00e9der, vous devez accepter la cat\u00e9gorie de cookies \u201cContenus tiers\u201d en cliquant sur le bouton ci-dessous. <\/p>\n<p> Lire la Vid\u00e9o        <\/p>\n<p class=\"asset asset-text\">Il permet, selon lui, d\u2019\u00ab\u00a0identifier et de provoquer sur ces territoires-l\u00e0 une solidarit\u00e9 collective, un engagement collectif au 1er\u00a0septembre\u00a0\u00bb.<\/p>\n<p>    Une \u00ab\u00a0mission de solidarit\u00e9 territoriale obligatoire\u00a0\u00bb    <\/p>\n<p class=\"asset asset-text\">Le 25\u00a0avril, une mesure gouvernementale a \u00e9t\u00e9 adopt\u00e9e pour instaurer une \u00ab\u00a0mission de solidarit\u00e9 territoriale obligatoire\u00a0\u00bb, revenant \u00e0 imposer \u00e0 tous les m\u00e9decins exer\u00e7ant en zone bien pourvue de se \u00ab\u00a0projeter\u00a0\u00bb dans les zones prioritaires, jusqu\u2019\u00e0 deux jours par mois.<\/p>\n<p class=\"asset asset-text\">\u00ab\u00a0On va inciter les m\u00e9decins, et apr\u00e8s, il faut roder aussi le syst\u00e8me, trouver les lieux, ces maisons m\u00e9dicales, ces bureaux qui sont disponibles pour accueillir les patients\u00a0\u00bb, a indiqu\u00e9 Yannick Neuder. Ces cartes permettent aussi de \u00ab\u00a0travailler les lieux o\u00f9 vont pouvoir s\u2019installer 3\u00a0700 docteurs juniors, des m\u00e9decins nouveaux\u00a0\u00bb qui n\u2019arriveront \u00ab\u00a0qu\u2019en novembre\u00a02026\u00a0\u00bb.<\/p>\n<p class=\"asset asset-text\">\u00ab\u00a0Cette cartographie \u00e9tait indispensable [\u2026] Trop souvent, l\u2019acc\u00e8s aux soins pour les Fran\u00e7ais se heurte \u00e0 des d\u00e9lais inacceptables, \u00e0 des distances infranchissables, \u00e0 des d\u00e9couragements silencieux\u00a0\u00bb, a d\u00e9clar\u00e9 Catherine Vautrin, ministre du Travail, de la Sant\u00e9, des Solidarit\u00e9s et des Familles dans un communiqu\u00e9 ce vendredi. Et de poursuivre\u00a0: \u00ab\u00a0Cette r\u00e9alit\u00e9, je l\u2019ai v\u00e9cue comme m\u00e9decin, je veux la r\u00e9soudre aujourd\u2019hui comme ministre.\u00a0\u00bb<\/p>\n<p class=\"asset asset-text\">Face \u00e0 la p\u00e9nurie de m\u00e9decins, une r\u00e9forme de l\u2019acc\u00e8s en deuxi\u00e8me ann\u00e9e de m\u00e9decine a \u00e9t\u00e9 adopt\u00e9e le 18\u00a0juin pour permettre de former plus de professionnels. Le gouvernement entend aussi \u00ab\u00a0r\u00e9cup\u00e9rer les \u00e9tudiants fran\u00e7ais qui sont partis \u00e0 l\u2019\u00e9tranger, en Roumanie, en Espagne\u00a0\u00bb pour leur cursus, a rappel\u00e9 Yannick Neuder, pr\u00e9voyant ainsi \u00ab\u00a0plus 20\u00a0% de m\u00e9decins d\u2019ici 2027, soit pr\u00e8s de 50\u00a0000 m\u00e9decins\u00a0\u00bb.<\/p>\n","protected":false},"excerpt":{"rendered":"jose carlos cerdeno martinez \/ Getty Images D\u00e9serts m\u00e9dicaux\u00a0: pourquoi les m\u00e9decins et internes font gr\u00e8ve \u00e0 partir&hellip;\n","protected":false},"author":2,"featured_media":208554,"comment_status":"","ping_status":"","sticky":false,"template":"","format":"standard","meta":{"footnotes":""},"categories":[4],"tags":[11,34757,1011,27,6339,12,316,25,71],"class_list":{"0":"post-208553","1":"post","2":"type-post","3":"status-publish","4":"format-standard","5":"has-post-thumbnail","7":"category-france","8":"tag-actualites","9":"tag-deserts-medicaux","10":"tag-fr","11":"tag-france","12":"tag-medecin","13":"tag-news","14":"tag-politique","15":"tag-republique-francaise","16":"tag-sante"},"share_on_mastodon":{"url":"https:\/\/pubeurope.com\/@fr\/114755835326030071","error":""},"_links":{"self":[{"href":"https:\/\/www.europesays.com\/fr\/wp-json\/wp\/v2\/posts\/208553","targetHints":{"allow":["GET"]}}],"collection":[{"href":"https:\/\/www.europesays.com\/fr\/wp-json\/wp\/v2\/posts"}],"about":[{"href":"https:\/\/www.europesays.com\/fr\/wp-json\/wp\/v2\/types\/post"}],"author":[{"embeddable":true,"href":"https:\/\/www.europesays.com\/fr\/wp-json\/wp\/v2\/users\/2"}],"replies":[{"embeddable":true,"href":"https:\/\/www.europesays.com\/fr\/wp-json\/wp\/v2\/comments?post=208553"}],"version-history":[{"count":0,"href":"https:\/\/www.europesays.com\/fr\/wp-json\/wp\/v2\/posts\/208553\/revisions"}],"wp:featuredmedia":[{"embeddable":true,"href":"https:\/\/www.europesays.com\/fr\/wp-json\/wp\/v2\/media\/208554"}],"wp:attachment":[{"href":"https:\/\/www.europesays.com\/fr\/wp-json\/wp\/v2\/media?parent=208553"}],"wp:term":[{"taxonomy":"category","embeddable":true,"href":"https:\/\/www.europesays.com\/fr\/wp-json\/wp\/v2\/categories?post=208553"},{"taxonomy":"post_tag","embeddable":true,"href":"https:\/\/www.europesays.com\/fr\/wp-json\/wp\/v2\/tags?post=208553"}],"curies":[{"name":"wp","href":"https:\/\/api.w.org\/{rel}","templated":true}]}}