{"id":208555,"date":"2025-06-27T14:37:10","date_gmt":"2025-06-27T14:37:10","guid":{"rendered":"https:\/\/www.europesays.com\/fr\/208555\/"},"modified":"2025-06-27T14:37:10","modified_gmt":"2025-06-27T14:37:10","slug":"le-psg-en-deuil-apres-la-mort-de-lun-de-ses-kinesitherapeutes-lequipe","status":"publish","type":"post","link":"https:\/\/www.europesays.com\/fr\/208555\/","title":{"rendered":"Le PSG en deuil apr\u00e8s la mort de l&#039;un de ses kin\u00e9sith\u00e9rapeutes &#8211; L&#039;\u00c9quipe"},"content":{"rendered":"<ol>\n<li><a href=\"https:\/\/news.google.com\/rss\/articles\/CBMiswFBVV95cUxQWW9lako5VTRUN3B3UW55Yi1WLUtoNmtQU1JjbnFoVG13ZFJfUUtGTnBVbzk1UF8tdF81LWdfaEU5TXNQRk5Pbzl2Ry1GZjh0RnBTaFplWGs1M3R4SlhvMl9UczJQbzctOS1XdWtla0UyNmE4Ty02VlFZNzNKME1SOWhYWTVwdEdqM1V2eXZNbjFSZy1YUGZyTm03UFdHZmFfWTJpVE5YS3NjMHFUbFpkcEtwZw?oc=5\" target=\"_blank\" rel=\"noopener\">Le PSG en deuil apr\u00e8s la mort de l&rsquo;un de ses kin\u00e9sith\u00e9rapeutes<\/a>&nbsp;&nbsp;L&rsquo;\u00c9quipe<\/li>\n<li><a href=\"https:\/\/news.google.com\/rss\/articles\/CBMirwFBVV95cUxOVEU5ODkyRGFyaXBvWkRiRVRvUVVBb0VmdlRjdE5QR1g0OHdOY0dfOE0zTEo1S2xGell3V1NUWUdSRUhaLUdydy1zQW5pYVpvamR4UlYzejhwTWpZTXJEQkZUNERuZWFnLUtRcjNSZ1gtUTEyMTBGYkMwazJJYjltNS1WVl9PRHlXZ184SUsyVFpua1I2NUZEb1VkX1BVRWFnTE5RSFFfcEZkSlJvemZv?oc=5\" target=\"_blank\" rel=\"noopener\">C\u00e9dric Dupuis, kin\u00e9 historique du PSG, est mort \u00e0 49 ans<\/a>&nbsp;&nbsp;20 Minutes<\/li>\n<li><a href=\"https:\/\/news.google.com\/rss\/articles\/CBMi2wFBVV95cUxPNXRWOU05THhXTnNKcE5Rcjd3TUNFdDJ0UHpNQmZleHNoVFZ0UHpPQjNPSk5DVlFLQjFSV1p0TWg3eHZmOG1jY1VFUHBzNkhVNi1yb1Via3hvU0o3cWxITFloTWwta3VfYVlXWF9JeHM2MFVlWFlFREI3Z0o0Szc5N05nbGJVYUF0VTZVZUJQUTdVVUYxLUtTbENINGk3ZnZJOExSUTlvd2ZQTV9jVl9PWWZDRlRnMXE3RFN0LWc0LURXcWwzQkc2cGZrQTkzX0RlQjFoek1RbThsUVE?oc=5\" target=\"_blank\" rel=\"noopener\">Le PSG endeuill\u00e9 par la mort d&rsquo;un salari\u00e9 historique du club<\/a>&nbsp;&nbsp;RMC Sport<\/li>\n<li><a href=\"https:\/\/news.google.com\/rss\/articles\/CBMigAFBVV95cUxNbk9raFhXb0NpZFdrQlhKYmp1ZEtsZGZ2WTl6clVRUVZrNlNNQU4xUmNxQ1dla2FCb0dSQ3RDQUMyWjJIMkJ5TndNODFKRURybkRfWU9LdGFueFFUbnFudEpUNjhGcW5xLXQ4SVRieXR0OUYxNTY4dEF3bVdfc3NjRg?oc=5\" target=\"_blank\" rel=\"noopener\">Le PSG touch\u00e9 par un drame !<\/a>&nbsp;&nbsp;Le10Sport<\/li>\n<li><a href=\"https:\/\/news.google.com\/rss\/articles\/CBMinAFBVV95cUxNbVF3VlR1SHFHeUEyZmV3TjAzUTF1aXJHQno1NXFxQVlzbUhIN3l1dUhOeW5Yb0U4ZkxVZ2xUQ0lmc3lObWszY1FVc1cwd2RfRXp2MERlR1FsejJLR2c3NzZmVkZ4bE1wRjRKV3ZqRUx4YWVqaGtSdVhVUlQ2Y2pydDFyZEROSTFtdjBQV3B5UUREeC1GSjlfUDZsZGY?oc=5\" target=\"_blank\" rel=\"noopener\">Le PSG annonce le d\u00e9c\u00e8s de son kin\u00e9sith\u00e9rapeute<\/a>&nbsp;&nbsp;Foot Mercato<\/li>\n<\/ol>\n","protected":false},"excerpt":{"rendered":"Le PSG en deuil apr\u00e8s la mort de l&rsquo;un de ses kin\u00e9sith\u00e9rapeutes&nbsp;&nbsp;L&rsquo;\u00c9quipe C\u00e9dric Dupuis, kin\u00e9 historique du PSG,&hellip;\n","protected":false},"author":2,"featured_media":208556,"comment_status":"","ping_status":"","sticky":false,"template":"","format":"standard","meta":{"footnotes":""},"categories":[2],"tags":[11,1011,27,12],"class_list":{"0":"post-208555","1":"post","2":"type-post","3":"status-publish","4":"format-standard","5":"has-post-thumbnail","7":"category-actualites","8":"tag-actualites","9":"tag-fr","10":"tag-france","11":"tag-news"},"share_on_mastodon":{"url":"https:\/\/pubeurope.com\/@fr\/114755839299468917","error":""},"_links":{"self":[{"href":"https:\/\/www.europesays.com\/fr\/wp-json\/wp\/v2\/posts\/208555","targetHints":{"allow":["GET"]}}],"collection":[{"href":"https:\/\/www.europesays.com\/fr\/wp-json\/wp\/v2\/posts"}],"about":[{"href":"https:\/\/www.europesays.com\/fr\/wp-json\/wp\/v2\/types\/post"}],"author":[{"embeddable":true,"href":"https:\/\/www.europesays.com\/fr\/wp-json\/wp\/v2\/users\/2"}],"replies":[{"embeddable":true,"href":"https:\/\/www.europesays.com\/fr\/wp-json\/wp\/v2\/comments?post=208555"}],"version-history":[{"count":0,"href":"https:\/\/www.europesays.com\/fr\/wp-json\/wp\/v2\/posts\/208555\/revisions"}],"wp:featuredmedia":[{"embeddable":true,"href":"https:\/\/www.europesays.com\/fr\/wp-json\/wp\/v2\/media\/208556"}],"wp:attachment":[{"href":"https:\/\/www.europesays.com\/fr\/wp-json\/wp\/v2\/media?parent=208555"}],"wp:term":[{"taxonomy":"category","embeddable":true,"href":"https:\/\/www.europesays.com\/fr\/wp-json\/wp\/v2\/categories?post=208555"},{"taxonomy":"post_tag","embeddable":true,"href":"https:\/\/www.europesays.com\/fr\/wp-json\/wp\/v2\/tags?post=208555"}],"curies":[{"name":"wp","href":"https:\/\/api.w.org\/{rel}","templated":true}]}}