{"id":208559,"date":"2025-06-27T14:39:12","date_gmt":"2025-06-27T14:39:12","guid":{"rendered":"https:\/\/www.europesays.com\/fr\/208559\/"},"modified":"2025-06-27T14:39:12","modified_gmt":"2025-06-27T14:39:12","slug":"ligue-2-les-dates-des-derbies-connues-decouvrez-les-calendriers-du-fc-annecy-du-gf38-et-de-lasse","status":"publish","type":"post","link":"https:\/\/www.europesays.com\/fr\/208559\/","title":{"rendered":"Ligue 2. Les dates des derbies connues&#8230; D\u00e9couvrez les calendriers du FC Annecy, du GF38 et de l&rsquo;ASSE !"},"content":{"rendered":"<p>Les premi\u00e8res informations concernant le calendrier de Ligue 2 commencent \u00e0 tomber petit \u00e0 petit. On en sait plus sur la premi\u00e8re journ\u00e9e de championnat. <a href=\"https:\/\/www.ledauphine.com\/sport\/fc-annecy\" target=\"_blank\" rel=\"noopener\">Le FC Annecy<\/a> se rendra du c\u00f4t\u00e9 de Pau, 13e du dernier championnat.<\/p>\n<p>Les voisins du <a href=\"https:\/\/www.ledauphine.com\/sport\/gf38-grenoble-foot-38\" target=\"_blank\" rel=\"noopener\">GF38<\/a>\u00a0seront \u00e9galement en d\u00e9placement sur la pelouse de l&rsquo;ESTAC. Les Verts, pour leur retour en Ligue 2, \u00e9volueront dans la Mayenne o\u00f9 ils affronteront Laval.<\/p>\n<p>  La derni\u00e8re journ\u00e9e \u00e9galement connue<\/p>\n<p>Pour conclure l&rsquo;exercice 2025-2026 de Ligue 2, les trois formations joueront devant leur public. Une donn\u00e9e importante \u00e0 prendre en compte \u00e0 un moment de la saison o\u00f9 chaque point peut valoir cher. Les Haut-Savoyards recevront Rodez, les hommes de <a href=\"https:\/\/www.ledauphine.com\/p\/franck-rizzetto\" target=\"_blank\" rel=\"noopener\">Franck Rizzetto<\/a> \u00e9volueront, comme lors de la premi\u00e8re journ\u00e9e, face \u00e0 l&rsquo;ESTAC. Tandis que l&rsquo;<a href=\"https:\/\/www.ledauphine.com\/sport\/asse-as-saint-etienne\" target=\"_blank\" rel=\"noopener\">ASSE<\/a>, emmen\u00e9e par son entra\u00eeneur norv\u00e9gien <a href=\"https:\/\/www.ledauphine.com\/p\/eirik-horneland\" target=\"_blank\" rel=\"noopener\">Eirik Horneland<\/a>, accueillera Amiens.<\/p>\n<p>  Grenoble Foot 38\u00a0: \u00e7a va partir fort<\/p>\n<p>La Ligue de football professionnel a communiqu\u00e9 les calendriers complets de chaque club. Le Grenoble Foot 38 va d\u00e9buter sa saison sur les chapeaux de roues avec un d\u00e9placement \u00e0 Geoffroy-Guichard le <strong>29 ao\u00fbt<\/strong> dans le cadre de la 4e journ\u00e9e pour affronter <strong>l&rsquo;AS Saint-\u00c9tienne<\/strong>. La r\u00e9ception des voisins st\u00e9phanois aura, quant \u00e0 elle, lieu le <strong>13 mars<\/strong> lors de la <strong>27e journ\u00e9e<\/strong>.<\/p>\n<p>L&rsquo;autre derby opposant les Is\u00e9rois \u00e0 <strong>Annecy<\/strong> d\u00e9butera au Stade des Alpes le <strong>19 septembre<\/strong> lors de <strong>6e journ\u00e9e.<\/strong> Les hommes de Franck Rizzetto se rendront en Haute-Savoie le <strong>6 f\u00e9vrier 2026<\/strong> lors de la phase retour (22e journ\u00e9e).<\/p>\n<p>Enfin, l&rsquo;autre grosse affiche de la saison opposera le GF38 \u00e0 <strong>Montpellier<\/strong>. Fra\u00eechement descendus de Ligue 1, les H\u00e9raultais red\u00e9couvront Grenoble le <strong>12 d\u00e9cembre<\/strong> durant la <strong>17e journ\u00e9e<\/strong>. Les Is\u00e9rois feront le chemin inverse le <strong>17 avril 2026<\/strong> \u00e0 quatre journ\u00e9es de la fin de la saison <strong>(J31)<\/strong>.<\/p>\n<p>  FC Annecy\u00a0: un d\u00e9but de calendrier cors\u00e9<\/p>\n<p>\u00c0\u00a0la sortie d\u2019une saison historique boucl\u00e9e \u00e0 la 6e place, le FC Annecy d\u00e9butera sa quatri\u00e8me saison cons\u00e9cutive en Ligue 2 <strong>le vendredi 8 ao\u00fbt<\/strong> par un d\u00e9placement \u00e0 <strong>Pau<\/strong>. Un stade o\u00f9 les Haut-Savoyards pr\u00e9sentent un bilan \u00e9quilibr\u00e9 (1V, 1N, 1D) depuis leur retour dans le monde pro apr\u00e8s un revers \u00e0 la derni\u00e8re minute (0-1, 89e) <a href=\"https:\/\/www.ledauphine.com\/sport\/2025\/03\/28\/le-fc-annecy-battu-a-pau-les-play-offs-pour-monter-en-ligue-1-s-eloignent\" target=\"_blank\" rel=\"noopener\">fin mars<\/a> pour leur derni\u00e8re visite au Nouste Camp.<\/p>\n<p>Les Ann\u00e9ciens accueilleront ensuite <strong>Dunkerque<\/strong> <strong>(J2, 15 ao\u00fbt), Reims ou Lyon (J5, 12 septembre)<\/strong> et peut-\u00eatre le promu <strong>Nancy (J7, 23 septembre)<\/strong>, sans doute \u00e0 Dijon ou Gueugnon le temps des travaux du Parc des Sports. Avec trois d\u00e9placements (Pau, Amiens, Red Star) lors des quatre premi\u00e8res journ\u00e9es, ils ont d\u2019ailleurs \u00e9t\u00e9 entendus par la LFP \u00e0 ce sujet.<\/p>\n<p>\u00a0La premi\u00e8re manche de l\u2019Alpico arrivera vite, d\u00e8s <strong>le 19 septembre (J6)<\/strong> avec un d\u00e9placement \u00e0 <strong>Grenoble<\/strong> (retour <strong>le 6 f\u00e9vrier<\/strong>). Le FCA recevra aussi <strong>Saint-\u00c9tienne le 24 octobre (J11)<\/strong> avant de se rendre dans le Chaudron <strong>le 20 mars (J28)<\/strong>.<\/p>\n<p>Comme l\u2019an dernier avec Grenoble (3-1), le FC Annecy ach\u00e8vera sa saison le <strong>8 mai 2026<\/strong> \u00e0 la maison devant ses supporters face \u00e0 <strong>Rodez (J34)<\/strong>, son <a href=\"https:\/\/www.ledauphine.com\/sport\/2024\/12\/16\/visite-de-courtoisie-accolades-en-zone-mixte-le-jour-ou-le-fc-annecy-et-rodez-ont-fait-la-paix\" target=\"_blank\" rel=\"noopener\">ex pire ennemi<\/a>. Une rencontre toujours \u00e0 part dans l\u2019esprit des supporters des deux \u00e9quipes.<\/p>\n<p>  AS Saint-\u00c9tienne : rapidement se mettre au parfum<\/p>\n<p>L&rsquo;AS Saint-\u00c9tienne va rapidement devoir se remettre au parfum de la Ligue 2 tant le calendrier d\u00e9voil\u00e9 par la LFP peut para\u00eetre pi\u00e9geux.<\/p>\n<p>En effet, outre le d\u00e9placement \u00e0 <strong>Laval<\/strong> pour d\u00e9buter le<strong> 8 ao\u00fbt<\/strong>, les Verts se rendront \u00e0 <strong>Ajaccio<\/strong> d\u00e8s la <strong>3e journ\u00e9e<\/strong> de championnat, le <strong>15 ao\u00fbt<\/strong>. Viendra ensuite la r\u00e9ception des voisins du <strong>GF38<\/strong>, le <strong>29 ao\u00fbt<\/strong> lors de la <strong>4e journ\u00e9e<\/strong>. Le match retour au Stade des Alpes aura lieu le <strong>13 mars 2026<\/strong> au coeur de la <strong>27e journ\u00e9e<\/strong> de Ligue 2.\u00a0<\/p>\n<p>La double confrontation face au <strong>FC Annecy<\/strong> d\u00e9butera par un d\u00e9placement au Parc des Sports le <strong>24 octobre (J11)<\/strong>, avant la r\u00e9ception des Haut-Savoyards pr\u00e9vue <strong>le 20 mars 2026 (J28)<\/strong>.\u00a0<\/p>\n<p>Cette saison, les co\u00e9quipiers du Vauclusien Irvin Cardona croiseront des visages connus lors de l&rsquo;exercice pr\u00e9c\u00e9dent en Ligue 1. Ils affronteront <strong>Montpellier<\/strong> (d\u00e9placement \u00e0 La Mosson le <strong>3 octobre lors de la 9e journ\u00e9e<\/strong> et r\u00e9ception le <strong>6 f\u00e9vrier 2026 [J22])<\/strong>. L&rsquo;ASSE retrouvera un autre rel\u00e9gu\u00e9 de premi\u00e8re division, le <strong>Stade de Reims<\/strong>. Les deux rencontres auront lieu <strong>le 19 septembre (J6)<\/strong> pour l&rsquo;accueil \u00e0 Geoffroy-Guichard. Le match retour \u00e0 Auguste-Delaune se d\u00e9roulera le <strong>23 janvier 2026 (J20)<\/strong>.<\/p>\n","protected":false},"excerpt":{"rendered":"Les premi\u00e8res informations concernant le calendrier de Ligue 2 commencent \u00e0 tomber petit \u00e0 petit. On en sait&hellip;\n","protected":false},"author":2,"featured_media":208560,"comment_status":"","ping_status":"","sticky":false,"template":"","format":"standard","meta":{"footnotes":""},"categories":[9653],"tags":[1111,11,3853,3854,3855,9443,2430,3856,112,113,114,1777,674,20116,107,1701,63,1011,27,12637,2731,2732,4638,108,12636,3367,12,25,4001,517,1947],"class_list":{"0":"post-208559","1":"post","2":"type-post","3":"status-publish","4":"format-standard","5":"has-post-thumbnail","7":"category-saint-etienne","8":"tag-actu","9":"tag-actualites","10":"tag-annecy","11":"tag-annecy-bassin","12":"tag-annecy-region","13":"tag-asse-as-saint-etienne","14":"tag-auvergne-rhone-alpes","15":"tag-edition-annecy-rumilly-les-aravis","16":"tag-edition-grenoble-agglomeration","17":"tag-edition-gresivaudan-oisans","18":"tag-edition-voiron-saint-marcellin","19":"tag-eu","20":"tag-europe","21":"tag-fc-annecy","22":"tag-fil-info","23":"tag-fil-info-sport","24":"tag-football","25":"tag-fr","26":"tag-france","27":"tag-gf38-grenoble-foot-38","28":"tag-grenoble","29":"tag-grenoble-bassin","30":"tag-haute-savoie","31":"tag-isere","32":"tag-ligue-2-football","33":"tag-loire","34":"tag-news","35":"tag-republique-francaise","36":"tag-saint-etienne","37":"tag-sport","38":"tag-sport-national"},"share_on_mastodon":{"url":"","error":"Validation failed: Text character limit of 500 exceeded"},"_links":{"self":[{"href":"https:\/\/www.europesays.com\/fr\/wp-json\/wp\/v2\/posts\/208559","targetHints":{"allow":["GET"]}}],"collection":[{"href":"https:\/\/www.europesays.com\/fr\/wp-json\/wp\/v2\/posts"}],"about":[{"href":"https:\/\/www.europesays.com\/fr\/wp-json\/wp\/v2\/types\/post"}],"author":[{"embeddable":true,"href":"https:\/\/www.europesays.com\/fr\/wp-json\/wp\/v2\/users\/2"}],"replies":[{"embeddable":true,"href":"https:\/\/www.europesays.com\/fr\/wp-json\/wp\/v2\/comments?post=208559"}],"version-history":[{"count":0,"href":"https:\/\/www.europesays.com\/fr\/wp-json\/wp\/v2\/posts\/208559\/revisions"}],"wp:featuredmedia":[{"embeddable":true,"href":"https:\/\/www.europesays.com\/fr\/wp-json\/wp\/v2\/media\/208560"}],"wp:attachment":[{"href":"https:\/\/www.europesays.com\/fr\/wp-json\/wp\/v2\/media?parent=208559"}],"wp:term":[{"taxonomy":"category","embeddable":true,"href":"https:\/\/www.europesays.com\/fr\/wp-json\/wp\/v2\/categories?post=208559"},{"taxonomy":"post_tag","embeddable":true,"href":"https:\/\/www.europesays.com\/fr\/wp-json\/wp\/v2\/tags?post=208559"}],"curies":[{"name":"wp","href":"https:\/\/api.w.org\/{rel}","templated":true}]}}