{"id":208563,"date":"2025-06-27T14:41:11","date_gmt":"2025-06-27T14:41:11","guid":{"rendered":"https:\/\/www.europesays.com\/fr\/208563\/"},"modified":"2025-06-27T14:41:11","modified_gmt":"2025-06-27T14:41:11","slug":"un-ancien-actionnaire-dostende-et-nancy-incarcere-belgique-ostende","status":"publish","type":"post","link":"https:\/\/www.europesays.com\/fr\/208563\/","title":{"rendered":"Un ancien actionnaire d\u2019Ostende et Nancy incarc\u00e9r\u00e9 &#8211; Belgique &#8211; Ostende"},"content":{"rendered":"<p>La fin de l\u2019arr\u00eat Ostende.<\/p>\n<p>L\u2019ann\u00e9e derni\u00e8re,<strong> le KV Ostende<\/strong>, apparu quatorze saisons en premi\u00e8re division belge et dans un barrage de Ligue Europa contre Marseille, <strong>\u00e9tait forc\u00e9 de mettre la cl\u00e9 sous la porte.<\/strong> <a target=\"_blank\" href=\"https:\/\/www.sofoot.com\/breves\/belgique-le-club-belge-dostende-a-24-heures-de-la-faillite\" rel=\"nofollow noopener\">Endett\u00e9 \u00e0 hauteur de dix millions d\u2019euros<\/a>, le club de la ville c\u00f4ti\u00e8re devait \u00eatre c\u00e9d\u00e9 \u00e0 un autre groupe, avant que l\u2019op\u00e9ration capote. Un \u00e9chec port\u00e9 par le Pacific Media Group, ancien actionnaire de l\u2019AS Nancy Lorraine, dont le patron vit d\u2019autres d\u00e9boires.<\/p>\n<p>Une affaire qui ne tourne pas Biron<\/p>\n<p><strong>Paul Conway<\/strong>, propri\u00e9taire am\u00e9ricain de bon nombre de clubs (Esbjerg, Den Bosch ou Kaiserslautern pour ne citer qu\u2019eux), est <strong>emprisonn\u00e9 \u00e0 Barcelone depuis plus d\u2019un mois<\/strong>, \u00e9vitant au possible d\u2019\u00eatre extrad\u00e9 en Belgique. Dans le Plat Pays, l\u2019homme d\u2019affaire est accus\u00e9 de <strong>six chefs d\u2019accusation de fraude en lien avec la faillite du club.<\/strong> Le tribunal de grande instance de Flandre-Occidentale a en effet lanc\u00e9 un mandat d\u2019arr\u00eat europ\u00e9en contre l\u2019ancien dirigeant, suite \u00e0 des investigations de la police belge dans le dossier KV Ostende.<\/p>\n<p>Point central de ses m\u00e9faits, <strong>le transfert de Micka\u00ebl Biron.<\/strong> Le meilleur buteur de Nancy avait \u00e9t\u00e9 envoy\u00e9 en Belgique le 2 juillet 2021, contre cinq millions d\u2019euros, avant d\u2019\u00eatre pr\u00eat\u00e9 \u00e0 l\u2019ASNL le lendemain. <strong>Le Martiniquais ne jouera pas un match avec les C\u00f4tiers.<\/strong> Un transfert factice, dont beaucoup ont estim\u00e9 qu\u2019il ne servait qu\u2019\u00e0 booster les finances du club lorrain.<\/p>\n<p>John Textor prend des notes devant une telle maestria.<\/p>\n<p>\t\t\t\t\t\t\t\t\t\t<a class=\"lien-connexe\" href=\"https:\/\/www.sofoot.com\/breves\/belgique-le-club-belge-dostende-a-24-heures-de-la-faillite\" rel=\"nofollow noopener\" target=\"_blank\">Le club belge d\u2019Ostende \u00e0 24 heures de la faillite<\/a>\t\t\t\t\t<\/p>\n","protected":false},"excerpt":{"rendered":"La fin de l\u2019arr\u00eat Ostende. L\u2019ann\u00e9e derni\u00e8re, le KV Ostende, apparu quatorze saisons en premi\u00e8re division belge et&hellip;\n","protected":false},"author":2,"featured_media":208564,"comment_status":"","ping_status":"","sticky":false,"template":"","format":"standard","meta":{"footnotes":""},"categories":[9635],"tags":[1111,47,11,61,69,65,64,1777,674,63,1011,27,775,68,66,1702,12,62,70,25,67],"class_list":{"0":"post-208563","1":"post","2":"type-post","3":"status-publish","4":"format-standard","5":"has-post-thumbnail","7":"category-nancy","8":"tag-actu","9":"tag-actualite","10":"tag-actualites","11":"tag-actus-football","12":"tag-bundesliga","13":"tag-championnats-europeens","14":"tag-equipe-de-france","15":"tag-eu","16":"tag-europe","17":"tag-football","18":"tag-fr","19":"tag-france","20":"tag-grand-est","21":"tag-ligua","22":"tag-ligue-1","23":"tag-nancy","24":"tag-news","25":"tag-news-foot","26":"tag-premier-league","27":"tag-republique-francaise","28":"tag-serie-a"},"share_on_mastodon":{"url":"https:\/\/pubeurope.com\/@fr\/114755855045178502","error":""},"_links":{"self":[{"href":"https:\/\/www.europesays.com\/fr\/wp-json\/wp\/v2\/posts\/208563","targetHints":{"allow":["GET"]}}],"collection":[{"href":"https:\/\/www.europesays.com\/fr\/wp-json\/wp\/v2\/posts"}],"about":[{"href":"https:\/\/www.europesays.com\/fr\/wp-json\/wp\/v2\/types\/post"}],"author":[{"embeddable":true,"href":"https:\/\/www.europesays.com\/fr\/wp-json\/wp\/v2\/users\/2"}],"replies":[{"embeddable":true,"href":"https:\/\/www.europesays.com\/fr\/wp-json\/wp\/v2\/comments?post=208563"}],"version-history":[{"count":0,"href":"https:\/\/www.europesays.com\/fr\/wp-json\/wp\/v2\/posts\/208563\/revisions"}],"wp:featuredmedia":[{"embeddable":true,"href":"https:\/\/www.europesays.com\/fr\/wp-json\/wp\/v2\/media\/208564"}],"wp:attachment":[{"href":"https:\/\/www.europesays.com\/fr\/wp-json\/wp\/v2\/media?parent=208563"}],"wp:term":[{"taxonomy":"category","embeddable":true,"href":"https:\/\/www.europesays.com\/fr\/wp-json\/wp\/v2\/categories?post=208563"},{"taxonomy":"post_tag","embeddable":true,"href":"https:\/\/www.europesays.com\/fr\/wp-json\/wp\/v2\/tags?post=208563"}],"curies":[{"name":"wp","href":"https:\/\/api.w.org\/{rel}","templated":true}]}}