{"id":208594,"date":"2025-06-27T14:58:14","date_gmt":"2025-06-27T14:58:14","guid":{"rendered":"https:\/\/www.europesays.com\/fr\/208594\/"},"modified":"2025-06-27T14:58:14","modified_gmt":"2025-06-27T14:58:14","slug":"bordeaux-suspend-son-jumelage-avec-ashdod-dans-lattente-dun-cessez-le-feu","status":"publish","type":"post","link":"https:\/\/www.europesays.com\/fr\/208594\/","title":{"rendered":"Bordeaux suspend son jumelage avec Ashdod dans l\u2019attente d\u2019un cessez-le-feu"},"content":{"rendered":"<p class=\"wp-block-post-excerpt__excerpt\">[Info Rue89 Bordeaux] Dans une lettre dat\u00e9e du 26 juin, Pierre Hurmic a annonc\u00e9 au maire d\u2019Ashdod, ville avec laquelle Bordeaux est jumel\u00e9e, sa \u00ab\u00a0volont\u00e9 de suspendre toute activit\u00e9 de coop\u00e9ration\u00a0\u00bb entre les deux villes \u00ab\u00a0tant qu\u2019un cessez-le-feu durable et un processus de paix ne seront pas engag\u00e9s\u00a0\u00bb. <\/p>\n<p><a href=\"https:\/\/rue89bordeaux.com\/category\/breves\/\" rel=\"tag nofollow noopener\" target=\"_blank\">Br\u00e8ves<\/a>, <a href=\"https:\/\/rue89bordeaux.com\/category\/kiosque-abonne\/\" rel=\"tag nofollow noopener\" target=\"_blank\">\u00c9dition abonn\u00e9s<\/a><\/p>\n<p>Walid Salem<\/p>\n<p>Publi\u00e9 le 27 juin 2025\u00a0\u00a0\u00b7\u00a0\u00a0<\/p>\n<p>Imprim\u00e9 le 27 juin 2025 \u00e0 16h58\u00a0\u00a0\u00b7\u00a0\u00a0<\/p>\n<p>\t\t\t\t\t2\u00a0minutes\n<\/p>\n<p>Dans un courrier adress\u00e9 le 26 juin \u00e0 Yechiel Lasry, maire de la ville isra\u00e9lienne Ashdod, le maire de Bordeaux, Pierre Hurmic, l\u2019informe de la suspension des coop\u00e9rations entre les deux villes, dans le cadre du jumelage sign\u00e9 en 1984, \u00ab\u00a0tant qu\u2019un cessez-le-feu durable et un processus de paix ne seront pas engag\u00e9s\u00a0\u00bb.<\/p>\n<p>L\u2019\u00e9dile rappelle son \u00ab\u00a0soutien \u00e0 la suite des attaques terroristes lanc\u00e9es par le Hamas le 7 octobre 2023\u00a0\u00bb, qu\u2019il sait \u00ab\u00a0la communaut\u00e9 juive de Bordeaux tr\u00e8s meurtrie par ces attaques et les actions<br \/>d\u2019antis\u00e9mitisme perp\u00e9tr\u00e9es\u00a0\u00bb, et \u00ab\u00a0appelle \u00e0 leurs c\u00f4t\u00e9s \u00e0 la lib\u00e9ration des otages\u00a0\u00bb. Mais il exprime une vive inqui\u00e9tude face \u00e0 la situation actuelle :<\/p>\n<p>Rue89 Bordeaux a besoin de vos dons<\/p>\n<p>Chaque don \u2013 d\u00e9ductible des imp\u00f4ts \u00e0 hauteur de 66% \u2013 compte pour atteindre notre objectif de 10\u00a0000\u00a0\u20ac le plus rapidement possible, id\u00e9alement avant la fin juin. Cette somme, manquante \u00e0 notre tr\u00e9sorerie apr\u00e8s le d\u00e9sengagement d\u2019un annonceur important en 2025, Bordeaux M\u00e9tropole, nous permettra de r\u00e9gler les factures en retard et de retrouver une stabilit\u00e9 financi\u00e8re indispensable \u00e0 la poursuite de notre mission.<\/p>\n<p><\/p>\n<p class=\"has-warning-color has-text-color\">\n\t\t\t<strong> Cet article fait partie de l\u2019\u00e9dition abonn\u00e9s.<\/strong><br \/>\n\t\t\t| D\u00e9j\u00e0 abonn\u00e9\u00a0?<br \/>\n\t\t\t<a href=\"https:\/\/rue89bordeaux.com\/user\/login\/\" data-type=\"page\" data-id=\"26256\" rel=\"nofollow noopener\" target=\"_blank\">Connectez-vous<\/a>\n\t\t<\/p>\n<p>Abonnez-vous maintenant pour poursuivre votre lecture<\/p>\n<p><img loading=\"lazy\" decoding=\"async\" width=\"607\" height=\"480\" src=\"https:\/\/www.europesays.com\/fr\/wp-content\/uploads\/2025\/04\/1744387698_768_04-paywall.png\" alt=\"Abonnez-vous\" class=\"wp-image-128438\"  \/><\/p>\n<p>\t\t\t<a href=\"https:\/\/rue89bordeaux.com\/\" class=\"custom-logo-link\" rel=\"home nofollow noopener\" target=\"_blank\"><img loading=\"lazy\" decoding=\"async\" width=\"290\" height=\"49\" src=\"https:\/\/www.europesays.com\/fr\/wp-content\/uploads\/2025\/04\/logo.png\" class=\"custom-logo\" alt=\"Rue89Bordeaux Enqu\u00eates et informations de proximit\u00e9\"  \/><\/a><\/p>\n<p>\n\t\t\t\tAbonnez-vous maintenant pour suivre l\u2019actualit\u00e9 locale.\t\t\t<\/p>\n<p class=\"font-bold font-serif-heading mb-2 text-4xl\">\n\t\t\t\t\t\tL\u2019investigation locale \u00e0 port\u00e9e de main.\n\t\t\t\t\t<\/p>\n<p>\n\t\t\t\t\t\tAbonnez-vous et profitez d\u2019un acc\u00e8s illimit\u00e9 \u00e0 Rue89Bordeaux. Annulez quand vous voulez.\n\t\t\t\t\t<\/p>\n<p class=\"xl:text-sm\">\n\t\t\t\t\tD\u00e9j\u00e0 abonn\u00e9\u00a0?<br \/>\n\t\t\t\t\t<a class=\"border border-transparent text-center transition-colors duration-instant focus:border-info focus:rounded focus:shadow-focus cursor-pointer text-black hover:text-gray-700 active:bg-black-700 font-semibold inline-block\" href=\"https:\/\/rue89bordeaux.com\/user\/login\/?redirect=\/2025\/06\/bordeaux-suspend-son-jumelage-avec-ashdod-dans-lattente-dun-cessez-le-feu\/\" rel=\"nofollow noopener\" target=\"_blank\">Connectez-vous<\/a>\t\t\t\t<\/p>\n<p>\n\t\t\t\tChoisissez votre formule\u00a0:\n\t\t\t<\/p>\n<p>\t\t\t\tFermer<\/p>\n","protected":false},"excerpt":{"rendered":"[Info Rue89 Bordeaux] Dans une lettre dat\u00e9e du 26 juin, Pierre Hurmic a annonc\u00e9 au maire d\u2019Ashdod, ville&hellip;\n","protected":false},"author":2,"featured_media":208595,"comment_status":"","ping_status":"","sticky":false,"template":"","format":"standard","meta":{"footnotes":""},"categories":[2817],"tags":[1111,11,1997,1777,674,1011,27,12,2219,3518,4860,25],"class_list":{"0":"post-208594","1":"post","2":"type-post","3":"status-publish","4":"format-standard","5":"has-post-thumbnail","7":"category-bordeaux","8":"tag-actu","9":"tag-actualites","10":"tag-bordeaux","11":"tag-eu","12":"tag-europe","13":"tag-fr","14":"tag-france","15":"tag-news","16":"tag-nouvelle-aquitaine","17":"tag-palestine","18":"tag-pierre-hurmic","19":"tag-republique-francaise"},"share_on_mastodon":{"url":"https:\/\/pubeurope.com\/@fr\/114755921817835740","error":""},"_links":{"self":[{"href":"https:\/\/www.europesays.com\/fr\/wp-json\/wp\/v2\/posts\/208594","targetHints":{"allow":["GET"]}}],"collection":[{"href":"https:\/\/www.europesays.com\/fr\/wp-json\/wp\/v2\/posts"}],"about":[{"href":"https:\/\/www.europesays.com\/fr\/wp-json\/wp\/v2\/types\/post"}],"author":[{"embeddable":true,"href":"https:\/\/www.europesays.com\/fr\/wp-json\/wp\/v2\/users\/2"}],"replies":[{"embeddable":true,"href":"https:\/\/www.europesays.com\/fr\/wp-json\/wp\/v2\/comments?post=208594"}],"version-history":[{"count":0,"href":"https:\/\/www.europesays.com\/fr\/wp-json\/wp\/v2\/posts\/208594\/revisions"}],"wp:featuredmedia":[{"embeddable":true,"href":"https:\/\/www.europesays.com\/fr\/wp-json\/wp\/v2\/media\/208595"}],"wp:attachment":[{"href":"https:\/\/www.europesays.com\/fr\/wp-json\/wp\/v2\/media?parent=208594"}],"wp:term":[{"taxonomy":"category","embeddable":true,"href":"https:\/\/www.europesays.com\/fr\/wp-json\/wp\/v2\/categories?post=208594"},{"taxonomy":"post_tag","embeddable":true,"href":"https:\/\/www.europesays.com\/fr\/wp-json\/wp\/v2\/tags?post=208594"}],"curies":[{"name":"wp","href":"https:\/\/api.w.org\/{rel}","templated":true}]}}