{"id":20860,"date":"2025-04-12T23:40:09","date_gmt":"2025-04-12T23:40:09","guid":{"rendered":"https:\/\/www.europesays.com\/fr\/20860\/"},"modified":"2025-04-12T23:40:09","modified_gmt":"2025-04-12T23:40:09","slug":"alain-delon-amoureux-de-jane-birkin-sa-cour-desesperee-na-pas-eu-leffet-escompte-et-voici-pourquoi","status":"publish","type":"post","link":"https:\/\/www.europesays.com\/fr\/20860\/","title":{"rendered":"Alain Delon amoureux de Jane Birkin ? Sa \u00ab\u00a0cour d\u00e9sesp\u00e9r\u00e9e\u00a0\u00bb n\u2019a pas eu l\u2019effet escompt\u00e9 et voici pourquoi"},"content":{"rendered":"<p>D\u00e9c\u00e9d\u00e9 le dimanche 18 ao\u00fbt 2024 \u00e0 l\u2019\u00e2ge de 88 ans. Alain Delon a<br \/>\npartag\u00e9 la vie de plusieurs femmes au cours de son existence.<br \/>\nPoss\u00e9dant une r\u00e9putation de s\u00e9ducteur, le monstre sacr\u00e9 du cin\u00e9ma<br \/>\nfran\u00e7ais a notamment courtis\u00e9 <a href=\"https:\/\/www.telestar.fr\/people\/photos.-jane-birkin-cannes-cesar-ses-moments-les-plus-glamours-sur-les-tapis-rou-831683\" rel=\"nofollow noopener\" target=\"_blank\"><br \/>\nJane Birkin<\/a>, <strong>sans jamais parvenir \u00e0 la<br \/>\ns\u00e9duire<\/strong>. C\u2019est en tout cas ce que r\u00e9v\u00e8le Bernard Violet<br \/>\ndans le livre baptis\u00e9 Les derniers myst\u00e8res Delon, tous ses<br \/>\nsecrets r\u00e9v\u00e9l\u00e9s, paru aux \u00e9ditions Robert Laffont.\u00a0<\/p>\n<p>\u201cIl y avait non seulement Alain Delon qui lui faisait une<br \/>\ncour d\u00e9sesp\u00e9r\u00e9e, mais aussi Maurice Ronet. Les images les plus<br \/>\nfortes de la s\u00e9duction fran\u00e7aise. [&#8230;] Et je vois arriver Serge<br \/>\nGainsbourg comme un fou. Il me dit : \u2018Si un de ces deux salopards<br \/>\nla touche, regarde&#8230;\u2019. Il ouvre une petite pochette <strong>et me<br \/>\nmontre un revolver<\/strong>, il \u00e9tait pr\u00eat \u00e0 leur tirer une balle<br \/>\ndans le bide\u201d, a notamment r\u00e9v\u00e9l\u00e9 le producteur Pierre<br \/>\nGrimblat dans cet ouvrage.\u00a0<\/p>\n<p>Jane Birkin a eu trois filles avec trois hommes diff\u00e9rents<\/p>\n<p>Au cours de son existence, Jane Birkin a tout d\u2019abord \u00e9pous\u00e9 le<br \/>\ncompositeur britannique John Barry. Avec qui elle a eu une fille<br \/>\nbaptis\u00e9e Kate Barry. La com\u00e9dienne va ensuite fr\u00e9quenter Serge<br \/>\nGainsbourg apr\u00e8s \u00eatre arriv\u00e9e en France. Ensemble, <strong>ils ont<br \/>\ndonn\u00e9 naissance \u00e0 Charlotte Gainsbourg<\/strong>, qui a suivi les<br \/>\ntraces de sa m\u00e8re en devenant elle aussi une actrice \u00e0<br \/>\nsucc\u00e8s.\u00a0<\/p>\n<p>Apr\u00e8s sa s\u00e9paration avec Serge Gainsbourg, Jane Birkin va se<br \/>\nmettre en couple avec Jacques Doillon. Durant cette relation,<br \/>\nl\u2019actrice va mettre au monde sa troisi\u00e8me fille, Lou Doillon. Jane<br \/>\nBirkin est finalement morte un peu plus d\u2019un an avant Alain Delon.<br \/>\nEn effet, <strong>elle s\u2019est \u00e9teinte le\u00a016 juillet 2023 \u00e0<br \/>\nl\u2019\u00e2ge de 76 ans<\/strong>. De son c\u00f4t\u00e9, le monstre sacr\u00e9 du cin\u00e9ma<br \/>\nfran\u00e7ais a \u00e9galement encha\u00een\u00e9 les relations amoureuses au cours de<br \/>\nsa vie.\u00a0<\/p>\n<p>Alain Delon a fr\u00e9quent\u00e9 plusieurs<br \/>\nc\u00e9l\u00e8bres actrices au cours de son existence<\/p>\n<p>Il a notamment v\u00e9cu une idylle amoureuse avec une autre immense<br \/>\nstar du grand \u00e9cran, Romy Schneider. Par la suite, le com\u00e9dien a<br \/>\n\u00e9pous\u00e9 Francine Canovas, <strong>plus connue sous le nom de<br \/>\nNathalie Delon<\/strong>. Ensemble, ils ont fond\u00e9 une famille en<br \/>\ndonnant naissance \u00e0 Anthony Delon. Suite \u00e0 leur divorce, Alain<br \/>\nDelon a v\u00e9cu une idylle amoureuse avec la c\u00e9l\u00e8bre chanteuse<br \/>\nDalida.\u00a0<\/p>\n<p>Cette relation furtive a pr\u00e9c\u00e9d\u00e9 la plus grande histoire d\u2019amour<br \/>\nd\u2019Alain Delon. Entre 1968 et 1983, le com\u00e9dien a partag\u00e9 la vie de<br \/>\nl\u2019actrice <a href=\"https:\/\/www.closermag.fr\/people\/alain-delon-serait-reste-avec-mireille-darc-si-elle-avait-pu-devenir-maman-743080\" rel=\"nofollow noopener\" target=\"_blank\"><br \/>\nMireille Darc<\/a>. Il a ensuite fr\u00e9quent\u00e9 une autre c\u00e9l\u00e8bre<br \/>\ncom\u00e9dienne en la personne d\u2019<a href=\"https:\/\/www.closermag.fr\/people\/anne-parillaud-ses-confidences-sur-cette-relation-avec-alain-delon-qui-l-a-perturbee-1301259\" rel=\"nofollow noopener\" target=\"_blank\">Anne<br \/>\nParillaud<\/a>. Quelques ann\u00e9es plus tard, il a rencontr\u00e9 le<br \/>\nmannequin n\u00e9erlandais Rosalie van Breemen, qui deviendra <strong>la<br \/>\nm\u00e8re de ses deux autres enfants<\/strong>, Alain-Fabien et Anouckha<br \/>\nDelon.\u00a0<\/p>\n","protected":false},"excerpt":{"rendered":"D\u00e9c\u00e9d\u00e9 le dimanche 18 ao\u00fbt 2024 \u00e0 l\u2019\u00e2ge de 88 ans. Alain Delon a partag\u00e9 la vie de&hellip;\n","protected":false},"author":2,"featured_media":20861,"comment_status":"","ping_status":"","sticky":false,"template":"","format":"standard","meta":{"footnotes":""},"categories":[1359],"tags":[5960,548,58,59,1011,27,973],"class_list":{"0":"post-20860","1":"post","2":"type-post","3":"status-publish","4":"format-standard","5":"has-post-thumbnail","7":"category-people","8":"tag-alain-delon","9":"tag-article-simple","10":"tag-divertissement","11":"tag-entertainment","12":"tag-fr","13":"tag-france","14":"tag-people"},"share_on_mastodon":{"url":"https:\/\/pubeurope.com\/@fr\/114327638674148334","error":""},"_links":{"self":[{"href":"https:\/\/www.europesays.com\/fr\/wp-json\/wp\/v2\/posts\/20860","targetHints":{"allow":["GET"]}}],"collection":[{"href":"https:\/\/www.europesays.com\/fr\/wp-json\/wp\/v2\/posts"}],"about":[{"href":"https:\/\/www.europesays.com\/fr\/wp-json\/wp\/v2\/types\/post"}],"author":[{"embeddable":true,"href":"https:\/\/www.europesays.com\/fr\/wp-json\/wp\/v2\/users\/2"}],"replies":[{"embeddable":true,"href":"https:\/\/www.europesays.com\/fr\/wp-json\/wp\/v2\/comments?post=20860"}],"version-history":[{"count":0,"href":"https:\/\/www.europesays.com\/fr\/wp-json\/wp\/v2\/posts\/20860\/revisions"}],"wp:featuredmedia":[{"embeddable":true,"href":"https:\/\/www.europesays.com\/fr\/wp-json\/wp\/v2\/media\/20861"}],"wp:attachment":[{"href":"https:\/\/www.europesays.com\/fr\/wp-json\/wp\/v2\/media?parent=20860"}],"wp:term":[{"taxonomy":"category","embeddable":true,"href":"https:\/\/www.europesays.com\/fr\/wp-json\/wp\/v2\/categories?post=20860"},{"taxonomy":"post_tag","embeddable":true,"href":"https:\/\/www.europesays.com\/fr\/wp-json\/wp\/v2\/tags?post=20860"}],"curies":[{"name":"wp","href":"https:\/\/api.w.org\/{rel}","templated":true}]}}