{"id":208604,"date":"2025-06-27T15:03:09","date_gmt":"2025-06-27T15:03:09","guid":{"rendered":"https:\/\/www.europesays.com\/fr\/208604\/"},"modified":"2025-06-27T15:03:09","modified_gmt":"2025-06-27T15:03:09","slug":"feu-dartifice-fetes-gratuites-voici-nos-10-idees-de-sorties-a-lille-et-dans-ses-alentours-pour-ce-samedi","status":"publish","type":"post","link":"https:\/\/www.europesays.com\/fr\/208604\/","title":{"rendered":"Feu d\u2019artifice, f\u00eates gratuites\u2026 Voici nos 10 id\u00e9es de sorties \u00e0 Lille et dans ses alentours pour ce samedi"},"content":{"rendered":"<p>            Par<br \/>\n        <strong><br \/>\n            <a href=\"https:\/\/actu.fr\/auteur\/nicolas-demollien\" title=\"Consulter tous les articles de Nicolas Demollien\" rel=\"nofollow noopener\" target=\"_blank\">Nicolas Demollien<\/a><br \/>\n        <\/strong><\/p>\n<p>        Publi\u00e9 le<\/p>\n<p>            27 juin 2025 \u00e0 16h46        <\/p>\n<p>L\u2019inspiration vous manque pour occuper votre <b>samedi 28\u00a0juin 2025<\/b>\u2009? On s\u2019occupe de tout\u2009! Que ce soit \u00e0 <a href=\"https:\/\/actu.fr\/hauts-de-france\/lille_59350\" rel=\"nofollow noopener\" target=\"_blank\">Lille<\/a> (Nord) ou dans ses alentours, nous avons s\u00e9lectionn\u00e9 pour vous <b>10 id\u00e9es de sorties sympas<\/b> \u00e0 faire seul, en duo ou \u00e0 plusieurs.<\/p>\n<p>10 id\u00e9es de sorties \u00e0 Lille pour ce samedi<\/p>\n<ul class=\" wall-content\">\n<li><a href=\"https:\/\/actu.fr\/hauts-de-france\/seclin_59560\/jeux-marche-dartisans-voltige-equestre-spectacle-de-feu-la-fete-des-harengs-animera-seclin-samedi_62820393.html\" rel=\"nofollow noopener\" target=\"_blank\">Jeux, march\u00e9 d\u2019artisans, voltige \u00e9questre, spectacle de feu\u2026 La F\u00eate des harengs animera Seclin samedi<\/a><\/li>\n<\/ul>\n<p class=\" wall-content\">Qu\u2019est-ce qui nous attend pour la nouvelle \u00e9dition de la F\u00eate des harengs \u00e0 Seclin, tout pr\u00e8s de Lille, le samedi 28\u00a0juin\u2009? Le programme de la fourn\u00e9e 2025.<\/p>\n<ul class=\" wall-content\">\n<li><a href=\"https:\/\/actu.fr\/loisirs-culture\/voici-les-brocantes-et-vide-greniers-organises-dans-le-nord-le-week-end-des-28-et-29-juin_62821179.html\" rel=\"nofollow noopener\" target=\"_blank\">Voici les brocantes et vide-greniers organis\u00e9s dans le Nord le week-end des 28 et 29\u00a0juin<\/a><\/li>\n<\/ul>\n<p class=\" wall-content\">O\u00f9 chiner ce week-end\u2009? Les 28 et 29\u00a0juin, plusieurs brocantes, braderies et vide-greniers sont organis\u00e9s dans le Nord. Voici la liste des \u00e9v\u00e9nements pr\u00e9vus.<\/p>\n<p>Vid\u00e9os : en ce moment sur Actu<\/p>\n<ul class=\" wall-content\">\n<li><a href=\"https:\/\/actu.fr\/hauts-de-france\/haubourdin_59286\/haubourdin-un-festival-gratuit-organise-dans-un-lieu-hors-du-commun-ces-vendredi-et-samedi_62823373.html\" rel=\"nofollow noopener\" target=\"_blank\">Haubourdin\u2009: un festival gratuit organis\u00e9 dans un lieu hors du commun ces vendredi et samedi<\/a><\/li>\n<\/ul>\n<p class=\" wall-content\">Un bel \u00e9v\u00e9nement se pr\u00e9pare \u00e0 Haubourdin avec le festival C\u00e9a\u2019note, ce week-end. Au menu\u2009: concerts, danse et animations. On vous donne le programme.<\/p>\n<ul class=\" wall-content\">\n<li><a href=\"https:\/\/actu.fr\/hauts-de-france\/lille_59350\/lille-les-fetes-de-fives-reviennent-ce-samedi-avec-un-grand-feu-dartifice_62811446.html\" rel=\"nofollow noopener\" target=\"_blank\">Lille. Les f\u00eates de Fives reviennent ce samedi avec un grand feu d\u2019artifice\u2009!<\/a><\/li>\n<\/ul>\n<p class=\" wall-content\">Toujours tr\u00e8s attendues, les f\u00eates de Fives reviennent ce samedi 28\u00a0juin et se concluront par un grand feu d\u2019artifice. Voici le programme des festivit\u00e9s.<\/p>\n<ul class=\" wall-content\">\n<li><a href=\"https:\/\/actu.fr\/hauts-de-france\/leffrinckoucke_59340\/nord-un-impressionnant-spectacle-de-cascade-de-cinema-organise-dans-un-lieu-historique_62806116.html\" rel=\"nofollow noopener\" target=\"_blank\">Nord. Un impressionnant spectacle de cascade de cin\u00e9ma organis\u00e9 dans un lieu historique<\/a><\/li>\n<\/ul>\n<p class=\" wall-content\">Un spectacle de cascade de cin\u00e9ma aura lieu au Fort des Dunes de Leffrinckoucke, samedi 28\u00a0juin. Il sera assur\u00e9 par la compagnie du Dunkerquois Unicorn Legends.<\/p>\n<ul class=\" wall-content\">\n<li><a href=\"https:\/\/actu.fr\/hauts-de-france\/lille_59350\/lille-sergio-ferro-seul-maitre-a-bord-du-centre-dart-sacre-avant-une-longue-fermeture_62806929.html\" rel=\"nofollow noopener\" target=\"_blank\">Lille. Sergio Ferro, seul ma\u00eetre \u00e0 bord du Centre d\u2019art sacr\u00e9 avant une longue fermeture<\/a><\/li>\n<\/ul>\n<p class=\" wall-content\">Jusqu\u2019au 21\u00a0septembre, la saison estivale du Centre d\u2019art sacr\u00e9 de Lille vous attend. Avec une surprise\u2009: un seul artiste est expos\u00e9\u2009! Puis le lieu fermera pendant plus d\u2019un an.<\/p>\n<ul class=\" wall-content\">\n<li><a href=\"https:\/\/actu.fr\/loisirs-culture\/a-un-peu-plus-dune-heure-de-lille-ce-chateau-et-ses-splendides-jardins-sont-de-veritables-joyaux_62404462.html\" rel=\"nofollow noopener\" target=\"_blank\">\u00c0 un peu plus d\u2019une heure de Lille, ce ch\u00e2teau et ses splendides jardins sont de v\u00e9ritables joyaux<\/a><\/li>\n<\/ul>\n<p class=\" wall-content\">Vous allez en prendre plein les yeux\u2009! \u00c0 un peu plus d\u2019une heure de Lille (Nord), ce ch\u00e2teau est plein de surprises tandis que ses jardins s\u2019av\u00e8rent splendides. On vous emm\u00e8ne.<\/p>\n<ul class=\" wall-content\">\n<li><a href=\"https:\/\/actu.fr\/hauts-de-france\/villeneuve-d-ascq_59009\/decouvrez-palomano-le-parc-de-jeux-pour-les-enfants-et-les-parents-qui-ouvre-a-villeneuve-dascq_62781849.html\" rel=\"nofollow noopener\" target=\"_blank\">D\u00e9couvrez Palomano, le parc de jeux pour les enfants (et les parents\u2009!) qui ouvre \u00e0 Villeneuve-d\u2019Ascq<\/a><\/li>\n<\/ul>\n<p class=\" wall-content\">Ce 18\u00a0juin 2025, le parc de loisirs Palomano ouvre ses portes \u00e0 La Maillerie, \u00e0 Villeneuve-d\u2019Ascq. Dans cette mini-ville immersive, les enfants jouent \u00e0 \u00ab\u2009faire les grands\u2009\u00bb.<\/p>\n<ul class=\" wall-content\">\n<li><a href=\"https:\/\/actu.fr\/hauts-de-france\/lille_59350\/lille-paillettes-stroboscopes-et-etrangetes-festives-vivez-la-fete-interieure-a-saint-so_62715410.html\" rel=\"nofollow noopener\" target=\"_blank\">Lille. Paillettes, stroboscopes et \u00e9tranget\u00e9s festives\u2009: vivez \u00ab\u2009La f\u00eate int\u00e9rieure\u2009\u00bb \u00e0 Saint-So<\/a><\/li>\n<\/ul>\n<p class=\" wall-content\">Plongez dans l\u2019univers de la f\u00eate \u00e0 toute heure \u00e0 la gare Saint-Sauveur de Lille, en visitant l\u2019exposition \u00ab\u2009La f\u00eate int\u00e9rieure\u2009\u00bb, install\u00e9e jusqu\u2019\u00e0 fin juillet\u2026<\/p>\n<ul class=\" wall-content\">\n<li><a href=\"https:\/\/actu.fr\/hauts-de-france\/lille_59350\/lille-paillettes-stroboscopes-et-etrangetes-festives-vivez-la-fete-interieure-a-saint-so_62715410.html\" rel=\"nofollow noopener\" target=\"_blank\">Lille. Piste de danse, g\u00e2teaux g\u00e9ants, fanions\u2026 C\u2019est la f\u00eate \u00e0 Saint-So avec l\u2019expo des enfants M\u00f4m\u2019Art<\/a><\/li>\n<\/ul>\n<p class=\" wall-content\">L\u2019exposition M\u00f4m\u2019Art, r\u00e9alis\u00e9e par des enfants de Lille, Lomme et Hellemmes, aborde diff\u00e9rents aspects de la f\u00eate, \u00e0 Saint-Sauveur. Une exposition qui vaut le d\u00e9tour\u2009!<\/p>\n<p class=\" wall-content\">Suivez toute l\u2019actualit\u00e9 de vos villes et m\u00e9dias favoris en vous inscrivant \u00e0 <a href=\"https:\/\/moncompte.actu.fr\" title=\"D\u00e9couvez Mon Actu\" rel=\"nofollow noopener\" data-trk=\"{&quot;cta&quot;:{&quot;action&quot;:&quot;https:\\\/\\\/moncompte.actu.fr&quot;,&quot;category&quot;:&quot;mon compte&quot;,&quot;from&quot;:&quot;article footer&quot;,&quot;name&quot;:&quot;Mon actu&quot;,&quot;type&quot;:&quot;cta&quot;}}\" target=\"_blank\">Mon Actu<\/a>.<\/p>\n<ul class=\"ac-article-tag wall-content\">\n<li><a href=\"https:\/\/actu.fr\/tag\/bon-plan-a-lille\" data-trk=\"{&quot;cta&quot;:{&quot;action&quot;:&quot;Bon plan \\u00e0 Lille&quot;,&quot;category&quot;:&quot;tag&quot;,&quot;from&quot;:&quot;article footer&quot;,&quot;name&quot;:&quot;Bon plan \\u00e0 Lille&quot;,&quot;type&quot;:&quot;cta&quot;}}\" rel=\"nofollow noopener\" target=\"_blank\">#Bon plan \u00e0 Lille<\/a><\/li>\n<li><a href=\"https:\/\/actu.fr\/tag\/famille\" data-trk=\"{&quot;cta&quot;:{&quot;action&quot;:&quot;Famille&quot;,&quot;category&quot;:&quot;tag&quot;,&quot;from&quot;:&quot;article footer&quot;,&quot;name&quot;:&quot;Famille&quot;,&quot;type&quot;:&quot;cta&quot;}}\" rel=\"nofollow noopener\" target=\"_blank\">#Famille<\/a><\/li>\n<\/ul>\n","protected":false},"excerpt":{"rendered":"Par Nicolas Demollien Publi\u00e9 le 27 juin 2025 \u00e0 16h46 L\u2019inspiration vous manque pour occuper votre samedi 28\u00a0juin&hellip;\n","protected":false},"author":2,"featured_media":208605,"comment_status":"","ping_status":"","sticky":false,"template":"","format":"standard","meta":{"footnotes":""},"categories":[2815],"tags":[1111,11,6557,1777,674,652,1011,27,811,1307,1652,12,25],"class_list":{"0":"post-208604","1":"post","2":"type-post","3":"status-publish","4":"format-standard","5":"has-post-thumbnail","7":"category-lille","8":"tag-actu","9":"tag-actualites","10":"tag-bon-plan-a-lille","11":"tag-eu","12":"tag-europe","13":"tag-famille","14":"tag-fr","15":"tag-france","16":"tag-hauts-de-france","17":"tag-lille","18":"tag-loisirs-culture","19":"tag-news","20":"tag-republique-francaise"},"share_on_mastodon":{"url":"https:\/\/pubeurope.com\/@fr\/114755941445205227","error":""},"_links":{"self":[{"href":"https:\/\/www.europesays.com\/fr\/wp-json\/wp\/v2\/posts\/208604","targetHints":{"allow":["GET"]}}],"collection":[{"href":"https:\/\/www.europesays.com\/fr\/wp-json\/wp\/v2\/posts"}],"about":[{"href":"https:\/\/www.europesays.com\/fr\/wp-json\/wp\/v2\/types\/post"}],"author":[{"embeddable":true,"href":"https:\/\/www.europesays.com\/fr\/wp-json\/wp\/v2\/users\/2"}],"replies":[{"embeddable":true,"href":"https:\/\/www.europesays.com\/fr\/wp-json\/wp\/v2\/comments?post=208604"}],"version-history":[{"count":0,"href":"https:\/\/www.europesays.com\/fr\/wp-json\/wp\/v2\/posts\/208604\/revisions"}],"wp:featuredmedia":[{"embeddable":true,"href":"https:\/\/www.europesays.com\/fr\/wp-json\/wp\/v2\/media\/208605"}],"wp:attachment":[{"href":"https:\/\/www.europesays.com\/fr\/wp-json\/wp\/v2\/media?parent=208604"}],"wp:term":[{"taxonomy":"category","embeddable":true,"href":"https:\/\/www.europesays.com\/fr\/wp-json\/wp\/v2\/categories?post=208604"},{"taxonomy":"post_tag","embeddable":true,"href":"https:\/\/www.europesays.com\/fr\/wp-json\/wp\/v2\/tags?post=208604"}],"curies":[{"name":"wp","href":"https:\/\/api.w.org\/{rel}","templated":true}]}}