{"id":208606,"date":"2025-06-27T15:04:10","date_gmt":"2025-06-27T15:04:10","guid":{"rendered":"https:\/\/www.europesays.com\/fr\/208606\/"},"modified":"2025-06-27T15:04:10","modified_gmt":"2025-06-27T15:04:10","slug":"nora-preziosi-denonce-son-depart-contraint-de-13-habitat-en-pleniere-au-departement","status":"publish","type":"post","link":"https:\/\/www.europesays.com\/fr\/208606\/","title":{"rendered":"Nora Preziosi d\u00e9nonce son d\u00e9part contraint de 13 Habitat en pl\u00e9ni\u00e8re au D\u00e9partement"},"content":{"rendered":"<p>Arriv\u00e9e un peu plus d&rsquo;une heure apr\u00e8s le d\u00e9but de la s\u00e9ance, Nora Preziosi (DVD) \u00e9tait rest\u00e9e silencieuse dans l&rsquo;h\u00e9micycle du Conseil d\u00e9partemental des Bouches-du-Rh\u00f4ne, ce vendredi 27\u00a0juin. <a href=\"https:\/\/www.laprovence.com\/article\/region\/9992831574558\/marseille-nora-preziosi-persiste-et-signe-chez-13-habitat\" target=\"_blank\" rel=\"nofollow noopener\">La conseill\u00e8re d\u00e9partementale des quartiers Nord est sur la sellette<\/a> depuis <a href=\"https:\/\/www.laprovence.com\/article\/region\/43518060542452\/info-la-provence-conflits-dinterets-marches-publics-confies-a-des-proches-le-rapport-qui-accable-13-habitat-premier-bailleur-social-des-bouches-du-rhone\" target=\"_blank\" rel=\"nofollow noopener\">un rapport de l&rsquo;Ancols<\/a> mettant gravement en cause sa gestion \u00e0 la t\u00eate de 13 Habitat, le bailleur social satellite du D\u00e9partement.<\/p>\n","protected":false},"excerpt":{"rendered":"Arriv\u00e9e un peu plus d&rsquo;une heure apr\u00e8s le d\u00e9but de la s\u00e9ance, Nora Preziosi (DVD) \u00e9tait rest\u00e9e silencieuse&hellip;\n","protected":false},"author":2,"featured_media":208607,"comment_status":"","ping_status":"","sticky":false,"template":"","format":"standard","meta":{"footnotes":""},"categories":[2814],"tags":[17,1111,11,1433,1993,1777,674,1011,27,24255,884,12,16264,5241,5261,316,16265,882,25],"class_list":{"0":"post-208606","1":"post","2":"type-post","3":"status-publish","4":"format-standard","5":"has-post-thumbnail","7":"category-marseille","8":"tag-17","9":"tag-actu","10":"tag-actualites","11":"tag-ca","12":"tag-comme","13":"tag-eu","14":"tag-europe","15":"tag-fr","16":"tag-france","17":"tag-jette","18":"tag-marseille","19":"tag-news","20":"tag-nora","21":"tag-on","22":"tag-pas","23":"tag-politique","24":"tag-preziosi","25":"tag-provence-alpes-cote-dazur","26":"tag-republique-francaise"},"share_on_mastodon":{"url":"https:\/\/pubeurope.com\/@fr\/114755945362904108","error":""},"_links":{"self":[{"href":"https:\/\/www.europesays.com\/fr\/wp-json\/wp\/v2\/posts\/208606","targetHints":{"allow":["GET"]}}],"collection":[{"href":"https:\/\/www.europesays.com\/fr\/wp-json\/wp\/v2\/posts"}],"about":[{"href":"https:\/\/www.europesays.com\/fr\/wp-json\/wp\/v2\/types\/post"}],"author":[{"embeddable":true,"href":"https:\/\/www.europesays.com\/fr\/wp-json\/wp\/v2\/users\/2"}],"replies":[{"embeddable":true,"href":"https:\/\/www.europesays.com\/fr\/wp-json\/wp\/v2\/comments?post=208606"}],"version-history":[{"count":0,"href":"https:\/\/www.europesays.com\/fr\/wp-json\/wp\/v2\/posts\/208606\/revisions"}],"wp:featuredmedia":[{"embeddable":true,"href":"https:\/\/www.europesays.com\/fr\/wp-json\/wp\/v2\/media\/208607"}],"wp:attachment":[{"href":"https:\/\/www.europesays.com\/fr\/wp-json\/wp\/v2\/media?parent=208606"}],"wp:term":[{"taxonomy":"category","embeddable":true,"href":"https:\/\/www.europesays.com\/fr\/wp-json\/wp\/v2\/categories?post=208606"},{"taxonomy":"post_tag","embeddable":true,"href":"https:\/\/www.europesays.com\/fr\/wp-json\/wp\/v2\/tags?post=208606"}],"curies":[{"name":"wp","href":"https:\/\/api.w.org\/{rel}","templated":true}]}}