{"id":208612,"date":"2025-06-27T15:07:12","date_gmt":"2025-06-27T15:07:12","guid":{"rendered":"https:\/\/www.europesays.com\/fr\/208612\/"},"modified":"2025-06-27T15:07:12","modified_gmt":"2025-06-27T15:07:12","slug":"les-temperatures-dans-les-chambres-dhopital-a-lyon-alertent-un-syndicat","status":"publish","type":"post","link":"https:\/\/www.europesays.com\/fr\/208612\/","title":{"rendered":"les temp\u00e9ratures dans les chambres d\u2019h\u00f4pital \u00e0 Lyon alertent un syndicat"},"content":{"rendered":"<p>L\u2019\u00e9pisode caniculaire qui a touch\u00e9 Lyon cette semaine et se poursuivra la semaine prochaine provoque une hausse incontr\u00f4lable des temp\u00e9ratures dans certains services de l\u2019h\u00f4pital \u00c9douard-Herriot.<\/p>\n<p class=\"fig-paragraph\">\u00abDepuis plusieurs semaines, les temp\u00e9ratures ne cessent de grimper dans nos h\u00f4pitaux\u00bb. Le syndicat FA-FPH alerte sur le niveau de chaleur inqui\u00e9tant que provoque\u00a0<a href=\"http:\/\/www.lefigaro.fr\/lyon\/plus-de-300c-mesures-en-classe-dans-une-ecole-de-villeurbanne-ou-la-vague-de-chaleur-va-durer-20250623\" data-fig-type=\"NewsFlash\" data-gtm-custom-categorie=\"navigation\" data-gtm-custom-action=\"crossclick\" data-gtm-custom-label=\"Contextuel\" data-gtm-event=\"customEventSPE\" data-fig-domain=\"LEFIGARO\" target=\"_blank\" rel=\"noopener\">l\u2019\u00e9pisode caniculaire en cours \u00e0 Lyon<\/a>\u00a0dans certains services de\u00a0<a href=\"http:\/\/www.lefigaro.fr\/lyon\/il-poursuit-les-soignants-avec-une-fourchette-les-agressions-repetees-d-un-patient-de-l-hopital-edouard-herriot-de-lyon-20250603\" data-fig-type=\"NewsFlash\" data-gtm-custom-categorie=\"navigation\" data-gtm-custom-action=\"crossclick\" data-gtm-custom-label=\"Contextuel\" data-gtm-event=\"customEventSPE\" data-fig-domain=\"LEFIGARO\" target=\"_blank\" rel=\"noopener\">l\u2019h\u00f4pital \u00c9douard-Herriot<\/a>. Il indique avoir \u00e9crit \u00e0 la direction \u00e0 ce sujet, d\u00e9plorant un manque criant de moyens.<\/p>\n<p class=\"fig-paragraph\">\u00abPlusieurs pavillons comme les pavillons M et U voient les temp\u00e9ratures grimper dans les chambres. Certaines atteignent m\u00eame 33 degr\u00e9s, voire plus\u00bb, s\u2019alarme le syndicat, \u00e9voquant des \u00abprobl\u00e8mes r\u00e9currents\u00bb. Et de d\u00e9noncer l\u2019absence de pr\u00e9vention pour anticiper ces chaleurs. Le mercure est mont\u00e9 jusqu\u2019\u00e0 37\u00b0C cette semaine \u00e0 Lyon et pourrait d\u00e9passer ces niveaux dans les jours \u00e0 venir.<\/p>\n<p class=\"fig-paragraph\">\u00abLes patients, fragiles, et souvent tr\u00e8s \u00e2g\u00e9s, sont hospitalis\u00e9s dans des chambres sans climatisation, d\u00e9nonce le syndicat. Les agents hospitaliers souffrent\u00a0: les secr\u00e9taires, les soignants, sont victimes de maux de t\u00eate et de grosse fatigue. Les m\u00e9dicaments et leurs conditionnements sont alt\u00e9r\u00e9s par ces fortes chaleurs au vu de l\u2019absence de climatisation dans les salles de soins.\u00bb<\/p>\n<p>\u00abPeu de brumisateurs, peu de ventilateurs\u00bb<\/p>\n<p class=\"fig-paragraph\">Contact\u00e9e, la direction des Hospices civils de Lyon (HCL), qui regroupe 13 h\u00f4pitaux publics de l\u2019agglom\u00e9ration, ne r\u00e9pond pas sur le cas particulier d\u2019\u00c9douard Herriot mais assure au Figaro que \u00abplus de 80% des chambres des HCL sont rafra\u00eechies par une installation fixe\u00bb. \u00ab100% des espaces m\u00e9dico-techniques de prise en charge hospitali\u00e8re (blocs op\u00e9ratoires, r\u00e9animations, laboratoires, etc.) sont climatis\u00e9s \u00e0 l\u2019ann\u00e9e\u00a0; les services d\u2019urgences des quatre sites sont rafra\u00eechis\u00bb, poursuit la direction.<\/p>\n<p class=\"fig-body-link\">\n            \u00c0 lire aussi<br \/>\n        <a class=\"fig-body-link__link\" href=\"http:\/\/www.lefigaro.fr\/lyon\/lyon-une-chef-de-service-du-chu-visee-par-une-enquete-pour-detournement-fonds-20230606\" data-fig-type=\"Article\" data-gtm-custom-categorie=\"navigation\" data-gtm-custom-action=\"crossclick\" data-gtm-custom-label=\"Contextuel\" data-gtm-event=\"customEventSPE\" data-fig-domain=\"LEFIGARO\" target=\"_blank\" rel=\"noopener\">Lyon\u00a0: une chef de service du CHU vis\u00e9e par une enqu\u00eate pour d\u00e9tournement de fonds<br \/>\n    <\/a>\n<\/p>\n<p class=\"fig-paragraph\">Pour l\u2019heure, \u00abaucun cas grave li\u00e9 \u00e0 la canicule\u00bb n\u2019a \u00e9t\u00e9 recens\u00e9, assure la direction des HCL. Le syndicat FA-FPH d\u00e9nonce de son c\u00f4t\u00e9 le manque de pr\u00e9paration. Le pavillon M n\u2019a pas \u00e9t\u00e9 raccord\u00e9 au syst\u00e8me de ventilation, indique-t-il\u00a0: \u00ab\u00c0 ce jour, les temp\u00e9ratures s\u2019affolent mais pas de ventilation en vue\u00bb. \u00abPeu de brumisateurs, peu de ventilateurs sur pied\u00bb, \u00e9num\u00e8re le syndicat, et des fontaines \u00e0 eau \u00absouvent en panne\u00bb.<\/p>\n<p class=\"fig-paragraph\">La direction des HCL assure que ses professionnels sont form\u00e9s pour adapter la prise en charge des patients face \u00e0 ces vagues de chaleur. Elle pr\u00e9cise que, dans les trois structures g\u00e9riatriques du groupement, brumisateurs et ventilateurs sont mis \u00e0 disposition des patients, les menus adapt\u00e9s et les activit\u00e9s organis\u00e9s dans des locaux climatis\u00e9s.<\/p>\n","protected":false},"excerpt":{"rendered":"L\u2019\u00e9pisode caniculaire qui a touch\u00e9 Lyon cette semaine et se poursuivra la semaine prochaine provoque une hausse incontr\u00f4lable&hellip;\n","protected":false},"author":2,"featured_media":208613,"comment_status":"","ping_status":"","sticky":false,"template":"","format":"standard","meta":{"footnotes":""},"categories":[1889],"tags":[1111,11,5273,2430,5299,5272,6698,5312,5296,5285,1777,674,5293,1011,27,5303,5311,100,5301,5279,5275,5313,5276,5300,5302,5280,5298,5281,5306,5305,5308,5309,5284,5294,5297,5269,5271,5268,5270,5267,2428,5295,5307,5277,5304,5283,12,978,5274,25,2431,5314,5288,5292,5289,5291,5290,5315,5282,5286,5310,5287,5278],"class_list":{"0":"post-208612","1":"post","2":"type-post","3":"status-publish","4":"format-standard","5":"has-post-thumbnail","7":"category-lyon","8":"tag-actu","9":"tag-actualites","10":"tag-ainay","11":"tag-auvergne-rhone-alpes","12":"tag-bellecombe","13":"tag-bellecour","14":"tag-canicule","15":"tag-champvert-nord","16":"tag-champvert-sud","17":"tag-clos-jouve","18":"tag-eu","19":"tag-europe","20":"tag-fourviere","21":"tag-fr","22":"tag-france","23":"tag-gerland","24":"tag-gorge-de-loup","25":"tag-hopital","26":"tag-jean-mace","27":"tag-la-buire","28":"tag-la-confluence","29":"tag-la-duchere","30":"tag-la-guillotiere-nord-prefecture","31":"tag-la-guillotiere-sud","32":"tag-la-mouche","33":"tag-la-part-dieu","34":"tag-la-tete-dor","35":"tag-la-villette","36":"tag-laennec","37":"tag-le-bachut","38":"tag-le-grand-trou","39":"tag-le-moulin-a-vent","40":"tag-le-plateau-de-la-croix-rousse","41":"tag-le-point-du-jour","42":"tag-les-brotteaux","43":"tag-les-chartreux","44":"tag-les-cordeliers","45":"tag-les-pentes-de-la-croix-rousse","46":"tag-les-terreaux","47":"tag-les-traboules","48":"tag-lyon","49":"tag-menival","50":"tag-mermoz","51":"tag-moncey","52":"tag-monplaisir","53":"tag-montchat","54":"tag-news","55":"tag-olympique-lyonnais","56":"tag-perrache","57":"tag-republique-francaise","58":"tag-rhone-alpes","59":"tag-rochecardon-industrie","60":"tag-saint-georges","61":"tag-saint-irenee","62":"tag-saint-jean","63":"tag-saint-just","64":"tag-saint-paul","65":"tag-saint-rambert-lile-barbe","66":"tag-sans-souci-dauphine","67":"tag-serin-saint-charles","68":"tag-vaise","69":"tag-vieux-lyon","70":"tag-voltaire"},"share_on_mastodon":{"url":"","error":"Validation failed: Text character limit of 500 exceeded"},"_links":{"self":[{"href":"https:\/\/www.europesays.com\/fr\/wp-json\/wp\/v2\/posts\/208612","targetHints":{"allow":["GET"]}}],"collection":[{"href":"https:\/\/www.europesays.com\/fr\/wp-json\/wp\/v2\/posts"}],"about":[{"href":"https:\/\/www.europesays.com\/fr\/wp-json\/wp\/v2\/types\/post"}],"author":[{"embeddable":true,"href":"https:\/\/www.europesays.com\/fr\/wp-json\/wp\/v2\/users\/2"}],"replies":[{"embeddable":true,"href":"https:\/\/www.europesays.com\/fr\/wp-json\/wp\/v2\/comments?post=208612"}],"version-history":[{"count":0,"href":"https:\/\/www.europesays.com\/fr\/wp-json\/wp\/v2\/posts\/208612\/revisions"}],"wp:featuredmedia":[{"embeddable":true,"href":"https:\/\/www.europesays.com\/fr\/wp-json\/wp\/v2\/media\/208613"}],"wp:attachment":[{"href":"https:\/\/www.europesays.com\/fr\/wp-json\/wp\/v2\/media?parent=208612"}],"wp:term":[{"taxonomy":"category","embeddable":true,"href":"https:\/\/www.europesays.com\/fr\/wp-json\/wp\/v2\/categories?post=208612"},{"taxonomy":"post_tag","embeddable":true,"href":"https:\/\/www.europesays.com\/fr\/wp-json\/wp\/v2\/tags?post=208612"}],"curies":[{"name":"wp","href":"https:\/\/api.w.org\/{rel}","templated":true}]}}