{"id":208618,"date":"2025-06-27T15:13:15","date_gmt":"2025-06-27T15:13:15","guid":{"rendered":"https:\/\/www.europesays.com\/fr\/208618\/"},"modified":"2025-06-27T15:13:15","modified_gmt":"2025-06-27T15:13:15","slug":"commerce-cette-fois-cest-fini-pour-casa-placee-en-liquidation-judiciaire","status":"publish","type":"post","link":"https:\/\/www.europesays.com\/fr\/208618\/","title":{"rendered":"Commerce\u00a0: cette fois, c\u2019est fini pour Casa, plac\u00e9e en liquidation judiciaire"},"content":{"rendered":"<p class=\"paragraph text_align_left lp-f-body-02\">Le tribunal de commerce de Bobigny (Seine-Saint-Denis) a tranch\u00e9 : l\u2019enseigne de d\u00e9coration Casa a \u00e9t\u00e9 plac\u00e9e en liquidation judiciaire ce vendredi 27 juin \u00ab sans maintien de l\u2019activit\u00e9 \u00bb, selon la d\u00e9cision dont Le Parisien a pu prendre connaissance. La soci\u00e9t\u00e9 avait \u00e9t\u00e9 plac\u00e9e en redressement judiciaire le 2 avril. Le 11 juin, <a href=\"https:\/\/www.leparisien.fr\/economie\/casa-lentreprise-dameublement-qui-emploie-pres-de-700-salaries-placee-en-liquidation-judiciaire-11-06-2025-4VBYQVBCSFC5NMTDWBHSBTZKOI.php\" target=\"_self\" rel=\"noopener\">le tribunal avait examin\u00e9 les offres<\/a> pr\u00e9sent\u00e9es par plusieurs repreneurs potentiels, mais \u00e0 la sortie de l\u2019audience, l\u2019enseigne avait elle-m\u00eame estim\u00e9, par voie de communiqu\u00e9, que ces offres pourraient \u00eatre jug\u00e9es \u00ab irrecevables \u00bb.<\/p>\n<p class=\"paragraph text_align_left lp-f-body-02\">Parmi les neuf offres de reprises d\u00e9pos\u00e9es dans les d\u00e9lais impartis, trois seulement \u00e9manaient de soci\u00e9t\u00e9s exer\u00e7ant des activit\u00e9s similaires ou proches de celle <a href=\"https:\/\/www.leparisien.fr\/economie\/fermetures-de-boutiques-concurrence-des-discounters-lavenir-incertain-de-lenseigne-de-deco-casa-15-11-2024-6DIQH5RAERBXBEYQWEKE2WKZEM.php\" target=\"_blank\" rel=\"noreferrer noopener\">de Casa France<\/a>. Elles ne portaient que sur une poign\u00e9e de points de vente (six au mieux).<\/p>\n<p>Les magasins baissent le rideau<\/p>\n<p class=\"paragraph text_align_left lp-f-body-02\">Le tribunal a jug\u00e9 que deux d\u2019entre elles \u00e9taient irrecevables et que la troisi\u00e8me comportait \u00ab une offre particuli\u00e8rement limit\u00e9e en emplois \u00bb et proposait un prix faible. La proc\u00e9dure de redressement a donc \u00e9t\u00e9 convertie en liquidation.<\/p>\n<p class=\"paragraph text_align_left lp-f-body-02\">Les magasins devraient baisser le rideau d\u00e8s ce vendredi soir. De toute fa\u00e7on, la plupart des boutiques sont d\u00e9j\u00e0 vides, les stocks sont partis au cours des derni\u00e8res semaines, au gr\u00e9 de promotions massives. \u00ab Il ne reste plus rien, confirme une vendeuse de la r\u00e9gion parisienne. On vient au travail pour ne rien faire, ce n\u2019est pas terrible. Il faut maintenant accepter la r\u00e9alit\u00e9. \u00bb Terrible ironie du moment : les stocks de la filiale belge du groupe Casa \u2014 qui servait de centrale d\u2019achats aux magasins de l\u2019Hexagone et qui a \u00e9t\u00e9 liquid\u00e9e en mars \u2014 arrivent par camions entiers\u2026 <a href=\"https:\/\/www.leparisien.fr\/economie\/consommation\/cest-60-sur-tout-le-soldeur-francais-noz-brade-lenorme-stock-de-casa-belgique-08-06-2025-SYR5HEJ2UZARRF34X4BSBTZ2RY.php\" target=\"_self\" rel=\"noopener\">dans les magasins du d\u00e9stockeur Noz<\/a>, o\u00f9 ils seront \u00e9coul\u00e9s \u00e0 -60 %.<\/p>\n<p>Une embellie gr\u00e2ce aux pr\u00eats garantis par l\u2019\u00c9tat<\/p>\n<p class=\"paragraph text_align_left lp-f-body-02\">\u00ab Nos salaires seront pay\u00e9s fin juin, et ensuite, il va falloir qu\u2019on se projette sur la suite \u00bb, dit encore une employ\u00e9e, qui se pr\u00e9pare au ch\u00f4mage. Un peu moins de 700 salari\u00e9s, dont 577 en contrat \u00e0 dur\u00e9e ind\u00e9termin\u00e9e, travaillaient encore dans les 143 boutiques Casa fran\u00e7aises, auxquelles il faut ajouter deux magasins franchis\u00e9s.<\/p>\n<p class=\"paragraph text_align_left lp-f-body-02\">La chute de la soci\u00e9t\u00e9 suit de pr\u00e8s celle de sa s\u0153ur belge, Casa International, qui assurait des fonctions cl\u00e9s, telles que l\u2019approvisionnement des magasins ou la gestion du syst\u00e8me informatique au sein du groupe (fond\u00e9 en 1975 en Belgique et qui compte 400 magasins dans 9 pays). \u00ab Cette liquidation est la cons\u00e9quence directe de la d\u00e9faillance de Casa International \u00bb, mart\u00e8le dans un communiqu\u00e9 l\u2019enseigne fran\u00e7aise, \u00e9voquant un \u00ab choc exog\u00e8ne, totalement ind\u00e9pendant de la gestion de Casa France \u00bb, s\u2019ajoutant \u00e0 \u00ab un march\u00e9 d\u00e9j\u00e0 en crise pour le secteur de l\u2019ameublement et de la d\u00e9coration, fortement impact\u00e9 par la conjoncture du secteur immobilier \u00bb.<\/p>\n<p class=\"paragraph text_align_left lp-f-body-02\">Selon les \u00e9l\u00e9ments d\u2019un rapport d\u2019expertise r\u00e9alis\u00e9 au moment de l\u2019entr\u00e9e de la soci\u00e9t\u00e9 en redressement judiciaire, l\u2019activit\u00e9 de Casa en France s\u2019\u00e9tait d\u00e9j\u00e0 d\u00e9grad\u00e9e avant la crise sanitaire. Durant la p\u00e9riode du Covid, l\u2019entreprise avait pu contracter trois emprunts, sous la forme <a href=\"https:\/\/www.leparisien.fr\/economie\/pret-garanti-par-letat-les-petites-entreprises-au-pied-du-mur-de-la-dette-24-06-2025-ZZF4YFCVJBDK5OVM7BUWUAPIAQ.php\" target=\"_self\" rel=\"noopener\">de pr\u00eats garantis par l\u2019\u00c9tat (PGE)<\/a>, et avait alors connu deux ann\u00e9es d\u2019embellie en 2020 et 2021- comme d\u2019ailleurs l\u2019ensemble des soci\u00e9t\u00e9s du secteur de la d\u00e9coration et du bricolage. Le chiffre d\u2019affaires a ensuite chut\u00e9 rapidement \u00e0 partir de 2022.<\/p>\n","protected":false},"excerpt":{"rendered":"Le tribunal de commerce de Bobigny (Seine-Saint-Denis) a tranch\u00e9 : l\u2019enseigne de d\u00e9coration Casa a \u00e9t\u00e9 plac\u00e9e en&hellip;\n","protected":false},"author":2,"featured_media":208619,"comment_status":"","ping_status":"","sticky":false,"template":"","format":"standard","meta":{"footnotes":""},"categories":[1888],"tags":[1111,1928,11,1927,130,33,1777,674,1011,27,12,1926,626,1925,25],"class_list":{"0":"post-208618","1":"post","2":"type-post","3":"status-publish","4":"format-standard","5":"has-post-thumbnail","7":"category-paris","8":"tag-actu","9":"tag-actu-paris","10":"tag-actualites","11":"tag-actualites-paris","12":"tag-consommation","13":"tag-economie","14":"tag-eu","15":"tag-europe","16":"tag-fr","17":"tag-france","18":"tag-news","19":"tag-news-paris","20":"tag-paris","21":"tag-paris-news","22":"tag-republique-francaise"},"share_on_mastodon":{"url":"https:\/\/pubeurope.com\/@fr\/114755981143768023","error":""},"_links":{"self":[{"href":"https:\/\/www.europesays.com\/fr\/wp-json\/wp\/v2\/posts\/208618","targetHints":{"allow":["GET"]}}],"collection":[{"href":"https:\/\/www.europesays.com\/fr\/wp-json\/wp\/v2\/posts"}],"about":[{"href":"https:\/\/www.europesays.com\/fr\/wp-json\/wp\/v2\/types\/post"}],"author":[{"embeddable":true,"href":"https:\/\/www.europesays.com\/fr\/wp-json\/wp\/v2\/users\/2"}],"replies":[{"embeddable":true,"href":"https:\/\/www.europesays.com\/fr\/wp-json\/wp\/v2\/comments?post=208618"}],"version-history":[{"count":0,"href":"https:\/\/www.europesays.com\/fr\/wp-json\/wp\/v2\/posts\/208618\/revisions"}],"wp:featuredmedia":[{"embeddable":true,"href":"https:\/\/www.europesays.com\/fr\/wp-json\/wp\/v2\/media\/208619"}],"wp:attachment":[{"href":"https:\/\/www.europesays.com\/fr\/wp-json\/wp\/v2\/media?parent=208618"}],"wp:term":[{"taxonomy":"category","embeddable":true,"href":"https:\/\/www.europesays.com\/fr\/wp-json\/wp\/v2\/categories?post=208618"},{"taxonomy":"post_tag","embeddable":true,"href":"https:\/\/www.europesays.com\/fr\/wp-json\/wp\/v2\/tags?post=208618"}],"curies":[{"name":"wp","href":"https:\/\/api.w.org\/{rel}","templated":true}]}}