{"id":208620,"date":"2025-06-27T15:14:09","date_gmt":"2025-06-27T15:14:09","guid":{"rendered":"https:\/\/www.europesays.com\/fr\/208620\/"},"modified":"2025-06-27T15:14:09","modified_gmt":"2025-06-27T15:14:09","slug":"londres-et-paris-sur-le-point-de-signer-un-accord-migratoire","status":"publish","type":"post","link":"https:\/\/www.europesays.com\/fr\/208620\/","title":{"rendered":"Londres et Paris sur le point de signer un accord migratoire"},"content":{"rendered":"\n<p>\u201cLe moment s\u2019apparente \u00e0 un tournant\u201d, <a href=\"https:\/\/www.thetimes.com\/uk\/politics\/article\/uk-and-france-discuss-one-in-one-out-migrant-returns-wjlgr66ms?t=1751013480359\" rel=\"nofollow noopener\" target=\"_blank\">annonce <strong>The Times<\/strong><\/a><strong>.<\/strong> Pour la premi\u00e8re fois depuis le Brexit, \u201cla France se montre dispos\u00e9e \u00e0 r\u00e9cup\u00e9rer des migrants arriv\u00e9s sur les c\u00f4tes anglaises par la Manche\u201d.<\/p>\n<p>Selon les informations de la presse britannique, ce vendredi 27\u00a0juin, Paris et Londres seraient sur le point de finaliser un accord in\u00e9dit, \u00e0 quelques jours du premier anniversaire de l\u2019entr\u00e9e du Premier ministre <a href=\"https:\/\/www.courrierinternational.com\/sujet\/keir-starmer\" rel=\"nofollow noopener\" target=\"_blank\">Keir Starmer<\/a> \u00e0 Downing Street (le 5\u00a0juillet) et de la visite d\u2019\u00c9tat d\u2019<a href=\"https:\/\/www.courrierinternational.com\/sujet\/emmanuel-macron\" rel=\"nofollow noopener\" target=\"_blank\">Emmanuel Macron<\/a> au Royaume-Uni, pr\u00e9vue du 8\u00a0au 10\u00a0juillet.<\/p>\n<p>\u201cLes d\u00e9tails sont encore en discussion avec <a href=\"https:\/\/www.courrierinternational.com\/sujet\/bruno-retailleau\" rel=\"nofollow noopener\" target=\"_blank\">Bruno Retailleau<\/a>, le ministre de l\u2019Int\u00e9rieur, mais l\u2019id\u00e9e globale est que pour chaque migrant qui traverse la Manche, le Royaume-Uni aura le droit d\u2019en renvoyer un autre en France\u201d, <a class=\"ithalc\" data-ithal=\"lien_externe\" data-ithalc=\"[nav_article]\" target=\"_blank\" href=\"https:\/\/www.telegraph.co.uk\/opinion\/2025\/06\/26\/a-deal-with-france-is-unlikely-to-solve-our-migration-woes\/\" rel=\"nofollow noopener\">d\u00e9crypte <strong>The Daily Telegraph<\/strong><\/a><strong>.<\/strong><\/p>\n<p>\u201cEn vertu de cet accord, qui prendrait d\u2019abord la forme de programme pilote, un syst\u00e8me de traitement conjoint serait mis en place pour identifier en particulier les migrants dont la demande de rapprochement familial au Royaume-Uni est jug\u00e9e valide\u201d, ajoute le Times. C\u00f4t\u00e9 fran\u00e7ais, les personnes re\u00e7ues seraient r\u00e9parties \u201cloin des<\/p>\n","protected":false},"excerpt":{"rendered":"\u201cLe moment s\u2019apparente \u00e0 un tournant\u201d, annonce The Times. Pour la premi\u00e8re fois depuis le Brexit, \u201cla France&hellip;\n","protected":false},"author":2,"featured_media":208621,"comment_status":"","ping_status":"","sticky":false,"template":"","format":"standard","meta":{"footnotes":""},"categories":[1888],"tags":[1111,1928,11,1927,1777,674,1011,27,1061,12,1926,626,1925,316,25,473],"class_list":{"0":"post-208620","1":"post","2":"type-post","3":"status-publish","4":"format-standard","5":"has-post-thumbnail","7":"category-paris","8":"tag-actu","9":"tag-actu-paris","10":"tag-actualites","11":"tag-actualites-paris","12":"tag-eu","13":"tag-europe","14":"tag-fr","15":"tag-france","16":"tag-immigration","17":"tag-news","18":"tag-news-paris","19":"tag-paris","20":"tag-paris-news","21":"tag-politique","22":"tag-republique-francaise","23":"tag-royaume-uni"},"share_on_mastodon":{"url":"https:\/\/pubeurope.com\/@fr\/114755984938254974","error":""},"_links":{"self":[{"href":"https:\/\/www.europesays.com\/fr\/wp-json\/wp\/v2\/posts\/208620","targetHints":{"allow":["GET"]}}],"collection":[{"href":"https:\/\/www.europesays.com\/fr\/wp-json\/wp\/v2\/posts"}],"about":[{"href":"https:\/\/www.europesays.com\/fr\/wp-json\/wp\/v2\/types\/post"}],"author":[{"embeddable":true,"href":"https:\/\/www.europesays.com\/fr\/wp-json\/wp\/v2\/users\/2"}],"replies":[{"embeddable":true,"href":"https:\/\/www.europesays.com\/fr\/wp-json\/wp\/v2\/comments?post=208620"}],"version-history":[{"count":0,"href":"https:\/\/www.europesays.com\/fr\/wp-json\/wp\/v2\/posts\/208620\/revisions"}],"wp:featuredmedia":[{"embeddable":true,"href":"https:\/\/www.europesays.com\/fr\/wp-json\/wp\/v2\/media\/208621"}],"wp:attachment":[{"href":"https:\/\/www.europesays.com\/fr\/wp-json\/wp\/v2\/media?parent=208620"}],"wp:term":[{"taxonomy":"category","embeddable":true,"href":"https:\/\/www.europesays.com\/fr\/wp-json\/wp\/v2\/categories?post=208620"},{"taxonomy":"post_tag","embeddable":true,"href":"https:\/\/www.europesays.com\/fr\/wp-json\/wp\/v2\/tags?post=208620"}],"curies":[{"name":"wp","href":"https:\/\/api.w.org\/{rel}","templated":true}]}}