{"id":208624,"date":"2025-06-27T15:16:10","date_gmt":"2025-06-27T15:16:10","guid":{"rendered":"https:\/\/www.europesays.com\/fr\/208624\/"},"modified":"2025-06-27T15:16:10","modified_gmt":"2025-06-27T15:16:10","slug":"pire-tempete-a-paris-depuis-1999-arbres-deblayes-parcs-reouverts-progressivement-comment-securiser-la-capitale-apres-les-importants-degats","status":"publish","type":"post","link":"https:\/\/www.europesays.com\/fr\/208624\/","title":{"rendered":"\u00ab\u00a0Pire temp\u00eate \u00e0 Paris depuis 1999\u00a0\u00bb, arbres d\u00e9blay\u00e9s, parcs r\u00e9ouverts progressivement, comment s\u00e9curiser la capitale apr\u00e8s les importants d\u00e9g\u00e2ts ?"},"content":{"rendered":"<p class=\"article__intro\">Mercredi, une violente temp\u00eate a frapp\u00e9 Paris. Entre 500 et 1 000 arbres ont \u00e9t\u00e9 s\u00e9v\u00e8rement touch\u00e9s par les rafales. Un bon nombre d&rsquo;entre eux se retrouvant au sol. Depuis, des \u00e9quipes d&rsquo;\u00e9lagueurs travaillent jour et nuit pour s\u00e9curiser la voie publique et notamment les parcs et jardins afin de permettre aux Parisiens d&rsquo;y acc\u00e9der.<\/p>\n<p>\n      L&rsquo;essentiel du jour : notre s\u00e9lection exclusive\n    <\/p>\n<p>\n      Chaque jour, notre r\u00e9daction vous r\u00e9serve le meilleur de l&rsquo;info r\u00e9gionale. Une s\u00e9lection rien que pour vous, pour rester en lien avec vos r\u00e9gions.\n    <\/p>\n<p>    France T\u00e9l\u00e9visions utilise votre adresse e-mail afin de vous envoyer la newsletter \u00ab\u00a0L&rsquo;essentiel du jour : notre s\u00e9lection exclusive\u00a0\u00bb. Vous pouvez vous d\u00e9sinscrire \u00e0 tout moment via le lien en bas de cette newsletter. <a target=\"_blank\" href=\"https:\/\/www.francetelevisions.fr\/groupe\/confidentialite\/politique-de-confidentialite\/politique-de-confidentialite-de-france-televisions-6503\" rel=\"noopener\">Notre politique de confidentialit\u00e9<\/a><\/p>\n<p>\u00ab\u00a0Cela fait deux jours qu&rsquo;on est sur le pont. Il y a beaucoup d&rsquo;arbres \u00e0 s\u00e9curiser\u00a0\u00bb. Mithridate Robben, conducteur de travaux au sein du SAMU, (Soins des arbres en milieu urbain). Depuis mercredi la soci\u00e9t\u00e9 priv\u00e9e vient en aide aux agents de la mairie de Paris pour d\u00e9blayer les arbres tomb\u00e9s sur la voie publique en raison de la temp\u00eate survenue mercredi. Avec les services de propret\u00e9 et d\u2019entretien des espaces verts de la Ville de Paris, la soci\u00e9t\u00e9 s&#8217;emploie \u00e0 \u00ab\u00a0d\u00e9gager des pistes cyclables, trottoirs et axes routiers, les branches d\u2019arbres tomb\u00e9es au sol mais \u00e9galement pour retirer les arbres d\u00e9racin\u00e9s.\u00a0\u00bb<\/p>\n<p>Des arbres au sol, il y en a partout dans la capitale. Ils ont pli\u00e9 sous les fortes rafales de vent, jusqu&rsquo;\u00e0 120 km\/h qui ont touch\u00e9 Paris. La pire temp\u00eate depuis celle de 1999 selon la municipalit\u00e9.<\/p>\n<p>Du d\u00e9blayage, mais pas seulement. \u00ab\u00a0Les branches qui sont au sol ne sont pas les plus dangereuses car elles sont d\u00e9j\u00e0 tomb\u00e9es. Celles qui nous inqui\u00e8tent sont celles qui tiennent encore sur les arbres mais menacent de tomber car la structure de l&rsquo;arbre a \u00e9t\u00e9 fragilis\u00e9e\u00a0\u00bb, indique Mithridate Robben. Pour retirer les branches, les \u00e9lagueurs utilisent des nacelles \u00e0 plusieurs dizaines de m\u00e8tres de hauteur.<\/p>\n<p>Ses \u00e9quipes sont mobilis\u00e9es partout dans Paris car des arbres sont tomb\u00e9s dans de nombreux arrondissements. La mairie de Paris d\u00e9taille que les plus gros d\u00e9g\u00e2ts sont survenus dans les 10e, 15e, 16e, et 17e\u00a0\u00ab\u00a0et dans une moindre mesure\u00a0\u00bb dans les 9e, 18e\u00a0et 19e\u00a0arrondissements.<\/p>\n<p>Depuis mercredi, la cadence est intense. \u00ab\u00a0On commence t\u00f4t le matin et on ne sait pas \u00e0 quelle heure on va terminer tant les d\u00e9g\u00e2ts sont importants\u00a0\u00bb, raconte le conducteur de travaux.<\/p>\n<p>La ville de Paris estime qu&rsquo;entre 500 et 1 000 arbres sont \u00ab\u00a0s\u00e9v\u00e8rement touch\u00e9s\u00a0\u00bb, dans un communiqu\u00e9 publi\u00e9 ce jeudi.<\/p>\n<p>\u00ab\u00a0Il y a eu beaucoup de vent et des fortes chaleurs auparavant et cela a engendr\u00e9 un stress hydrique\u00a0\u00bb, d\u00e9taille Benjamin Ginet, \u00e9lagueur pour la soci\u00e9t\u00e9 SAMU.<\/p>\n<p>\u00ab\u00a0On sera encore mobilis\u00e9 la semaine prochaine\u00a0\u00bb, anticipe pour sa part le conducteur des travaux. \u00ab\u00a0Le travail d&rsquo;identification des arbres impact\u00e9s et l&rsquo;intervention des services doivent se poursuivre dans les prochains jours. De nombreux arbres vont ainsi faire l\u2019objet de contr\u00f4les, afin de d\u00e9terminer s\u2019ils ont \u00e9t\u00e9 d\u00e9grad\u00e9s cette nuit et pr\u00e9sentent un \u00e9ventuel danger dans l\u2019espace public. Des interventions adapt\u00e9es seront programm\u00e9es au fur et \u00e0 mesure de ces contr\u00f4les\u00a0\u00bb,confirme la Ville de Paris.<\/p>\n<p>Les parcs et jardins de la municipalit\u00e9 ont \u00e9t\u00e9 ferm\u00e9s sur d\u00e9cision de la Ville mercredi 30 minutes apr\u00e8s l&rsquo;alerte M\u00e9t\u00e9o France, \u00ab\u00a0le temps d\u2019en contr\u00f4ler les arbres et de les mettre enti\u00e8rement en s\u00e9curit\u00e9\u00a0\u00bb, d\u00e9taille Christophe Najdovski, adjoint en charge des espaces verts et de la v\u00e9g\u00e9talisation \u00e0 la Mairie de Paris.<\/p>\n<p>Les espaces verts d\u00e9j\u00e0 s\u00e9curis\u00e9s ont rouvert progressivement jeudi et vendredi. C&rsquo;est le cas pour les parcs du centre et de l&rsquo;est parisien. La majorit\u00e9 des parcs et des jardins du 16e arrondissement sont encore ferm\u00e9s, \u00e0 quelques exceptions. \u00ab\u00a0C&rsquo;est le secteur le plus impact\u00e9, donc certains n&rsquo;ouvriront pas avant plusieurs jours, le temps que les op\u00e9rations de s\u00e9curisation se terminent\u00a0\u00bb, d\u00e9taille l&rsquo;adjoint. Des zones ont \u00e9t\u00e9 s\u00e9curis\u00e9es dans certains d&rsquo;entre eux comme aux Jardins du Trocad\u00e9ro.<\/p>\n<p>\u00c0 Paris, la temp\u00eate n&rsquo;a fait aucun bless\u00e9. Ailleurs en France, 2 personnes dont un enfant de 12 ans ont perdu la vie. 17 ont \u00e9t\u00e9 bless\u00e9es.<\/p>\n","protected":false},"excerpt":{"rendered":"Mercredi, une violente temp\u00eate a frapp\u00e9 Paris. Entre 500 et 1 000 arbres ont \u00e9t\u00e9 s\u00e9v\u00e8rement touch\u00e9s par&hellip;\n","protected":false},"author":2,"featured_media":208625,"comment_status":"","ping_status":"","sticky":false,"template":"","format":"standard","meta":{"footnotes":""},"categories":[1888],"tags":[11,1777,674,1011,27,12,626,25],"class_list":{"0":"post-208624","1":"post","2":"type-post","3":"status-publish","4":"format-standard","5":"has-post-thumbnail","7":"category-paris","8":"tag-actualites","9":"tag-eu","10":"tag-europe","11":"tag-fr","12":"tag-france","13":"tag-news","14":"tag-paris","15":"tag-republique-francaise"},"share_on_mastodon":{"url":"https:\/\/pubeurope.com\/@fr\/114755992703718163","error":""},"_links":{"self":[{"href":"https:\/\/www.europesays.com\/fr\/wp-json\/wp\/v2\/posts\/208624","targetHints":{"allow":["GET"]}}],"collection":[{"href":"https:\/\/www.europesays.com\/fr\/wp-json\/wp\/v2\/posts"}],"about":[{"href":"https:\/\/www.europesays.com\/fr\/wp-json\/wp\/v2\/types\/post"}],"author":[{"embeddable":true,"href":"https:\/\/www.europesays.com\/fr\/wp-json\/wp\/v2\/users\/2"}],"replies":[{"embeddable":true,"href":"https:\/\/www.europesays.com\/fr\/wp-json\/wp\/v2\/comments?post=208624"}],"version-history":[{"count":0,"href":"https:\/\/www.europesays.com\/fr\/wp-json\/wp\/v2\/posts\/208624\/revisions"}],"wp:featuredmedia":[{"embeddable":true,"href":"https:\/\/www.europesays.com\/fr\/wp-json\/wp\/v2\/media\/208625"}],"wp:attachment":[{"href":"https:\/\/www.europesays.com\/fr\/wp-json\/wp\/v2\/media?parent=208624"}],"wp:term":[{"taxonomy":"category","embeddable":true,"href":"https:\/\/www.europesays.com\/fr\/wp-json\/wp\/v2\/categories?post=208624"},{"taxonomy":"post_tag","embeddable":true,"href":"https:\/\/www.europesays.com\/fr\/wp-json\/wp\/v2\/tags?post=208624"}],"curies":[{"name":"wp","href":"https:\/\/api.w.org\/{rel}","templated":true}]}}