{"id":208626,"date":"2025-06-27T15:17:13","date_gmt":"2025-06-27T15:17:13","guid":{"rendered":"https:\/\/www.europesays.com\/fr\/208626\/"},"modified":"2025-06-27T15:17:13","modified_gmt":"2025-06-27T15:17:13","slug":"lunion-europeenne-renouvelle-ses-sanctions-contre-la-russie","status":"publish","type":"post","link":"https:\/\/www.europesays.com\/fr\/208626\/","title":{"rendered":"L&rsquo;Union europ\u00e9enne renouvelle ses sanctions contre la Russie"},"content":{"rendered":"<ol class=\"table-of-contents\">\n<li><a href=\"#accords-de-paix-de-minsknbsp-\">Accords de paix de Minsk\u00a0<\/a>\n<\/li>\n<\/ol>\n<p><strong>Tous les six mois depuis 2014, en raison de la crise dans l&rsquo;est de l&rsquo;Ukraine, de la guerre et de la violation des accords de paix de Minsk, l&rsquo;Union europ\u00e9enne (UE) renouvelle la dur\u00e9e et la port\u00e9e du train de sanctions qu&rsquo;elle a impos\u00e9 \u00e0 la Russie \u00e0 l&rsquo;unanimit\u00e9 de ses 27 \u00c9tats membres.\u00a0<\/strong><\/p>\n<p>Certaines des sanctions impos\u00e9es par l&rsquo;UE comprennent la restriction du march\u00e9 ext\u00e9rieur russe, l&rsquo;interdiction des transactions et la suspension des licences de radiodiffusion dans l&rsquo;UE ou l&rsquo;utilisation d&rsquo;armes chimiques en Ukraine.\u00a0<\/p>\n<p>Cette fois-ci,<strong> des mesures suppl\u00e9mentaires ont \u00e9t\u00e9 ajout\u00e9es, telles que le gel de plus de 230 milliards de dollars d&rsquo;actifs de la Banque centrale russe. Cinq \u00e9tablissements bancaires russes sont concern\u00e9s, tant sur le territoire de l&rsquo;UE qu&rsquo;\u00e0 l&rsquo;ext\u00e9rieur.\u00a0<\/strong><\/p>\n<p><strong>Le pr\u00e9sident ukrainien, Volodimir Zelenski, a recommand\u00e9 que le commerce p\u00e9trolier,<\/strong> la flotte p\u00e9troli\u00e8re et les cha\u00eenes d&rsquo;approvisionnement russes qui contribuent \u00e0 la fabrication d&rsquo;armes soient \u00e9galement sanctionn\u00e9s. \u00a0<\/p>\n<p>Ainsi, la vente d&rsquo;armes et de technologies pouvant \u00eatre utilis\u00e9es \u00e0 des fins militaires a \u00e9galement \u00e9t\u00e9 interdite et la pr\u00e9sence russe dans le secteur p\u00e9trolier a \u00e9t\u00e9 restreinte.<\/p>\n<p>D&rsquo;autre part, le Premier ministre slovaque, Robert Fico, a oppos\u00e9 son veto \u00e0 un nouveau train de sanctions suppl\u00e9mentaires li\u00e9es \u00e0 l&rsquo;importation de gaz. Son pays a en effet besoin de l&rsquo;approvisionnement en gaz russe et il entendait faire pression sur la Commission europ\u00e9enne pour qu&rsquo;elle le lui garantisse avant de mettre fin \u00e0 toute importation de gaz russe d&rsquo;ici 2027. Une position qui va \u00e0 l&rsquo;encontre du courant g\u00e9n\u00e9ral des sanctions contre la Russie de <a target=\"_blank\" href=\"https:\/\/www.atalayar.com\/fr\/articulo\/politique\/poutine-acceptera-rencontrer-zelensky-dans-phase-finale-des-negociations\/20250623190000216229.html\" rel=\"nofollow noopener\">Vladimir Poutine<\/a>. \u00a0<\/p>\n<p>Accords de paix de Minsk\u00a0<\/p>\n<p><strong>La condition pos\u00e9e par l&rsquo;UE pour lever les sanctions \u00e9conomiques est que la Russie respecte int\u00e9gralement les accords de Minsk. Or, depuis leur promulgation, la Russie ne les a pas respect\u00e9s.<\/strong><\/p>\n<p>Selon le m\u00e9dia El Orden Mundial, \u00ab les accords de Minsk sont deux pactes sign\u00e9s en 2014 et 2015 par des repr\u00e9sentants de l&rsquo;Ukraine, de la Russie, de la R\u00e9publique populaire de Donetsk (RPD) et de la R\u00e9publique populaire de Lougansk (RPL) pour mettre fin \u00e0 la guerre du Donbass, dans l&rsquo;est de l&rsquo;Ukraine \u00bb. \u00c0 l&rsquo;\u00e9poque, la priorit\u00e9 absolue \u00e9tait le cessez-le-feu entre l&rsquo;arm\u00e9e ukrainienne et les militaires pro-russes de la RPD et de la RPL. \u00a0<\/p>\n<p>Le premier accord a \u00e9t\u00e9 soutenu par l&rsquo;Organisation pour la s\u00e9curit\u00e9 et la coop\u00e9ration en Europe. Apr\u00e8s l&rsquo;\u00e9chec du premier accord, la France et l&rsquo;Allemagne se sont jointes au Conseil de s\u00e9curit\u00e9 des Nations unies pour soutenir le second.<\/p>\n<p>Lorsque les conflits entre les s\u00e9paratistes pro-russes et l&rsquo;Ukraine ont \u00e9clat\u00e9, la Russie en a profit\u00e9 pour annexer la Crim\u00e9e en 2014. Face \u00e0 l&rsquo;escalade du conflit, le Groupe de contact trilat\u00e9ral sur l&rsquo;Ukraine, pr\u00e9sid\u00e9 par Petro Porochenko, s&rsquo;est empress\u00e9 d&rsquo;engager des n\u00e9gociations diplomatiques pour mettre fin au probl\u00e8me, ce qui a abouti aux accords de paix de Minsk.\u00a0<\/p>\n<p>Bien que cette mesure ne soit pas tr\u00e8s populaire en Ukraine, <strong>l&rsquo;Union europ\u00e9enne consid\u00e8re ces accords comme une solution tr\u00e8s importante au conflit qui oppose les deux pays.\u00a0<\/strong><\/p>\n<p>Toutefois, la Russie ne voit pas pourquoi elle devrait respecter les conditions de ces accords, car elle ne se consid\u00e8re pas comme partie prenante au conflit. Elle insiste en outre sur le fait que les r\u00e9gions du Donbass m\u00e9ritent davantage d&rsquo;autonomie et revendique son ascendant sur ce territoire.<\/p>\n","protected":false},"excerpt":{"rendered":"Accords de paix de Minsk\u00a0 Tous les six mois depuis 2014, en raison de la crise dans l&rsquo;est&hellip;\n","protected":false},"author":2,"featured_media":208627,"comment_status":"","ping_status":"","sticky":false,"template":"","format":"standard","meta":{"footnotes":""},"categories":[1591],"tags":[11,1779,1887,1577,12,8940,1885,1886,132,8941,14749],"class_list":{"0":"post-208626","1":"post","2":"type-post","3":"status-publish","4":"format-standard","5":"has-post-thumbnail","7":"category-russie","8":"tag-actualites","9":"tag-european-union","10":"tag-federation-de-russie","11":"tag-l","12":"tag-news","13":"tag-rusia","14":"tag-russia","15":"tag-russian-federation","16":"tag-russie","17":"tag-ucrania","18":"tag-union-europea"},"share_on_mastodon":{"url":"https:\/\/pubeurope.com\/@fr\/114755996631034650","error":""},"_links":{"self":[{"href":"https:\/\/www.europesays.com\/fr\/wp-json\/wp\/v2\/posts\/208626","targetHints":{"allow":["GET"]}}],"collection":[{"href":"https:\/\/www.europesays.com\/fr\/wp-json\/wp\/v2\/posts"}],"about":[{"href":"https:\/\/www.europesays.com\/fr\/wp-json\/wp\/v2\/types\/post"}],"author":[{"embeddable":true,"href":"https:\/\/www.europesays.com\/fr\/wp-json\/wp\/v2\/users\/2"}],"replies":[{"embeddable":true,"href":"https:\/\/www.europesays.com\/fr\/wp-json\/wp\/v2\/comments?post=208626"}],"version-history":[{"count":0,"href":"https:\/\/www.europesays.com\/fr\/wp-json\/wp\/v2\/posts\/208626\/revisions"}],"wp:featuredmedia":[{"embeddable":true,"href":"https:\/\/www.europesays.com\/fr\/wp-json\/wp\/v2\/media\/208627"}],"wp:attachment":[{"href":"https:\/\/www.europesays.com\/fr\/wp-json\/wp\/v2\/media?parent=208626"}],"wp:term":[{"taxonomy":"category","embeddable":true,"href":"https:\/\/www.europesays.com\/fr\/wp-json\/wp\/v2\/categories?post=208626"},{"taxonomy":"post_tag","embeddable":true,"href":"https:\/\/www.europesays.com\/fr\/wp-json\/wp\/v2\/tags?post=208626"}],"curies":[{"name":"wp","href":"https:\/\/api.w.org\/{rel}","templated":true}]}}