{"id":208631,"date":"2025-06-27T15:20:18","date_gmt":"2025-06-27T15:20:18","guid":{"rendered":"https:\/\/www.europesays.com\/fr\/208631\/"},"modified":"2025-06-27T15:20:18","modified_gmt":"2025-06-27T15:20:18","slug":"trois-personnes-arretees-pour-actes-de-terrorisme-apres-une-action-pro-palestine-sur-une-base-militaire","status":"publish","type":"post","link":"https:\/\/www.europesays.com\/fr\/208631\/","title":{"rendered":"trois personnes arr\u00eat\u00e9es pour \u00abactes de terrorisme\u00bb, apr\u00e8s une action pro-Palestine sur une base militaire"},"content":{"rendered":"<p>Plusieurs militants de Palestine Action ont fait irruption vendredi dernier sur une base a\u00e9rienne britannique et macul\u00e9 deux avions militaires de peinture rouge.<\/p>\n<p class=\"fig-paragraph\">Trois personnes ont \u00e9t\u00e9 arr\u00eat\u00e9es, soup\u00e7onn\u00e9es d&rsquo;\u00ab<a href=\"http:\/\/www.lefigaro.fr\/societes\/elon-musk-denonce-un-acte-de-terrorisme-apres-l-incendie-de-tesla-a-las-vegas-20250318\" target=\"_blank\" data-fig-type=\"NewsFlash\" rel=\"noopener\" data-gtm-custom-categorie=\"navigation\" data-gtm-custom-action=\"crossclick\" data-gtm-custom-label=\"Contextuel\" data-gtm-event=\"customEventSPE\" data-fig-domain=\"LEFIGARO\">actes de terrorisme<\/a> \u00bb, quelques jours apr\u00e8s que des militants propalestiniens se sont\u00a0<a href=\"http:\/\/www.lefigaro.fr\/international\/royaume-uni-deux-avions-militaires-degrades-par-des-militants-propalestiniens-sur-une-base-aerienne-20250620\" target=\"_blank\" data-fig-type=\"NewsFlash\" rel=\"noopener\" data-gtm-custom-categorie=\"navigation\" data-gtm-custom-action=\"crossclick\" data-gtm-custom-label=\"Contextuel\" data-gtm-event=\"customEventSPE\" data-fig-domain=\"LEFIGARO\">introduits sur une base de l&rsquo;arm\u00e9e de l&rsquo;air britannique<\/a>\u00a0et ont macul\u00e9 deux avions de peinture, a annonc\u00e9 la police vendredi 27 juin. Le gouvernement britannique a fait part lundi de son intention d&rsquo;interdire Palestine Action, le groupe dont sont membres les militants qui ont p\u00e9n\u00e9tr\u00e9 sur la base, en l&rsquo;ajoutant \u00e0 la liste des organisations class\u00e9es \u00abterroristes\u00bb. Une proposition doit \u00eatre soumise lundi au Parlement.<\/p>\n<p class=\"fig-paragraph\">Plusieurs militants de\u00a0<a href=\"http:\/\/www.lefigaro.fr\/international\/londres-place-sur-la-liste-terroriste-et-interdit-le-groupe-militant-palestine-action-20250623\" target=\"_blank\" data-fig-type=\"Article\" rel=\"noopener\" data-gtm-custom-categorie=\"navigation\" data-gtm-custom-action=\"crossclick\" data-gtm-custom-label=\"Contextuel\" data-gtm-event=\"customEventSPE\" data-fig-domain=\"LEFIGARO\">Palestine Action<\/a>\u00a0ont fait irruption vendredi dernier sur la base de Brize Norton, la plus importante de la Royal Air Force au\u00a0<a href=\"http:\/\/www.lefigaro.fr\/flash-actu\/royaume-uni-deux-policiers-londoniens-licencies-pour-avoir-fouille-a-nu-d-une-adolescente-20250626\" target=\"_blank\" data-fig-type=\"NewsFlash\" rel=\"noopener\" data-gtm-custom-categorie=\"navigation\" data-gtm-custom-action=\"crossclick\" data-gtm-custom-label=\"Contextuel\" data-gtm-event=\"customEventSPE\" data-fig-domain=\"LEFIGARO\">Royaume-Uni<\/a>, et macul\u00e9 deux avions militaires de peinture rouge. Une femme de 29 ans et deux hommes de 36 ans et 24 ans ont \u00e9t\u00e9 arr\u00eat\u00e9s, \u00absoup\u00e7onn\u00e9s d&rsquo;avoir commis, pr\u00e9par\u00e9 ou incit\u00e9 \u00e0 commettre des actes de terrorisme\u00bb, a indiqu\u00e9 une unit\u00e9 r\u00e9gionale de la police antiterroriste dans un communiqu\u00e9 vendredi. Une femme de 41 ans, \u00absoup\u00e7onn\u00e9e d&rsquo;avoir port\u00e9 assistance \u00e0 un d\u00e9linquant\u00bb, a \u00e9galement \u00e9t\u00e9 interpell\u00e9e, a ajout\u00e9 la police.<\/p>\n<p>Un \u00abacte de vandalisme\u00bb<\/p>\n<p class=\"fig-paragraph\">Les interpellations ont eux lieu jeudi \u00e0 Londres et \u00e0 Newbury, \u00e0 une centaine de kilom\u00e8tres \u00e0 l&rsquo;ouest de la capitale, et ces quatre personnes sont \u00abactuellement en garde \u00e0 vue\u00bb. Quelques heures apr\u00e8s que les militants se sont introduits sur la base militaire, le premier ministre\u00a0<a href=\"http:\/\/www.lefigaro.fr\/international\/sous-pression-sur-l-immigration-keir-starmer-promet-de-reprendre-le-controle-des-frontieres-britanniques-20250512\" target=\"_blank\" data-fig-type=\"Article\" rel=\"noopener\" data-gtm-custom-categorie=\"navigation\" data-gtm-custom-action=\"crossclick\" data-gtm-custom-label=\"Contextuel\" data-gtm-event=\"customEventSPE\" data-fig-domain=\"LEFIGARO\">Keir Starmer<\/a>\u00a0a d\u00e9nonc\u00e9 un \u00abacte de vandalisme (&#8230;) scandaleux\u00bb. La ministre de l&rsquo;Int\u00e9rieur Yvette Cooper a accus\u00e9 le groupe d&rsquo;avoir durci ses actions \u00abdepuis d\u00e9but 2024\u00bb, avec des m\u00e9thodes plus \u00abagressives\u00bb et une \u00abvolont\u00e9 de recourir \u00e0 la violence\u00bb.<\/p>\n<p class=\"fig-paragraph\">\u00abCette arrestation confirme que (les autorit\u00e9s britanniques) consid\u00e8rent des jets de peinture rouge sur des avions militaires comme un acte terroriste\u00bb, a d\u00e9nonc\u00e9 le groupe vendredi dans un communiqu\u00e9, s&rsquo;inqui\u00e9tant d&rsquo;un recours selon eux sans pr\u00e9c\u00e9dent aux lois antiterroristes. Si l&rsquo;interdiction de Palestine Action est vot\u00e9e, toute personne appartenant ou soutenant le groupe sera passible de poursuites p\u00e9nales et risquera jusqu&rsquo;\u00e0 14 ans de prison.<\/p>\n<p class=\"fig-paragraph\">D\u00e9non\u00e7ant une atteinte \u00e0 la libert\u00e9 d&rsquo;expression, \u00e0 l&rsquo;instar d&rsquo;<a href=\"http:\/\/www.lefigaro.fr\/flash-actu\/declaree-organisation-indesirable-par-moscou-amnesty-international-promet-de-continuer-son-travail-20250519\" target=\"_blank\" data-fig-type=\"NewsFlash\" rel=\"noopener\" data-gtm-custom-categorie=\"navigation\" data-gtm-custom-action=\"crossclick\" data-gtm-custom-label=\"Contextuel\" data-gtm-event=\"customEventSPE\" data-fig-domain=\"LEFIGARO\">Amnesty international<\/a>\u00a0ou Greenpeace, ce dernier a promis de contester cette d\u00e9cision en justice.<\/p>\n","protected":false},"excerpt":{"rendered":"Plusieurs militants de Palestine Action ont fait irruption vendredi dernier sur une base a\u00e9rienne britannique et macul\u00e9 deux&hellip;\n","protected":false},"author":2,"featured_media":208632,"comment_status":"","ping_status":"","sticky":false,"template":"","format":"standard","meta":{"footnotes":""},"categories":[1588],"tags":[259,11,260,1777,674,14,261,12,3518,262,473,1853,1254,1851,1850,1852],"class_list":{"0":"post-208631","1":"post","2":"type-post","3":"status-publish","4":"format-standard","5":"has-post-thumbnail","7":"category-royaume-uni","8":"tag-actualite-internationale","9":"tag-actualites","10":"tag-affaires-etrangeres","11":"tag-eu","12":"tag-europe","13":"tag-international","14":"tag-ministere-des-affaires-etrangeres","15":"tag-news","16":"tag-palestine","17":"tag-politique-etrangere","18":"tag-royaume-uni","19":"tag-royaume-uni-de-grande-bretagne-et-dirlande-du-nord","20":"tag-terrorisme","21":"tag-uk","22":"tag-united-kingdom","23":"tag-united-kingdom-of-great-britain-and-northern-ireland"},"share_on_mastodon":{"url":"https:\/\/pubeurope.com\/@fr\/114756008422888983","error":""},"_links":{"self":[{"href":"https:\/\/www.europesays.com\/fr\/wp-json\/wp\/v2\/posts\/208631","targetHints":{"allow":["GET"]}}],"collection":[{"href":"https:\/\/www.europesays.com\/fr\/wp-json\/wp\/v2\/posts"}],"about":[{"href":"https:\/\/www.europesays.com\/fr\/wp-json\/wp\/v2\/types\/post"}],"author":[{"embeddable":true,"href":"https:\/\/www.europesays.com\/fr\/wp-json\/wp\/v2\/users\/2"}],"replies":[{"embeddable":true,"href":"https:\/\/www.europesays.com\/fr\/wp-json\/wp\/v2\/comments?post=208631"}],"version-history":[{"count":0,"href":"https:\/\/www.europesays.com\/fr\/wp-json\/wp\/v2\/posts\/208631\/revisions"}],"wp:featuredmedia":[{"embeddable":true,"href":"https:\/\/www.europesays.com\/fr\/wp-json\/wp\/v2\/media\/208632"}],"wp:attachment":[{"href":"https:\/\/www.europesays.com\/fr\/wp-json\/wp\/v2\/media?parent=208631"}],"wp:term":[{"taxonomy":"category","embeddable":true,"href":"https:\/\/www.europesays.com\/fr\/wp-json\/wp\/v2\/categories?post=208631"},{"taxonomy":"post_tag","embeddable":true,"href":"https:\/\/www.europesays.com\/fr\/wp-json\/wp\/v2\/tags?post=208631"}],"curies":[{"name":"wp","href":"https:\/\/api.w.org\/{rel}","templated":true}]}}