{"id":208633,"date":"2025-06-27T15:21:10","date_gmt":"2025-06-27T15:21:10","guid":{"rendered":"https:\/\/www.europesays.com\/fr\/208633\/"},"modified":"2025-06-27T15:21:10","modified_gmt":"2025-06-27T15:21:10","slug":"les-supporters-de-leeds-ne-pourront-pas-suivre-leur-club-en-allemagne-angleterre-leeds","status":"publish","type":"post","link":"https:\/\/www.europesays.com\/fr\/208633\/","title":{"rendered":"Les supporters de Leeds ne pourront pas suivre leur club en Allemagne &#8211; Angleterre &#8211; Leeds"},"content":{"rendered":"<p>Bis repetita.<\/p>\n<p><a target=\"_blank\" href=\"https:\/\/www.leedsunited.com\/en\/news\/leeds-united-pre-season-update\" rel=\"nofollow noopener\">Dans un communiqu\u00e9<\/a>, <strong>Leeds United a annonc\u00e9 pr\u00e9parer la saison 2025-2026 de Premier League avec un stage de pr\u00e9-saison en Allemagne<\/strong>, suite \u00e0 la r\u00e9ussite du camp de l\u2019ann\u00e9e pr\u00e9c\u00e9dente qui a contribu\u00e9 \u00e0 <a target=\"_blank\" href=\"https:\/\/www.sofoot.com\/breves\/championship-un-petit-tour-et-puis-sen-va-leeds-et-burnley-reviennent-officiellement-en-premier-league\" rel=\"nofollow noopener\">sa mont\u00e9e en Premier League<\/a>.\u00a0Leeds United affrontera au cours de l\u2019\u00e9t\u00e9 Manchester United, Villarreal CF et AC Milan.<\/p>\n<p>Pas de supporters pour la deuxi\u00e8me ann\u00e9e de suite<\/p>\n<p>La semaine derni\u00e8re, <strong>les autorit\u00e9s polici\u00e8res et locales allemandes ont refus\u00e9 de d\u00e9livrer un permis permettant de jouer devant des spectateurs<\/strong>, ont interdit la diffusion en direct des matchs et ont demand\u00e9 de d\u00e9courager les d\u00e9placements des supporters. Une consigne qu\u2019a diffus\u00e9 le club du Yorkshire.<\/p>\n<p class=\"my-0\">Pour la saison pr\u00e9c\u00e9dente, <strong>Leeds avait \u00e9galement d\u00fb jouer ses matchs amicaux en Allemagne \u00e0 huis clos<\/strong>, une d\u00e9cision encore une fois ind\u00e9pendante de la volont\u00e9 du club. Les supporters avaient \u00e9t\u00e9 invit\u00e9s \u00e0 ne pas se d\u00e9placer en Allemagne, et le club envisageait de diffuser les matchs en streaming.<\/p>\n<p>Et apr\u00e8s, on s\u2019\u00e9tonne que l\u2019Allemagne ne soit pas une destination pris\u00e9e pour les vacances d\u2019\u00e9t\u00e9 ?<\/p>\n<p>\t\t\t\t\t\t\t\t\t\t<a class=\"lien-connexe\" href=\"https:\/\/www.sofoot.com\/breves\/leeds-signe-une-recrue-de-poids-en-defense-centrale\" rel=\"nofollow noopener\" target=\"_blank\">Leeds signe une recrue de poids en d\u00e9fense centrale<\/a>\t\t\t\t\t<\/p>\n","protected":false},"excerpt":{"rendered":"Bis repetita. Dans un communiqu\u00e9, Leeds United a annonc\u00e9 pr\u00e9parer la saison 2025-2026 de Premier League avec un&hellip;\n","protected":false},"author":2,"featured_media":208634,"comment_status":"","ping_status":"","sticky":false,"template":"","format":"standard","meta":{"footnotes":""},"categories":[1587],"tags":[47,11,61,672,69,1804,65,1805,1803,64,1777,674,63,1801,68,66,12,62,70,1802,67],"class_list":{"0":"post-208633","1":"post","2":"type-post","3":"status-publish","4":"format-standard","5":"has-post-thumbnail","7":"category-allemagne","8":"tag-actualite","9":"tag-actualites","10":"tag-actus-football","11":"tag-allemagne","12":"tag-bundesliga","13":"tag-bundesrepublik-deutschland","14":"tag-championnats-europeens","15":"tag-de","16":"tag-deutschland","17":"tag-equipe-de-france","18":"tag-eu","19":"tag-europe","20":"tag-football","21":"tag-germany","22":"tag-ligua","23":"tag-ligue-1","24":"tag-news","25":"tag-news-foot","26":"tag-premier-league","27":"tag-republique-federale-dallemagne","28":"tag-serie-a"},"share_on_mastodon":{"url":"https:\/\/pubeurope.com\/@fr\/114756012239746660","error":""},"_links":{"self":[{"href":"https:\/\/www.europesays.com\/fr\/wp-json\/wp\/v2\/posts\/208633","targetHints":{"allow":["GET"]}}],"collection":[{"href":"https:\/\/www.europesays.com\/fr\/wp-json\/wp\/v2\/posts"}],"about":[{"href":"https:\/\/www.europesays.com\/fr\/wp-json\/wp\/v2\/types\/post"}],"author":[{"embeddable":true,"href":"https:\/\/www.europesays.com\/fr\/wp-json\/wp\/v2\/users\/2"}],"replies":[{"embeddable":true,"href":"https:\/\/www.europesays.com\/fr\/wp-json\/wp\/v2\/comments?post=208633"}],"version-history":[{"count":0,"href":"https:\/\/www.europesays.com\/fr\/wp-json\/wp\/v2\/posts\/208633\/revisions"}],"wp:featuredmedia":[{"embeddable":true,"href":"https:\/\/www.europesays.com\/fr\/wp-json\/wp\/v2\/media\/208634"}],"wp:attachment":[{"href":"https:\/\/www.europesays.com\/fr\/wp-json\/wp\/v2\/media?parent=208633"}],"wp:term":[{"taxonomy":"category","embeddable":true,"href":"https:\/\/www.europesays.com\/fr\/wp-json\/wp\/v2\/categories?post=208633"},{"taxonomy":"post_tag","embeddable":true,"href":"https:\/\/www.europesays.com\/fr\/wp-json\/wp\/v2\/tags?post=208633"}],"curies":[{"name":"wp","href":"https:\/\/api.w.org\/{rel}","templated":true}]}}