{"id":20864,"date":"2025-04-12T23:42:24","date_gmt":"2025-04-12T23:42:24","guid":{"rendered":"https:\/\/www.europesays.com\/fr\/20864\/"},"modified":"2025-04-12T23:42:24","modified_gmt":"2025-04-12T23:42:24","slug":"voici-le-livre-audio-qui-a-ete-le-plus-ecoute-en-france-en-2024-et-il-se-classe-devant-un-animal-sauvage-de-joel-dicker","status":"publish","type":"post","link":"https:\/\/www.europesays.com\/fr\/20864\/","title":{"rendered":"Voici le livre audio qui a \u00e9t\u00e9 le plus \u00e9cout\u00e9 en France en 2024 (et il se classe devant \u00ab Un animal sauvage \u00bb de Jo\u00ebl Dicker)"},"content":{"rendered":"<p><b>Les livres audio s\u00e9duisent de plus en plus d&rsquo;utilisateurs&#8230; mais savez-vous quels titres ont \u00e9t\u00e9 les plus \u00e9cout\u00e9s en 2024 ? Voici la r\u00e9ponse !<\/b><\/p>\n<p>Et si le livre audio \u00e9tait l&rsquo;avenir de l&rsquo;ouvrage papier ? La formule s\u00e9duit en tout cas de plus en plus de lecteurs, qui se plaisent \u00e0 d\u00e9couvrir, uniquement avec leurs oreilles, les plus grands best-seller. Dans son 5\u00e8me rapport annuel pour la plateforme sp\u00e9cialis\u00e9e Audible, l&rsquo;institut Opinion Way dresse un classement des livres les plus \u00e9cout\u00e9s l&rsquo;ann\u00e9e derni\u00e8re. Et il y a des surprises !<\/p>\n<p>Jo\u00ebl Dicker rel\u00e9gu\u00e9 \u00e0 la seconde place<\/p>\n<p>Quel auteur a tir\u00e9 son \u00e9pingle du jeu en 2024 du c\u00f4t\u00e9 des livres audios ? Dans l&rsquo;\u00e9tude d&rsquo;Opinion Way, on d\u00e9couvre que c&rsquo;est le m\u00e9decin l\u00e9giste belge Philippe Boxho (<a href=\"https:\/\/www.femina.fr\/article\/les-morts-on-la-parole-3-choses-a-savoir-sur-l-auteur-philippe-boxho#xtor=AL-34\" rel=\"nofollow noopener\" target=\"_blank\" data-ylk=\"slk:et plus pr\u00e9cisement son livre;elm:context_link;itc:0;sec:content-canvas\" class=\"link \">et plus pr\u00e9cisement son livre<\/a><a href=\"https:\/\/www.femina.fr\/article\/les-morts-on-la-parole-3-choses-a-savoir-sur-l-auteur-philippe-boxho#xtor=AL-34\" rel=\"nofollow noopener\" target=\"_blank\" data-ylk=\"slk:Les morts ont la parole;elm:context_link;itc:0;sec:content-canvas\" class=\"link \"> Les morts ont la parole<\/a>), qui a g\u00e9n\u00e9r\u00e9 le plus d&rsquo;\u00e9coutes. Publi\u00e9es la premi\u00e8re fois en juillet 2022, les m\u00e9moires de cet expert en m\u00e9decine l\u00e9gale ont \u00e9t\u00e9 l&rsquo;un des gros succ\u00e8s de l&rsquo;ann\u00e9e 2024 dans les rayons des librairies&#8230; et donc, \u00e9galement, sur la plateforme Audible. Le livre devance Jo\u00ebl Dicker et <a href=\"https:\/\/www.femina.fr\/article\/quels-romans-lire-cette-semaine-notre-selection-avec-un-animal-sauvage-le-thriller-haletant-de-joel-dicker#xtor=AL-34\" rel=\"nofollow noopener\" target=\"_blank\" data-ylk=\"slk:son roman;elm:context_link;itc:0;sec:content-canvas\" class=\"link \">son roman <\/a><a href=\"https:\/\/www.femina.fr\/article\/quels-romans-lire-cette-semaine-notre-selection-avec-un-animal-sauvage-le-thriller-haletant-de-joel-dicker#xtor=AL-34\" rel=\"nofollow noopener\" target=\"_blank\" data-ylk=\"slk:Un animal sauvage;elm:context_link;itc:0;sec:content-canvas\" class=\"link \">Un animal sauvage<\/a>, paru en f\u00e9vrier 2024 aux \u00e9ditions Rosie &amp; Wolfe. C&rsquo;est Jean-Baptiste Andr\u00e9a, avec<a href=\"https:\/\/www.femina.fr\/article\/5-choses-a-savoir-sur-veiller-sur-elle-le-prix-goncourt-2023#xtor=AL-34\" rel=\"nofollow noopener\" target=\"_blank\" data-ylk=\"slk:son roman Veiller sur elle;elm:context_link;itc:0;sec:content-canvas\" class=\"link \"> son roman Veiller sur elle<\/a>, qui cl\u00f4ture ce top 3 des livres audios les plus \u00e9cout\u00e9s en 2024. Le roman avait \u00e9t\u00e9 aur\u00e9ol\u00e9 du Prix Goncourt 2023.<\/p>\n<p><strong>\u00c0 d\u00e9couvrir \u00e9galement :<\/strong> <a href=\"https:\/\/www.femina.fr\/article\/6-plateformes-gratuites-ou-payantes-pour-ecouter-des-livres-audios#xtor=AL-34\" rel=\"nofollow noopener\" target=\"_blank\" data-ylk=\"slk:6 plateformes gratuites ou payantes pour \u00e9couter des livres audios;elm:context_link;itc:0;sec:content-canvas\" class=\"link \">6 plateformes gratuites ou payantes pour \u00e9couter des livres audios<\/a><\/p>\n<p>Le thriller, genre litt\u00e9raire pl\u00e9biscit\u00e9<\/p>\n<p>Les tr\u00e8s bons r\u00e9sultats du livre de Philippe Boxho sont-ils \u00e9tonnants ? Pas tant que \u00e7a, puisque&#8230;<\/p>\n<p><a href=\"https:\/\/www.femina.fr\/article\/voici-le-livre-audio-qui-a-ete-le-plus-ecoute-en-france-en-2024-et-il-se-classe-devant-un-animal-sauvage-de-joel-dicker#xtor=AL-34\" rel=\"nofollow noopener\" target=\"_blank\" data-ylk=\"slk:Lire la suite sur Femina.fr;elm:context_link;itc:0;sec:content-canvas\" class=\"link \">Lire la suite sur Femina.fr<\/a><\/p>\n<p>A lire aussi<\/p>\n","protected":false},"excerpt":{"rendered":"Les livres audio s\u00e9duisent de plus en plus d&rsquo;utilisateurs&#8230; mais savez-vous quels titres ont \u00e9t\u00e9 les plus \u00e9cout\u00e9s&hellip;\n","protected":false},"author":2,"featured_media":20865,"comment_status":"","ping_status":"","sticky":false,"template":"","format":"standard","meta":{"footnotes":""},"categories":[1357],"tags":[1379,58,59,2883,1011,27,1380,7897,7898],"class_list":{"0":"post-20864","1":"post","2":"type-post","3":"status-publish","4":"format-standard","5":"has-post-thumbnail","7":"category-livres","8":"tag-books","9":"tag-divertissement","10":"tag-entertainment","11":"tag-ete","12":"tag-fr","13":"tag-france","14":"tag-livres","15":"tag-livres-audio","16":"tag-philippe-boxho"},"share_on_mastodon":{"url":"https:\/\/pubeurope.com\/@fr\/114327646600973980","error":""},"_links":{"self":[{"href":"https:\/\/www.europesays.com\/fr\/wp-json\/wp\/v2\/posts\/20864","targetHints":{"allow":["GET"]}}],"collection":[{"href":"https:\/\/www.europesays.com\/fr\/wp-json\/wp\/v2\/posts"}],"about":[{"href":"https:\/\/www.europesays.com\/fr\/wp-json\/wp\/v2\/types\/post"}],"author":[{"embeddable":true,"href":"https:\/\/www.europesays.com\/fr\/wp-json\/wp\/v2\/users\/2"}],"replies":[{"embeddable":true,"href":"https:\/\/www.europesays.com\/fr\/wp-json\/wp\/v2\/comments?post=20864"}],"version-history":[{"count":0,"href":"https:\/\/www.europesays.com\/fr\/wp-json\/wp\/v2\/posts\/20864\/revisions"}],"wp:featuredmedia":[{"embeddable":true,"href":"https:\/\/www.europesays.com\/fr\/wp-json\/wp\/v2\/media\/20865"}],"wp:attachment":[{"href":"https:\/\/www.europesays.com\/fr\/wp-json\/wp\/v2\/media?parent=20864"}],"wp:term":[{"taxonomy":"category","embeddable":true,"href":"https:\/\/www.europesays.com\/fr\/wp-json\/wp\/v2\/categories?post=20864"},{"taxonomy":"post_tag","embeddable":true,"href":"https:\/\/www.europesays.com\/fr\/wp-json\/wp\/v2\/tags?post=20864"}],"curies":[{"name":"wp","href":"https:\/\/api.w.org\/{rel}","templated":true}]}}