{"id":208646,"date":"2025-06-27T15:29:12","date_gmt":"2025-06-27T15:29:12","guid":{"rendered":"https:\/\/www.europesays.com\/fr\/208646\/"},"modified":"2025-06-27T15:29:12","modified_gmt":"2025-06-27T15:29:12","slug":"auteur-dune-saison-remarquable-avec-vannes-salesi-rayasi-trouve-un-point-de-chute-en-top-14","status":"publish","type":"post","link":"https:\/\/www.europesays.com\/fr\/208646\/","title":{"rendered":"Auteur d&rsquo;une saison remarquable avec Vannes, Salesi Rayasi trouve un point de chute en Top 14 !"},"content":{"rendered":"<p>L\u2019Union Bordeaux-B\u00e8gles continue de peaufiner son effectif pour rester au sommet du rugby hexagonal. Sacr\u00e9s champions d\u2019Europe et finalistes du Top 14 ce samedi soir face au Stade Toulousain (21h05), les Girondins sont en passe d\u2019enregistrer une recrue de choix pour la saison prochaine : Salesi Rayasi.<\/p>\n<p>Selon les informations de <a href=\"https:\/\/www.lequipe.fr\/Rugby\/Actualites\/L-ailier-de-vannes-salesi-rayasi-en-route-pour-l-union-bordeaux-begles\/1573494\" rel=\"nofollow noopener\" target=\"_blank\">L\u2019Equipe<\/a>, l\u2019ailier n\u00e9o-z\u00e9landais de Vannes, auteur d\u2019une saison remarqu\u00e9e malgr\u00e9 la rel\u00e9gation de son club, devrait rejoindre l\u2019UBB.<\/p>\n<p>Les discussions entam\u00e9es en toute discr\u00e9tion ces derniers jours ont abouti \u00e0 un accord de principe entre toutes les parties. Rayasi, qui \u00e9tait pourtant engag\u00e9 avec le club breton jusqu\u2019en 2026, est consid\u00e9r\u00e9 comme une priorit\u00e9 par le manager Yannick Bru pour renforcer les ailes de son effectif.<\/p>\n<p>Arriv\u00e9 \u00e0 Vannes l\u2019\u00e9t\u00e9 dernier, l\u2019ancien joueur des Hurricanes (51 matches, 33 titularisations, 33 essais) a rapidement trouv\u00e9 ses marques dans le championnat fran\u00e7ais. Son profil athl\u00e9tique (1,93 m, 108 kg) et ses qualit\u00e9s de finisseur (6 essais en 21 rencontres cette saison) ont s\u00e9duit les recruteurs bordelais.<\/p>\n<p>International n\u00e9o-z\u00e9landais \u00e0 7 et ex-s\u00e9lectionn\u00e9 avec les U20 des Tonga, Rayasi voit \u00e9galement son avenir s\u2019ouvrir sur la sc\u00e8ne internationale. Il a r\u00e9cemment \u00e9t\u00e9 convoqu\u00e9 par le staff des Fidji \u2013 le pays de son p\u00e8re \u2013 en vue des tests contre l\u2019Australie le 6 juillet et l\u2019\u00c9cosse le 12 juillet.<\/p>\n<p>L\u2019UBB frappe donc un grand coup en attirant un ailier d\u2019envergure internationale, bien d\u00e9cid\u00e9 \u00e0 relancer sa carri\u00e8re dans un club aux ambitions affirm\u00e9es.<\/p>\n","protected":false},"excerpt":{"rendered":"L\u2019Union Bordeaux-B\u00e8gles continue de peaufiner son effectif pour rester au sommet du rugby hexagonal. Sacr\u00e9s champions d\u2019Europe et&hellip;\n","protected":false},"author":2,"featured_media":208647,"comment_status":"","ping_status":"","sticky":false,"template":"","format":"standard","meta":{"footnotes":""},"categories":[1416],"tags":[1011,27,479,1468,60],"class_list":{"0":"post-208646","1":"post","2":"type-post","3":"status-publish","4":"format-standard","5":"has-post-thumbnail","7":"category-rugby","8":"tag-fr","9":"tag-france","10":"tag-rugby","11":"tag-rugby-football","12":"tag-sports"},"share_on_mastodon":{"url":"https:\/\/pubeurope.com\/@fr\/114756043711000688","error":""},"_links":{"self":[{"href":"https:\/\/www.europesays.com\/fr\/wp-json\/wp\/v2\/posts\/208646","targetHints":{"allow":["GET"]}}],"collection":[{"href":"https:\/\/www.europesays.com\/fr\/wp-json\/wp\/v2\/posts"}],"about":[{"href":"https:\/\/www.europesays.com\/fr\/wp-json\/wp\/v2\/types\/post"}],"author":[{"embeddable":true,"href":"https:\/\/www.europesays.com\/fr\/wp-json\/wp\/v2\/users\/2"}],"replies":[{"embeddable":true,"href":"https:\/\/www.europesays.com\/fr\/wp-json\/wp\/v2\/comments?post=208646"}],"version-history":[{"count":0,"href":"https:\/\/www.europesays.com\/fr\/wp-json\/wp\/v2\/posts\/208646\/revisions"}],"wp:featuredmedia":[{"embeddable":true,"href":"https:\/\/www.europesays.com\/fr\/wp-json\/wp\/v2\/media\/208647"}],"wp:attachment":[{"href":"https:\/\/www.europesays.com\/fr\/wp-json\/wp\/v2\/media?parent=208646"}],"wp:term":[{"taxonomy":"category","embeddable":true,"href":"https:\/\/www.europesays.com\/fr\/wp-json\/wp\/v2\/categories?post=208646"},{"taxonomy":"post_tag","embeddable":true,"href":"https:\/\/www.europesays.com\/fr\/wp-json\/wp\/v2\/tags?post=208646"}],"curies":[{"name":"wp","href":"https:\/\/api.w.org\/{rel}","templated":true}]}}