{"id":208648,"date":"2025-06-27T15:30:16","date_gmt":"2025-06-27T15:30:16","guid":{"rendered":"https:\/\/www.europesays.com\/fr\/208648\/"},"modified":"2025-06-27T15:30:16","modified_gmt":"2025-06-27T15:30:16","slug":"wimbledon-atp-novak-djokovic-repond-a-carlos-alcaraz-il-parle-de-respect-mais-il-ne-ma-pas-respecte-ces-deux-dernieres-annees","status":"publish","type":"post","link":"https:\/\/www.europesays.com\/fr\/208648\/","title":{"rendered":"Wimbledon, ATP > Novak Djokovic r\u00e9pond \u00e0 Carlos Alcaraz : \u00ab\u00a0Il parle de respect mais il ne m&rsquo;a pas respect\u00e9 ces deux derni\u00e8res ann\u00e9es\u00a0\u00bb"},"content":{"rendered":"<p>Double tenant du titre \u00e0 Wimbledon, Carlos Alcaraz a eu le privi\u00adl\u00e8ge de s\u2019en\u00adtra\u00eener en premier sur le mythique Centre Court avec le joueur de son choix, un certain Novak Djokovic.<\/p>\n<p>Et alors que plusieurs images de cette session sp\u00e9ciale ont circul\u00e9 sur les r\u00e9seaux sociaux, on a \u00e9gale\u00adment pu avoir acc\u00e8s \u00e0 une conver\u00adsa\u00adtion entre les deux cham\u00adpions. Et c\u2019est assez savoureux.\u00a0<\/p>\n<blockquote class=\"twitter-tweet\">\n<p lang=\"en\" dir=\"ltr\">Carlos\u00a0: \u201cHe\u2019s said he\u2019s privi\u00adleged to play with me but I\u2019m privi\u00adleged to play with the 7 time cham\u00adpion here and I respect what he did here\u201d<\/p>\n<p>Novak\u00a0: \u201cHe\u2019s talking about respect but last 2\u202fyears he didn\u2019t respect me\u201d \ud83e\udd23<\/p>\n<p>Dad and son fr \ud83d\ude2d\ud83e\udd23<\/p>\n<p><a href=\"https:\/\/t.co\/m7twh8lU8A\" data-wpel-link=\"external\" target=\"_blank\" rel=\"nofollow external noopener\">pic.twitter.com\/m7twh8lU8A<\/a><\/p>\n<p>\u2014 SK (@Djoko_UTD) <a href=\"https:\/\/twitter.com\/Djoko_UTD\/status\/1938573733343723727?ref_src=twsrc%5Etfw\" data-wpel-link=\"external\" target=\"_blank\" rel=\"nofollow external noopener\">June 27,\u00a02025<\/a><\/p><\/blockquote>\n<p>Carlos Alcaraz\u00a0: <strong>\u00ab\u202fIl a dit qu\u2019il \u00e9tait privi\u00adl\u00e9gi\u00e9 de jouer avec moi, mais j\u2019ai le privi\u00adl\u00e8ge de jouer avec le septuple cham\u00adpion ici et je respecte ce qu\u2019il a fait ici.<\/strong><br \/>Novak Djokovic\u00a0: <strong>Il parle de respect mais ces deux derni\u00e8res ann\u00e9es, il ne m\u2019a pas respect\u00e9.\u202f\u00bb<\/strong><\/p>\n<p>Pour rappel, le Serbe a perdu en finale contre le prodige espa\u00adgnol lors des deux derni\u00e8res \u00e9ditions du Grand Chelem londonien.\u00a0<\/p>\n<p class=\"post-published-date\" style=\"color: silver; font-size: 75%; text-align: left;\">Publi\u00e9 le vendredi 27 juin 2025 \u00e0 16:36<\/p>\n<p><script async src=\"https:\/\/platform.twitter.com\/widgets.js\" charset=\"utf-8\"><\/script><\/p>\n","protected":false},"excerpt":{"rendered":"Double tenant du titre \u00e0 Wimbledon, Carlos Alcaraz a eu le privi\u00adl\u00e8ge de s\u2019en\u00adtra\u00eener en premier sur le&hellip;\n","protected":false},"author":2,"featured_media":208649,"comment_status":"","ping_status":"","sticky":false,"template":"","format":"standard","meta":{"footnotes":""},"categories":[1415],"tags":[1744,105,1011,27,60,1467],"class_list":{"0":"post-208648","1":"post","2":"type-post","3":"status-publish","4":"format-standard","5":"has-post-thumbnail","7":"category-tennis","8":"tag-alcaraz","9":"tag-djokovic","10":"tag-fr","11":"tag-france","12":"tag-sports","13":"tag-tennis"},"share_on_mastodon":{"url":"https:\/\/pubeurope.com\/@fr\/114756047580354654","error":""},"_links":{"self":[{"href":"https:\/\/www.europesays.com\/fr\/wp-json\/wp\/v2\/posts\/208648","targetHints":{"allow":["GET"]}}],"collection":[{"href":"https:\/\/www.europesays.com\/fr\/wp-json\/wp\/v2\/posts"}],"about":[{"href":"https:\/\/www.europesays.com\/fr\/wp-json\/wp\/v2\/types\/post"}],"author":[{"embeddable":true,"href":"https:\/\/www.europesays.com\/fr\/wp-json\/wp\/v2\/users\/2"}],"replies":[{"embeddable":true,"href":"https:\/\/www.europesays.com\/fr\/wp-json\/wp\/v2\/comments?post=208648"}],"version-history":[{"count":0,"href":"https:\/\/www.europesays.com\/fr\/wp-json\/wp\/v2\/posts\/208648\/revisions"}],"wp:featuredmedia":[{"embeddable":true,"href":"https:\/\/www.europesays.com\/fr\/wp-json\/wp\/v2\/media\/208649"}],"wp:attachment":[{"href":"https:\/\/www.europesays.com\/fr\/wp-json\/wp\/v2\/media?parent=208648"}],"wp:term":[{"taxonomy":"category","embeddable":true,"href":"https:\/\/www.europesays.com\/fr\/wp-json\/wp\/v2\/categories?post=208648"},{"taxonomy":"post_tag","embeddable":true,"href":"https:\/\/www.europesays.com\/fr\/wp-json\/wp\/v2\/tags?post=208648"}],"curies":[{"name":"wp","href":"https:\/\/api.w.org\/{rel}","templated":true}]}}