{"id":208667,"date":"2025-06-27T15:40:11","date_gmt":"2025-06-27T15:40:11","guid":{"rendered":"https:\/\/www.europesays.com\/fr\/208667\/"},"modified":"2025-06-27T15:40:11","modified_gmt":"2025-06-27T15:40:11","slug":"le-prefet-interdit-le-concert-du-rappeur-freeze-corleone-pour-apologie-du-terrorisme-et-nazisme","status":"publish","type":"post","link":"https:\/\/www.europesays.com\/fr\/208667\/","title":{"rendered":"le pr\u00e9fet interdit le concert du rappeur Freeze Corleone pour \u00ab\u00a0apologie du terrorisme et nazisme\u00a0\u00bb"},"content":{"rendered":"<p>Le conseil d\u00e9partemental de Belfort avait vot\u00e9 ce matin une motion exigeant \u00ab\u00a0un ajustement\u00a0\u00bb de la programmation du festival.<\/p>\n<p class=\"fig-paragraph\">La menace planait depuis quelques jours. Le pr\u00e9fet de Belfort a interdit ce vendredi 27 juin la venue du rappeur\u00a0<a href=\"http:\/\/www.lefigaro.fr\/nantes\/colporteur-de-references-antisemites-et-haineuses-freeze-corleone-interdit-de-concert-a-nantes-20240226\" data-fig-type=\"NewsFlash\" data-gtm-custom-categorie=\"navigation\" data-gtm-custom-action=\"crossclick\" data-gtm-custom-label=\"Contextuel\" data-gtm-event=\"customEventSPE\" data-fig-domain=\"LEFIGARO\" rel=\"nofollow noopener\" target=\"_blank\">Freeze Corleone<\/a> aux\u00a0<a href=\"http:\/\/www.lefigaro.fr\/culture\/eurockeennes-de-belfort-l-edition-2025-fete-la-musique-francaise-20241129\" data-fig-type=\"NewsFlash\" data-gtm-custom-categorie=\"navigation\" data-gtm-custom-action=\"crossclick\" data-gtm-custom-label=\"Contextuel\" data-gtm-event=\"customEventSPE\" data-fig-domain=\"LEFIGARO\" rel=\"nofollow noopener\" target=\"_blank\">Eurock\u00e9ennes<\/a>\u00a0pour \u00ab\u00a0apologie du terrorisme et nazisme\u00a0\u00bb, relaye\u00a0<a href=\"https:\/\/france3-regions.franceinfo.fr\/bourgogne-franche-comte\/territoire-de-belfort\/eurockeennes-qui-est-freeze-corleone-ce-rappeur-dont-le-concert-pourrait-etre-interdit-3178569.html\" target=\"_blank\" rel=\"nofollow noopener\" data-gtm-custom-categorie=\"navigation\" data-gtm-custom-action=\"crossclick\" data-gtm-custom-label=\"Contextuel\" data-gtm-event=\"customEventSPE\">la presse locale<\/a>. L\u2019artiste devait se produire le dimanche 6 juillet sur la sc\u00e8ne principale \u00e0 19 heures. Cette d\u00e9cision a \u00e9t\u00e9 prise quelques heures apr\u00e8s le vote d\u2019une motion exigeant \u00ab\u00a0un ajustement\u00a0\u00bb de sa programmation aupr\u00e8s du festival. Le texte, initi\u00e9 par\u00a0<a href=\"http:\/\/www.lefigaro.fr\/vox\/monde\/pretendre-que-l-invasion-de-l-ukraine-accelere-la-construction-europeenne-est-un-contresens-20220408\" data-fig-type=\"Article\" data-gtm-custom-categorie=\"navigation\" data-gtm-custom-action=\"crossclick\" data-gtm-custom-label=\"Contextuel\" data-gtm-event=\"customEventSPE\" data-fig-domain=\"LEFIGARO\" rel=\"nofollow noopener\" target=\"_blank\">Guillaume Bigot<\/a>, d\u00e9put\u00e9 RN du Territoire de Belfort, demandait de d\u00e9caler le show \u00e0 un horaire plus tardif.<\/p>\n<p class=\"fig-paragraph\">Dans un communiqu\u00e9 de presse relay\u00e9 dans la matin\u00e9e, les \u00e9lus du Conseil d\u00e9partemental ont condamn\u00e9 \u00ab\u00a0des propos et des paroles de plusieurs chansons qui font pol\u00e9miques, sur fond d\u2019antis\u00e9mitisme, de nazisme, d\u2019homophobie, d\u2019apologie du terrorisme et d\u2019appel \u00e0 la violence\u00a0\u00bb. Freeze Corleone disposerait d\u2019un d\u00e9lai de 48 heures pour contester cette d\u00e9cision et justifier le fait qu\u2019il n\u2019y aura aucun risque de trouble \u00e0 l\u2019ordre public lors de sa prestation.<\/p>\n<p class=\"fig-paragraph\"><strong>Freeze Corleone\u00a0&#8211;\u00a0<\/strong><strong>Shavkat<\/strong> <strong>\u00a0(2023)<\/strong><\/p>\n<p>Violence, drogue, antis\u00e9mitisme<\/p>\n<p class=\"fig-paragraph\">Ce n\u2019est pas la premi\u00e8re fois que Freeze Corelone voit un de ses spectacles annul\u00e9 par la pr\u00e9fecture. En 2024, alors qu\u2019il devait se produire partout en France pour promouvoir son album ADC, le rappeur a \u00e9t\u00e9 interdit de se rendre\u00a0<a href=\"http:\/\/www.lefigaro.fr\/musique\/la-justice-confirme-l-interdiction-d-un-concert-du-rappeur-freeze-corleone-a-lille-20240215\" data-fig-type=\"NewsFlash\" data-gtm-custom-categorie=\"navigation\" data-gtm-custom-action=\"crossclick\" data-gtm-custom-label=\"Contextuel\" data-gtm-event=\"customEventSPE\" data-fig-domain=\"LEFIGARO\" rel=\"nofollow noopener\" target=\"_blank\">\u00e0 Lille<\/a>,\u00a0<a href=\"http:\/\/www.lefigaro.fr\/lyon\/apres-lille-l-interdiction-d-un-concert-de-freeze-corleone-a-lyon-confirmee-20240216\" data-fig-type=\"NewsFlash\" data-gtm-custom-categorie=\"navigation\" data-gtm-custom-action=\"crossclick\" data-gtm-custom-label=\"Contextuel\" data-gtm-event=\"customEventSPE\" data-fig-domain=\"LEFIGARO\" rel=\"nofollow noopener\" target=\"_blank\">Lyon<\/a>, et\u00a0<a href=\"http:\/\/www.lefigaro.fr\/nantes\/nantes-le-concert-de-freeze-corleone-bel-et-bien-annule-confirme-le-tribunal-administratif-20240228\" data-fig-type=\"NewsFlash\" data-gtm-custom-categorie=\"navigation\" data-gtm-custom-action=\"crossclick\" data-gtm-custom-label=\"Contextuel\" data-gtm-event=\"customEventSPE\" data-fig-domain=\"LEFIGARO\" rel=\"nofollow noopener\" target=\"_blank\">Nantes<\/a>. Il avait toutefois obtenu l\u2019autorisation de se produire \u00e0 deux reprises au Z\u00e9nith de Paris en novembre 2023, malgr\u00e9 \u00ab\u00a0un contexte g\u00e9opolitique particuli\u00e8rement tendu suite \u00e0 l\u2019attaque terroriste d\u2019ampleur lanc\u00e9e par le Hamas le 7 octobre 2023\u00a0\u00bb.\u00a0<\/p>\n<p class=\"fig-paragraph\">Freeze Corleone est r\u00e9put\u00e9 pour ses\u00a0<a href=\"http:\/\/www.lefigaro.fr\/nice\/apologie-du-terrorisme-le-rappeur-freeze-corleone-annonce-poursuivre-en-diffamation-estrosi-et-ciotti-20240214\" data-fig-type=\"NewsFlash\" data-gtm-custom-categorie=\"navigation\" data-gtm-custom-action=\"crossclick\" data-gtm-custom-label=\"Contextuel\" data-gtm-event=\"customEventSPE\" data-fig-domain=\"LEFIGARO\" rel=\"nofollow noopener\" target=\"_blank\">textes provocateurs<\/a>\u00a0dans lesquels il pr\u00f4ne la violence, la consommation de drogue, l\u2019antis\u00e9mitisme ou encore le racisme. La Licra a lanc\u00e9 en 2020 une proc\u00e9dure judiciaire \u00e0 l\u2019encontre du rappeur de 33 ans pour \u00ab\u00a0provocation \u00e0 la haine raciale\u00a0\u00bb.<\/p>\n<p class=\"fig-body-link\">\n            \u00c0 lire aussi<br \/>\n        <a class=\"fig-body-link__link fig-premium-mark\" href=\"http:\/\/www.lefigaro.fr\/international\/le-destin-suspendu-d-asap-rocky-superstar-du-rap-et-compagnon-de-rihanna-face-a-la-justice-pour-une-fusillade-20250130\" data-fig-type=\"Article\" data-gtm-custom-categorie=\"navigation\" data-gtm-custom-action=\"crossclick\" data-gtm-custom-label=\"Contextuel\" data-gtm-event=\"customEventSPE\" data-fig-domain=\"LEFIGARO\" rel=\"nofollow noopener\" target=\"_blank\">Le destin suspendu d\u2019ASAP Rocky, superstar du rap et compagnon de Rihanna, face \u00e0 la justice pour une fusillade<br \/>\n    <\/a>\n<\/p>\n<p class=\"fig-paragraph\">En 2023, dans le titre Shavkat, il s\u2019\u00e9tait attaqu\u00e9 \u00e0 G\u00e9rald Darmanin, alors ministre de l\u2019Int\u00e9rieur\u00a0:\u00a0\u00ab\u00a0Je pr\u00e9f\u00e8re \u00eatre accus\u00e9 d\u2019antis\u00e9mitisme que de viol comme G\u00e9rald Darmanin.\u00a0\u00bb Freeze Corleone multiplie les propos pol\u00e9miques dans ses morceaux\u00a0:\u00a0\u00ab\u00a0Fuck ces n*gros comme Christophe \u00e0 l\u2019OGC Nice\u00a0\u00bb,\u00a0 \u00ab\u00a0J\u2019arrive d\u00e9termin\u00e9 comme Adolf dans les ann\u00e9es 30\u00a0\u00bb, \u00ab\u00a0J\u2019arrive dans l\u2019rap comme un camion qui bombarde \u00e0 fond sur la [Promenade des Anglais]\u00a0\u00bb&#8230;\u00a0<\/p>\n","protected":false},"excerpt":{"rendered":"Le conseil d\u00e9partemental de Belfort avait vot\u00e9 ce matin une motion exigeant \u00ab\u00a0un ajustement\u00a0\u00bb de la programmation du&hellip;\n","protected":false},"author":2,"featured_media":208668,"comment_status":"","ping_status":"","sticky":false,"template":"","format":"standard","meta":{"footnotes":""},"categories":[1355],"tags":[2937,22758,2932,2935,1696,2934,58,2933,59,34762,1011,27,34761,1361,873,2936,1698],"class_list":{"0":"post-208667","1":"post","2":"type-post","3":"status-publish","4":"format-standard","5":"has-post-thumbnail","7":"category-musique","8":"tag-artistes","9":"tag-belfort","10":"tag-cd","11":"tag-chansons","12":"tag-chanteur","13":"tag-chason","14":"tag-divertissement","15":"tag-dvd","16":"tag-entertainment","17":"tag-eurockeennes","18":"tag-fr","19":"tag-france","20":"tag-freeze-corleone","21":"tag-music","22":"tag-musique","23":"tag-musique-classique","24":"tag-musiques"},"share_on_mastodon":{"url":"https:\/\/pubeurope.com\/@fr\/114756086869055175","error":""},"_links":{"self":[{"href":"https:\/\/www.europesays.com\/fr\/wp-json\/wp\/v2\/posts\/208667","targetHints":{"allow":["GET"]}}],"collection":[{"href":"https:\/\/www.europesays.com\/fr\/wp-json\/wp\/v2\/posts"}],"about":[{"href":"https:\/\/www.europesays.com\/fr\/wp-json\/wp\/v2\/types\/post"}],"author":[{"embeddable":true,"href":"https:\/\/www.europesays.com\/fr\/wp-json\/wp\/v2\/users\/2"}],"replies":[{"embeddable":true,"href":"https:\/\/www.europesays.com\/fr\/wp-json\/wp\/v2\/comments?post=208667"}],"version-history":[{"count":0,"href":"https:\/\/www.europesays.com\/fr\/wp-json\/wp\/v2\/posts\/208667\/revisions"}],"wp:featuredmedia":[{"embeddable":true,"href":"https:\/\/www.europesays.com\/fr\/wp-json\/wp\/v2\/media\/208668"}],"wp:attachment":[{"href":"https:\/\/www.europesays.com\/fr\/wp-json\/wp\/v2\/media?parent=208667"}],"wp:term":[{"taxonomy":"category","embeddable":true,"href":"https:\/\/www.europesays.com\/fr\/wp-json\/wp\/v2\/categories?post=208667"},{"taxonomy":"post_tag","embeddable":true,"href":"https:\/\/www.europesays.com\/fr\/wp-json\/wp\/v2\/tags?post=208667"}],"curies":[{"name":"wp","href":"https:\/\/api.w.org\/{rel}","templated":true}]}}