{"id":208673,"date":"2025-06-27T15:43:09","date_gmt":"2025-06-27T15:43:09","guid":{"rendered":"https:\/\/www.europesays.com\/fr\/208673\/"},"modified":"2025-06-27T15:43:09","modified_gmt":"2025-06-27T15:43:09","slug":"grand-stade-de-lol-jean-michel-aulas-recadre-sechement-nathalie-perrin-gilbert","status":"publish","type":"post","link":"https:\/\/www.europesays.com\/fr\/208673\/","title":{"rendered":"Grand Stade de l\u2019OL :\u00a0Jean-Michel\u00a0Aulas recadre s\u00e8chement Nathalie Perrin-Gilbert"},"content":{"rendered":"<p>Apr\u00e8s les critiques de Nathalie Perrin-Gilbert sur les choix financiers de l\u2019OL, Jean-Michel Aulas a vivement r\u00e9agi ce jeudi 26 juin.\u00a0<\/p>\n<p>Les difficult\u00e9s financi\u00e8res de l\u2019Olympique lyonnais, sanctionn\u00e9es par une r\u00e9trogradation administrative en Ligue 2 par la DNCG, ont relanc\u00e9 les critiques sur la gestion pass\u00e9e du club. En terrasse de la buvette des Enfants du Rh\u00f4ne, la candidate aux prochaines municipales,\u00a0Nathalie Perrin-Gilbert, a directement cibl\u00e9 le projet du Grand Stade.<\/p>\n<p>\u00ab\u00a0On a trop investi dans un projet immobilier au d\u00e9triment d&rsquo;investir dans l&rsquo;\u00e9quipe, dans le club ou dans le jeu et nous le payons aujourd&rsquo;hui\u00a0\u00bb, a-t-elle d\u00e9clar\u00e9.\u00a0<\/p>\n<p>Elle a \u00e9galement d\u00e9nonc\u00e9 un financement public :concernant la situation\u00a0actuelle de l&rsquo;OL, \u00ab\u00a0ce n&rsquo;\u00e9tait pas une surprise\u00a0\u00bb pour elle. NPG affirme que \u00ab\u00a0pour avoir un stade soi-disant priv\u00e9, parce qu&rsquo;on sait bien qu&rsquo;en fait les collectivit\u00e9s ont mis plus ou 250 millions d&rsquo;euros \u00e0 minima pour accompagner ce stade, le club, ses actionnaires s&rsquo;\u00e9taient consid\u00e9rablement endett\u00e9s.\u00a0\u00bb <\/p>\n<p>Elle ajoute :\u00a0\u00ab\u00a0d\u2019o\u00f9 d&rsquo;ailleurs la vente d&rsquo;actions de la part de certains actionnaires qui avaient pouss\u00e9 y compris monsieur Aulas ensuite \u00e0 vendre \u00e0 son tour ses parts.\u00a0\u00bb<\/p>\n<p>Une lecture que\u00a0Jean-Michel Aulas\u00a0conteste fermement. Dans une r\u00e9ponse publi\u00e9e sur X, l\u2019ancien pr\u00e9sident de l\u2019OL estime que\u00a0\u00ab\u00a0certains tordent les faits pour exister politiquement\u00a0\u00bb, visant directement Mme Perrin-Gilbert.<\/p>\n<p>Il pr\u00e9cise : \u00ab\u00a0Non, les collectivit\u00e9s n\u2019ont pas financ\u00e9 le Grand Stade \u00e0 hauteur de 250 millions d&rsquo;euros. Elles ont soutenu une ligne de tramway qui transporte 4 millions de spectateurs par an \u2014 d\u2019ailleurs, tous acquittent leur billet. Parler de &lsquo;subvention&rsquo;, c\u2019est une escroquerie intellectuelle.\u00a0\u00bb<\/p>\n<p>Jean-Michel Aulas\u00a0d\u00e9fend aussi son bilan \u00e0 la t\u00eate de l\u2019OL :\u00a0\u00ab\u00a0400 millions d&rsquo;euros de chiffre d\u2019affaires annuel, 225 millions d&rsquo;euros de fonds propres, 500 millions d&rsquo;euros d\u2019actifs au 30 juin 2022. [\u2026] 23 qualifications europ\u00e9ennes d\u2019affil\u00e9e. [\u2026] \u00a0L\u2019OL, c\u2019\u00e9tait de la performance, de la vision et du rayonnement.\u00a0\u00bb\u00a0Et de conclure :\u00a0\u00ab\u00a0Avant de parler d\u2019\u00e2me, encore faut-il conna\u00eetre l\u2019histoire. Et avoir un minimum de respect pour le football lyonnais.\u00a0\u00bb<\/p>\n<p>Un \u00e9change qui intervient \u00e0 moins d&rsquo;un an des municipales 2026, alors que l\u2019ombre d\u2019une candidature de Jean-Michel Aulas plane sur Lyon.<\/p>\n<blockquote class=\"twitter-tweet\"><p>&#13;<\/p>\n<p dir=\"ltr\" lang=\"fr\">Certains tordent les faits pour exister politiquement. C\u2019est parfois le cas de Madame Perrin-Gilbert. Mais t\u00e2chons de garder la t\u00eate froide.<\/p>\n<p>Non, les collectivit\u00e9s n\u2019ont pas financ\u00e9 le Grand Stade \u00e0 hauteur de 250 M\u20ac. Elles ont soutenu une ligne de tramway qui transporte 4\u2026<\/p>\n<p>&#13;<br \/>\n\u2014 Jean-Michel AULAS (@JM_Aulas) <a href=\"https:\/\/twitter.com\/JM_Aulas\/status\/1938336413331951898?ref_src=twsrc%5Etfw\" target=\"_blank\" rel=\"noopener\">June 26, 2025<\/a><\/p><\/blockquote>\n<p>  \t\t\t\t\t<script async src=\"https:\/\/platform.twitter.com\/widgets.js\" charset=\"utf-8\"><\/script><\/p>\n","protected":false},"excerpt":{"rendered":"Apr\u00e8s les critiques de Nathalie Perrin-Gilbert sur les choix financiers de l\u2019OL, Jean-Michel Aulas a vivement r\u00e9agi ce&hellip;\n","protected":false},"author":2,"featured_media":208674,"comment_status":"","ping_status":"","sticky":false,"template":"","format":"standard","meta":{"footnotes":""},"categories":[9],"tags":[1111,11,2813,2190,1109,251,1112,2811,118,1011,27,1922,1110,1114,2428,2810,241,316,2812,517,60,800],"class_list":{"0":"post-208673","1":"post","2":"type-post","3":"status-publish","4":"format-standard","5":"has-post-thumbnail","7":"category-sports","8":"tag-actu","9":"tag-actualites","10":"tag-article","11":"tag-asvel","12":"tag-breves","13":"tag-culture","14":"tag-depeches","15":"tag-economique","16":"tag-faits-divers","17":"tag-fr","18":"tag-france","19":"tag-info","20":"tag-informations","21":"tag-infos","22":"tag-lyon","23":"tag-lyonmag","24":"tag-ol","25":"tag-politique","26":"tag-sociale","27":"tag-sport","28":"tag-sports","29":"tag-transports"},"share_on_mastodon":{"url":"https:\/\/pubeurope.com\/@fr\/114756098952877823","error":""},"_links":{"self":[{"href":"https:\/\/www.europesays.com\/fr\/wp-json\/wp\/v2\/posts\/208673","targetHints":{"allow":["GET"]}}],"collection":[{"href":"https:\/\/www.europesays.com\/fr\/wp-json\/wp\/v2\/posts"}],"about":[{"href":"https:\/\/www.europesays.com\/fr\/wp-json\/wp\/v2\/types\/post"}],"author":[{"embeddable":true,"href":"https:\/\/www.europesays.com\/fr\/wp-json\/wp\/v2\/users\/2"}],"replies":[{"embeddable":true,"href":"https:\/\/www.europesays.com\/fr\/wp-json\/wp\/v2\/comments?post=208673"}],"version-history":[{"count":0,"href":"https:\/\/www.europesays.com\/fr\/wp-json\/wp\/v2\/posts\/208673\/revisions"}],"wp:featuredmedia":[{"embeddable":true,"href":"https:\/\/www.europesays.com\/fr\/wp-json\/wp\/v2\/media\/208674"}],"wp:attachment":[{"href":"https:\/\/www.europesays.com\/fr\/wp-json\/wp\/v2\/media?parent=208673"}],"wp:term":[{"taxonomy":"category","embeddable":true,"href":"https:\/\/www.europesays.com\/fr\/wp-json\/wp\/v2\/categories?post=208673"},{"taxonomy":"post_tag","embeddable":true,"href":"https:\/\/www.europesays.com\/fr\/wp-json\/wp\/v2\/tags?post=208673"}],"curies":[{"name":"wp","href":"https:\/\/api.w.org\/{rel}","templated":true}]}}