{"id":208682,"date":"2025-06-27T15:48:11","date_gmt":"2025-06-27T15:48:11","guid":{"rendered":"https:\/\/www.europesays.com\/fr\/208682\/"},"modified":"2025-06-27T15:48:11","modified_gmt":"2025-06-27T15:48:11","slug":"en-direct-4-departements-en-alerte-orange-canicule-des-parents-deleves-tirent-la-sonnette-dalarme","status":"publish","type":"post","link":"https:\/\/www.europesays.com\/fr\/208682\/","title":{"rendered":"EN DIRECT &#8211; 4 d\u00e9partements en alerte orange canicule : des parents d&rsquo;\u00e9l\u00e8ves tirent la sonnette d&rsquo;alarme"},"content":{"rendered":"<p>Face aux temp\u00e9ratures caniculaires, l&rsquo;association de parents FCPE demande \u00e0 la ministre de l&rsquo;\u00c9ducation Elisabeth Borne de donner, d'\u00a0\u00bburgence\u00a0\u00bb, \u00ab\u00a0des consignes claires\u00a0\u00bb aux personnels des \u00e9tablissements scolaires afin d&rsquo;adapter l&rsquo;accueil des \u00e9l\u00e8ves, d&rsquo;apr\u00e8s un communiqu\u00e9 publi\u00e9 ce vendredi. \u00a0<\/p>\n<p>\u00ab\u00a0On a des temp\u00e9ratures encore beaucoup plus fortes que ces derniers jours attendues pour lundi et mardi, jusqu&rsquo;\u00e0 41 degr\u00e9s\u00a0\u00bb, pendant la derni\u00e8re semaine de classe des \u00e9l\u00e8ves de primaire, explique Gr\u00e9goire Ensel, vice-pr\u00e9sident de la FCPE, interrog\u00e9 par l&rsquo;AFP. Estimant qu&rsquo;une grande partie du b\u00e2ti scolaire \u00ab\u00a0est inadapt\u00e9e\u00a0\u00bb aux fortes chaleurs, le responsable demande de \u00ab\u00a0donner aux \u00e9quipes des consignes claires pour que lors des derniers jours d&rsquo;\u00e9cole elles puissent s&rsquo;adapter, utiliser une salle polyvalente de la commune disponible, prioriser une visite, aller au parc&#8230;\u00a0\u00bb.<\/p>\n","protected":false},"excerpt":{"rendered":"Face aux temp\u00e9ratures caniculaires, l&rsquo;association de parents FCPE demande \u00e0 la ministre de l&rsquo;\u00c9ducation Elisabeth Borne de donner,&hellip;\n","protected":false},"author":2,"featured_media":208683,"comment_status":"","ping_status":"","sticky":false,"template":"","format":"standard","meta":{"footnotes":""},"categories":[4],"tags":[1111,11,1921,1011,27,1922,12,25,34285,133,11009],"class_list":{"0":"post-208682","1":"post","2":"type-post","3":"status-publish","4":"format-standard","5":"has-post-thumbnail","7":"category-france","8":"tag-actu","9":"tag-actualites","10":"tag-article-video","11":"tag-fr","12":"tag-france","13":"tag-info","14":"tag-news","15":"tag-republique-francaise","16":"tag-vers-un-ete-2025-caniculaire-en-france","17":"tag-video","18":"tag-video-meteo-et-intemperies"},"share_on_mastodon":{"url":"https:\/\/pubeurope.com\/@fr\/114756118377881557","error":""},"_links":{"self":[{"href":"https:\/\/www.europesays.com\/fr\/wp-json\/wp\/v2\/posts\/208682","targetHints":{"allow":["GET"]}}],"collection":[{"href":"https:\/\/www.europesays.com\/fr\/wp-json\/wp\/v2\/posts"}],"about":[{"href":"https:\/\/www.europesays.com\/fr\/wp-json\/wp\/v2\/types\/post"}],"author":[{"embeddable":true,"href":"https:\/\/www.europesays.com\/fr\/wp-json\/wp\/v2\/users\/2"}],"replies":[{"embeddable":true,"href":"https:\/\/www.europesays.com\/fr\/wp-json\/wp\/v2\/comments?post=208682"}],"version-history":[{"count":0,"href":"https:\/\/www.europesays.com\/fr\/wp-json\/wp\/v2\/posts\/208682\/revisions"}],"wp:featuredmedia":[{"embeddable":true,"href":"https:\/\/www.europesays.com\/fr\/wp-json\/wp\/v2\/media\/208683"}],"wp:attachment":[{"href":"https:\/\/www.europesays.com\/fr\/wp-json\/wp\/v2\/media?parent=208682"}],"wp:term":[{"taxonomy":"category","embeddable":true,"href":"https:\/\/www.europesays.com\/fr\/wp-json\/wp\/v2\/categories?post=208682"},{"taxonomy":"post_tag","embeddable":true,"href":"https:\/\/www.europesays.com\/fr\/wp-json\/wp\/v2\/tags?post=208682"}],"curies":[{"name":"wp","href":"https:\/\/api.w.org\/{rel}","templated":true}]}}