{"id":208690,"date":"2025-06-27T15:52:09","date_gmt":"2025-06-27T15:52:09","guid":{"rendered":"https:\/\/www.europesays.com\/fr\/208690\/"},"modified":"2025-06-27T15:52:09","modified_gmt":"2025-06-27T15:52:09","slug":"le-centre-aere-ouvert-cet-ete-et-des-activites-maintenues-a-la-rentree","status":"publish","type":"post","link":"https:\/\/www.europesays.com\/fr\/208690\/","title":{"rendered":"le centre a\u00e9r\u00e9 ouvert cet \u00e9t\u00e9 et des activit\u00e9s maintenues \u00e0 la rentr\u00e9e"},"content":{"rendered":"<p>            Par<br \/>\n        <strong><br \/>\n            <a href=\"https:\/\/actu.fr\/auteur\/pierre-emile-bouchy-actu-fr\" title=\"Consulter tous les articles de Paul-Emile Bouchy\" rel=\"nofollow noopener\" target=\"_blank\">Paul-Emile Bouchy<\/a><br \/>\n        <\/strong><\/p>\n<p>        Publi\u00e9 le<\/p>\n<p>            27 juin 2025 \u00e0 17h42        <\/p>\n<p>Ce vendredi a marqu\u00e9 <strong>la fin officielle des activit\u00e9s de la Maison des Jeunes et de la Culture (MJC) Pichon<\/strong>, situ\u00e9e \u00e0 c\u00f4t\u00e9 de la place des Vosges \u00e0 <a href=\"https:\/\/actu.fr\/grand-est\/nancy_54395\" rel=\"nofollow noopener\" target=\"_blank\">Nancy<\/a>. En proie \u00e0 d\u2019importantes difficult\u00e9s financi\u00e8res, <strong>la MJC Pichon a \u00e9t\u00e9 plac\u00e9e en liquidation judiciaire<\/strong> par le tribunal des affaires \u00e9conomiques mardi 24\u00a0juin.<\/p>\n<p class=\" wall-content\">Lors d\u2019un point presse, la Ville de Nancy a \u00e9voqu\u00e9 l\u2019avenir de ce lieu, qui a vu passer plusieurs g\u00e9n\u00e9rations de Nanc\u00e9iens depuis son ouverture en 1996.<\/p>\n<p>Le centre a\u00e9r\u00e9 sera bien ouvert cet \u00e9t\u00e9<\/p>\n<p class=\" wall-content\">Si les activit\u00e9s de la MJC se terminent, marquant le licenciement des salari\u00e9s, le b\u00e2timent va continuer \u00e0 accueillir du public.<\/p>\n<p class=\" wall-content\">Ainsi, le centre-a\u00e9r\u00e9, auquel des enfants sont d\u00e9j\u00e0 inscrits, est maintenu\u2009: \u00ab<strong>\u2009L\u2019accueil des loisirs sera ouvert du 7\u00a0juillet au 1\u1d49\u02b3 ao\u00fbt \u00e0 Pichon<\/strong>. Cela ne change donc rien pour les enfants et les inscriptions sont toujours ouvertes aupr\u00e8s de la MJC Lillebonne, qui va porter ce centre,\u2009\u00bb explique Marianne Birck, adjointe d\u00e9l\u00e9gu\u00e9e \u00e0 la vie associative et \u00e0 l\u2019\u00e9ducation populaire qui ajoute que <strong>le centre a\u00e9r\u00e9 sera aussi ouvert pendant les autres vacances scolaires<\/strong>.<\/p>\n<p class=\" wall-content\">La MJC Pichon \u00e9tait aussi connue pour son importante section <a href=\"https:\/\/actu.fr\/sports\/football\" rel=\"nofollow noopener\" target=\"_blank\">football<\/a> qui compte pr\u00e8s de 400 membres. La Ville assure qu\u2019<strong>une solution a \u00e9t\u00e9 trouv\u00e9e pour que cette section puisse continuer \u00e0 fonctionner \u00e0 la rentr\u00e9e<\/strong> et que les \u00e9quipes puissent prendre toujours part aux comp\u00e9titions.<\/p>\n<p>Vid\u00e9os : en ce moment sur ActuDes projets \u00e0 l\u2019\u00e9tude pour qu\u2019une nouvelle MJC soit cr\u00e9\u00e9e<\/p>\n<p class=\" wall-content\">La MJC Pichon accueillait aussi dans ses murs des associations ind\u00e9pendantes. D\u2019apr\u00e8s la municipalit\u00e9, plusieurs d\u2019entre elles ont d\u00e9j\u00e0 fait part de leur souhait de <strong>maintenir leurs cr\u00e9neaux pour la rentr\u00e9e prochaine<\/strong>.<\/p>\n<p class=\" wall-content\">\u00ab\u2009La Ville travaille pour que d\u00e8s la rentr\u00e9e, la maison Pichon vive. <strong>Je ne veux pas d\u2019une maison ferm\u00e9e \u00e0 quatre tours<\/strong>\u2009\u00bb, indique le maire de Nancy Mathieu Klein.<\/p>\n<p class=\" wall-content\">Pour le moment, aucune \u00e9ch\u00e9ance sur la cr\u00e9ation d\u2019une nouvelle structure n\u2019est act\u00e9e. Un audit va \u00eatre men\u00e9 pour conna\u00eetre les besoins des habitants des quartiers et la Ville soutiendra le projet qui r\u00e9pondra le plus \u00e0 leurs attentes.<\/p>\n<p class=\" wall-content\">Suivez toute l\u2019actualit\u00e9 de vos villes et m\u00e9dias favoris en vous inscrivant \u00e0 <a href=\"https:\/\/moncompte.actu.fr\" title=\"D\u00e9couvez Mon Actu\" rel=\"nofollow noopener\" data-trk=\"{&quot;cta&quot;:{&quot;action&quot;:&quot;https:\\\/\\\/moncompte.actu.fr&quot;,&quot;category&quot;:&quot;mon compte&quot;,&quot;from&quot;:&quot;article footer&quot;,&quot;name&quot;:&quot;Mon actu&quot;,&quot;type&quot;:&quot;cta&quot;}}\" target=\"_blank\">Mon Actu<\/a>.<\/p>\n","protected":false},"excerpt":{"rendered":"Par Paul-Emile Bouchy Publi\u00e9 le 27 juin 2025 \u00e0 17h42 Ce vendredi a marqu\u00e9 la fin officielle des&hellip;\n","protected":false},"author":2,"featured_media":208691,"comment_status":"","ping_status":"","sticky":false,"template":"","format":"standard","meta":{"footnotes":""},"categories":[9635],"tags":[1111,11,1719,1777,674,1011,27,775,1702,12,25,104],"class_list":{"0":"post-208690","1":"post","2":"type-post","3":"status-publish","4":"format-standard","5":"has-post-thumbnail","7":"category-nancy","8":"tag-actu","9":"tag-actualites","10":"tag-enfants","11":"tag-eu","12":"tag-europe","13":"tag-fr","14":"tag-france","15":"tag-grand-est","16":"tag-nancy","17":"tag-news","18":"tag-republique-francaise","19":"tag-societe"},"share_on_mastodon":{"url":"https:\/\/pubeurope.com\/@fr\/114756134106541077","error":""},"_links":{"self":[{"href":"https:\/\/www.europesays.com\/fr\/wp-json\/wp\/v2\/posts\/208690","targetHints":{"allow":["GET"]}}],"collection":[{"href":"https:\/\/www.europesays.com\/fr\/wp-json\/wp\/v2\/posts"}],"about":[{"href":"https:\/\/www.europesays.com\/fr\/wp-json\/wp\/v2\/types\/post"}],"author":[{"embeddable":true,"href":"https:\/\/www.europesays.com\/fr\/wp-json\/wp\/v2\/users\/2"}],"replies":[{"embeddable":true,"href":"https:\/\/www.europesays.com\/fr\/wp-json\/wp\/v2\/comments?post=208690"}],"version-history":[{"count":0,"href":"https:\/\/www.europesays.com\/fr\/wp-json\/wp\/v2\/posts\/208690\/revisions"}],"wp:featuredmedia":[{"embeddable":true,"href":"https:\/\/www.europesays.com\/fr\/wp-json\/wp\/v2\/media\/208691"}],"wp:attachment":[{"href":"https:\/\/www.europesays.com\/fr\/wp-json\/wp\/v2\/media?parent=208690"}],"wp:term":[{"taxonomy":"category","embeddable":true,"href":"https:\/\/www.europesays.com\/fr\/wp-json\/wp\/v2\/categories?post=208690"},{"taxonomy":"post_tag","embeddable":true,"href":"https:\/\/www.europesays.com\/fr\/wp-json\/wp\/v2\/tags?post=208690"}],"curies":[{"name":"wp","href":"https:\/\/api.w.org\/{rel}","templated":true}]}}