{"id":208694,"date":"2025-06-27T15:54:16","date_gmt":"2025-06-27T15:54:16","guid":{"rendered":"https:\/\/www.europesays.com\/fr\/208694\/"},"modified":"2025-06-27T15:54:16","modified_gmt":"2025-06-27T15:54:16","slug":"on-vous-explique-pourquoi-il-ny-aura-pas-de-centre-de-loisirs-a-la-cride-a-sanary","status":"publish","type":"post","link":"https:\/\/www.europesays.com\/fr\/208694\/","title":{"rendered":"On vous explique pourquoi il n&rsquo;y aura pas de centre de loisirs \u00e0 la Cride \u00e0 Sanary"},"content":{"rendered":"<p>Comme il en a l\u2019habitude, le maire de Sanary a profit\u00e9 de la s\u00e9ance du conseil municipal, mercredi, pour annoncer avant l\u2019ouverture de la s\u00e9ance quelques \u00ab\u00a0bonnes nouvelles\u00a0\u00bb aux \u00e9lus et au public pr\u00e9sent. Et non des moindres. A commencer par <strong>l\u2019avenir du Domaine de la Cride<\/strong>, cet ancien centre de vacances que la commune souhaitait acqu\u00e9rir pour y r\u00e9aliser un centre de loisirs pour les enfants de 3 \u00e0 11 ans&#8230; qui sera finalement cr\u00e9\u00e9 \u00e0 la Guicharde.<\/p>\n<p>                                Fin de la proc\u00e9dure de d\u00e9claration d\u2019utilit\u00e9 publique <\/p>\n<p>Un \u00e9ni\u00e8me rebondissement dans ce vieux dossier, moins de trois mois apr\u00e8s l\u2019obtention de la d\u00e9claration d\u2019utilit\u00e9 publique (DUP) qui aurait permis \u00e0 la Ville d\u2019acqu\u00e9rir le Domaine, propri\u00e9t\u00e9 de la Soci\u00e9t\u00e9 fonci\u00e8re 1506, naturellement hostile \u00e0 cet achat (Var-matin du 5 avril). \u00ab\u00a0Parall\u00e8lement \u00e0 cette lourde proc\u00e9dure, la commune a poursuivi ses d\u00e9marches pour tenter de trouver un autre lieu pour r\u00e9aliser ce centre, dans la mesure o\u00f9 l\u2019expropriation ne doit \u00eatre utilis\u00e9e que lorsqu\u2019il n\u2019existe aucun autre choix, a expliqu\u00e9 Daniel Alsters. Le but n\u2019\u00e9tant pas de dessaisir les propri\u00e9taires fonciers de leurs terrain.\u00a0\u00bb<\/p>\n<p>Et le maire d\u2019annoncer que \u00ab\u00a0le projet de cr\u00e9ation d\u2019un centre de loisirs va se situer non plus au Domaine de la Cride mais \u00e0 la Guicharde\u00a0\u00bb, o\u00f9 le terrain sera \u00ab\u00a0r\u00e9am\u00e9nag\u00e9\u00a0\u00bb. Un site non seulement \u00ab\u00a0facile d\u2019acc\u00e8s\u00a0\u00bb et qui b\u00e9n\u00e9ficie aussi \u00ab\u00a0d\u2019une situation id\u00e9ale, \u00e0 proximit\u00e9 des \u00e9coles, des infrastructures sportives et de l\u2019espace jeunes\u00a0\u00bb.<\/p>\n<p>Ce revirement permet de \u00ab\u00a0mettre un terme \u00e0 la proc\u00e9dure de DUP et de construire ce centre dans un d\u00e9lai beaucoup plus raisonnable\u00a0\u00bb, a poursuivi Daniel Alsters. Rappelant qu\u2019actuellement, durant les vacances scolaires les enfants sont accueillis dans les \u00e9coles, ce qui emp\u00eache la commune d\u2019y r\u00e9aliser les travaux n\u00e9cessaires. \u00ab\u00a0Or, ces travaux doivent \u00eatre effectu\u00e9s dans un d\u00e9lai rapide si nous voulons b\u00e9n\u00e9ficier d\u2019aides de l\u2019Etat, notamment le Fonds Vert d\u00e9di\u00e9 aux travaux \u00e9nerg\u00e9tiques\u00a0\u00bb, a pr\u00e9cis\u00e9 le maire.<\/p>\n<p>            Abandon du projet de centre \u00e9questre<\/p>\n<p>Un autre vieux feuilleton dont on ne compte plus les \u00e9pisodes a lui aussi connu son \u00e9pilogue en d\u00e9but de s\u00e9ance : celui du projet de centre \u00e9questre dans le quartier de Beaucours (chemin de Bacchus), que l\u2019ancien maire Ferdinand Bernhard avait nourri il y a des ann\u00e9es et qui a fait l\u2019objet de plusieurs recours. \u00ab\u00a0Ce projet tenait \u00e0 c\u0153ur des \u00e9lus et tout a \u00e9t\u00e9 mis en avant pour le voir aboutir, a assur\u00e9 Daniel Alsters. Mais la consultation pour l\u2019exploitation du site a \u00e9t\u00e9 d\u00e9clar\u00e9e infructueuse.\u00a0\u00bb<\/p>\n<p>Ainsi, consid\u00e9rant qu\u2019il est \u00ab\u00a0indispensable d\u2019exploiter cet espace au b\u00e9n\u00e9fice des familles sanaryennes\u00a0\u00bb, le maire a annonc\u00e9 \u00ab\u00a0la cr\u00e9ation, sur ce lieu, d\u2019un parc interg\u00e9n\u00e9rationnel \u00e0 vocation de sport et de loisir\u00a0\u00bb.<\/p>\n","protected":false},"excerpt":{"rendered":"Comme il en a l\u2019habitude, le maire de Sanary a profit\u00e9 de la s\u00e9ance du conseil municipal, mercredi,&hellip;\n","protected":false},"author":2,"featured_media":208695,"comment_status":"","ping_status":"","sticky":false,"template":"","format":"standard","meta":{"footnotes":""},"categories":[9619],"tags":[1111,11,1777,674,1011,27,12,882,25,2310,3366],"class_list":{"0":"post-208694","1":"post","2":"type-post","3":"status-publish","4":"format-standard","5":"has-post-thumbnail","7":"category-toulon","8":"tag-actu","9":"tag-actualites","10":"tag-eu","11":"tag-europe","12":"tag-fr","13":"tag-france","14":"tag-news","15":"tag-provence-alpes-cote-dazur","16":"tag-republique-francaise","17":"tag-toulon","18":"tag-vie-locale"},"share_on_mastodon":{"url":"https:\/\/pubeurope.com\/@fr\/114756141957487828","error":""},"_links":{"self":[{"href":"https:\/\/www.europesays.com\/fr\/wp-json\/wp\/v2\/posts\/208694","targetHints":{"allow":["GET"]}}],"collection":[{"href":"https:\/\/www.europesays.com\/fr\/wp-json\/wp\/v2\/posts"}],"about":[{"href":"https:\/\/www.europesays.com\/fr\/wp-json\/wp\/v2\/types\/post"}],"author":[{"embeddable":true,"href":"https:\/\/www.europesays.com\/fr\/wp-json\/wp\/v2\/users\/2"}],"replies":[{"embeddable":true,"href":"https:\/\/www.europesays.com\/fr\/wp-json\/wp\/v2\/comments?post=208694"}],"version-history":[{"count":0,"href":"https:\/\/www.europesays.com\/fr\/wp-json\/wp\/v2\/posts\/208694\/revisions"}],"wp:featuredmedia":[{"embeddable":true,"href":"https:\/\/www.europesays.com\/fr\/wp-json\/wp\/v2\/media\/208695"}],"wp:attachment":[{"href":"https:\/\/www.europesays.com\/fr\/wp-json\/wp\/v2\/media?parent=208694"}],"wp:term":[{"taxonomy":"category","embeddable":true,"href":"https:\/\/www.europesays.com\/fr\/wp-json\/wp\/v2\/categories?post=208694"},{"taxonomy":"post_tag","embeddable":true,"href":"https:\/\/www.europesays.com\/fr\/wp-json\/wp\/v2\/tags?post=208694"}],"curies":[{"name":"wp","href":"https:\/\/api.w.org\/{rel}","templated":true}]}}