{"id":208700,"date":"2025-06-27T15:57:09","date_gmt":"2025-06-27T15:57:09","guid":{"rendered":"https:\/\/www.europesays.com\/fr\/208700\/"},"modified":"2025-06-27T15:57:09","modified_gmt":"2025-06-27T15:57:09","slug":"un-jeune-poignarde-un-autre-force-a-se-mettre-nu-sous-la-menace-les-scenes-filmees","status":"publish","type":"post","link":"https:\/\/www.europesays.com\/fr\/208700\/","title":{"rendered":"un jeune poignard\u00e9, un autre forc\u00e9 \u00e0 se mettre nu sous la menace, les sc\u00e8nes film\u00e9es"},"content":{"rendered":"<p>            Par<br \/>\n        <strong><br \/>\n            <a href=\"https:\/\/actu.fr\/auteur\/lea-pippinato\" title=\"Consulter tous les articles de L\u00e9a Pippinato\" rel=\"nofollow noopener\" target=\"_blank\">L\u00e9a Pippinato<\/a><br \/>\n        <\/strong><\/p>\n<p>        Publi\u00e9 le<\/p>\n<p>            27 juin 2025 \u00e0 17h41        <\/p>\n<p><strong>Le 4 juin dernier<\/strong>, vers 1h du matin, trois jeunes d\u2019environ 20 ans, deux hommes et une femme, \u00e9taient assis sur un banc rue Fr\u00e9d\u00e9ric Fabr\u00e8ges, entre les quartiers Saint-Roch et Saint-Martin \u00e0 <strong>Montpellier.<\/strong> Deux individus, l\u00e9g\u00e8rement plus \u00e2g\u00e9s, les ont rejoints sans invitation. Ils ont d\u2019abord engag\u00e9 une conversation, puis ont rapidement adopt\u00e9 une attitude provocante.<\/p>\n<p>    <a href=\"https:\/\/www.google.com\/maps\/embed?pb=!1m18!1m12!1m3!1d11556.70365169137!2d3.8567936!3d43.60287875!2m3!1f0!2f0!3f0!3m2!1i1024!2i768!4f13.1!3m3!1m2!1s0x12b6afbce518987d%3A0x7ff291a1e6734781!2sRue%20Fr%C3%A9d%C3%A9ric%20Fabr%C3%A8ges%2C%2034000%20Montpellier!5e0!3m2!1sfr!2sfr!4v1751037437333!5m2!1sfr!2sfr\" title=\"Ouvrie le lien\" rel=\"nofollow noopener\" target=\"_blank\">Cliquez ici pour visualiser le contenu<\/a><\/p>\n<p class=\" wall-content\">Les victimes ont tent\u00e9 de rester calmes. Malgr\u00e9 cela, les agresseurs ont commenc\u00e9 \u00e0 les pousser l\u00e9g\u00e8rement. Les deux gar\u00e7ons ont alors d\u00e9cid\u00e9 de quitter les lieux et ont \u00e9t\u00e9 suivis. L\u2019un des jeunes a re\u00e7u un coup de couteau au flanc gauche. Il a r\u00e9ussi \u00e0 prendre la fuite. La blessure est superficielle. Un m\u00e9decin lui a prescrit cinq jours d\u2019incapacit\u00e9 totale de travail (ITT). Son ami, rest\u00e9 sur place, a tent\u00e9 de calmer la situation. L\u2019un des deux agresseurs l\u2019a saisi par la taille. L\u2019autre l\u2019a menac\u00e9 avec un couteau, selon ses d\u00e9clarations. L\u2019arme a ensuite \u00e9t\u00e9 rang\u00e9e et les coups ont suivi : gifles, nez en sang, coups de poing au visage. Il a re\u00e7u trois jours d\u2019ITT. La sc\u00e8ne a \u00e9t\u00e9 film\u00e9e par les agresseurs.<\/p>\n<p>Une humiliation impos\u00e9e<\/p>\n<p class=\" wall-content\">L\u2019agression s\u2019est poursuivie sous une autre forme. Les agresseurs ont ordonn\u00e9 au jeune homme de retirer tous ses v\u00eatements. Il s\u2019est d\u00e9shabill\u00e9 sous la contrainte, jusqu\u2019au sous-v\u00eatement. Les agresseurs lui ont ensuite demand\u00e9 de courir. Son ami, bless\u00e9 au couteau et inquiet de ne pas le voir revenir, est revenu sur les lieux et l\u2019a retrouv\u00e9 compl\u00e8tement nu dans la rue. La jeune femme qui les accompagnait avait quitt\u00e9 les lieux avant l\u2019agression.<\/p>\n<p class=\" wall-content\">Une plainte a \u00e9t\u00e9 d\u00e9pos\u00e9e d\u00e8s le lendemain. Les policiers nationaux ont r\u00e9ussi \u00e0 identifier les deux suspects, inconnus des victimes. Ils ont \u00e9t\u00e9 interpell\u00e9s \u00e0 Montpellier ce jeudi 26 juin. Ils ont \u00e9t\u00e9 plac\u00e9s en garde \u00e0 vue et entendus sur l\u2019ensemble des faits reproch\u00e9s, dont ils en ont reconnu une grande partie. Ils ont \u00e9t\u00e9 d\u00e9f\u00e9r\u00e9s au parquet <strong>ce vendredi 27 juin 2025<\/strong>, en vue d\u2019une comparution imm\u00e9diate.<\/p>\n<p>Vid\u00e9os : en ce moment sur Actu<\/p>\n<p class=\" wall-content\">Suivez toute l\u2019actualit\u00e9 de vos villes et m\u00e9dias favoris en vous inscrivant \u00e0 <a href=\"https:\/\/moncompte.actu.fr\" title=\"D\u00e9couvez Mon Actu\" rel=\"nofollow noopener\" data-trk=\"{&quot;cta&quot;:{&quot;action&quot;:&quot;https:\\\/\\\/moncompte.actu.fr&quot;,&quot;category&quot;:&quot;mon compte&quot;,&quot;from&quot;:&quot;article footer&quot;,&quot;name&quot;:&quot;Mon actu&quot;,&quot;type&quot;:&quot;cta&quot;}}\" target=\"_blank\">Mon Actu<\/a>.<\/p>\n<ul class=\"ac-article-tag wall-content\">\n<li><a href=\"https:\/\/actu.fr\/tag\/police\" data-trk=\"{&quot;cta&quot;:{&quot;action&quot;:&quot;Police&quot;,&quot;category&quot;:&quot;tag&quot;,&quot;from&quot;:&quot;article footer&quot;,&quot;name&quot;:&quot;Police&quot;,&quot;type&quot;:&quot;cta&quot;}}\" rel=\"nofollow noopener\" target=\"_blank\">#Police<\/a><\/li>\n<li><a href=\"https:\/\/actu.fr\/tag\/violences-urbaines\" data-trk=\"{&quot;cta&quot;:{&quot;action&quot;:&quot;Violences urbaines&quot;,&quot;category&quot;:&quot;tag&quot;,&quot;from&quot;:&quot;article footer&quot;,&quot;name&quot;:&quot;Violences urbaines&quot;,&quot;type&quot;:&quot;cta&quot;}}\" rel=\"nofollow noopener\" target=\"_blank\">#Violences urbaines<\/a><\/li>\n<\/ul>\n","protected":false},"excerpt":{"rendered":"Par L\u00e9a Pippinato Publi\u00e9 le 27 juin 2025 \u00e0 17h41 Le 4 juin dernier, vers 1h du matin,&hellip;\n","protected":false},"author":2,"featured_media":208701,"comment_status":"","ping_status":"","sticky":false,"template":"","format":"standard","meta":{"footnotes":""},"categories":[9599],"tags":[1111,11,1777,674,118,1011,27,2208,12,2680,1072,25,7501],"class_list":{"0":"post-208700","1":"post","2":"type-post","3":"status-publish","4":"format-standard","5":"has-post-thumbnail","7":"category-montpellier","8":"tag-actu","9":"tag-actualites","10":"tag-eu","11":"tag-europe","12":"tag-faits-divers","13":"tag-fr","14":"tag-france","15":"tag-montpellier","16":"tag-news","17":"tag-occitanie","18":"tag-police","19":"tag-republique-francaise","20":"tag-violences-urbaines"},"share_on_mastodon":{"url":"https:\/\/pubeurope.com\/@fr\/114756153802177826","error":""},"_links":{"self":[{"href":"https:\/\/www.europesays.com\/fr\/wp-json\/wp\/v2\/posts\/208700","targetHints":{"allow":["GET"]}}],"collection":[{"href":"https:\/\/www.europesays.com\/fr\/wp-json\/wp\/v2\/posts"}],"about":[{"href":"https:\/\/www.europesays.com\/fr\/wp-json\/wp\/v2\/types\/post"}],"author":[{"embeddable":true,"href":"https:\/\/www.europesays.com\/fr\/wp-json\/wp\/v2\/users\/2"}],"replies":[{"embeddable":true,"href":"https:\/\/www.europesays.com\/fr\/wp-json\/wp\/v2\/comments?post=208700"}],"version-history":[{"count":0,"href":"https:\/\/www.europesays.com\/fr\/wp-json\/wp\/v2\/posts\/208700\/revisions"}],"wp:featuredmedia":[{"embeddable":true,"href":"https:\/\/www.europesays.com\/fr\/wp-json\/wp\/v2\/media\/208701"}],"wp:attachment":[{"href":"https:\/\/www.europesays.com\/fr\/wp-json\/wp\/v2\/media?parent=208700"}],"wp:term":[{"taxonomy":"category","embeddable":true,"href":"https:\/\/www.europesays.com\/fr\/wp-json\/wp\/v2\/categories?post=208700"},{"taxonomy":"post_tag","embeddable":true,"href":"https:\/\/www.europesays.com\/fr\/wp-json\/wp\/v2\/tags?post=208700"}],"curies":[{"name":"wp","href":"https:\/\/api.w.org\/{rel}","templated":true}]}}