{"id":208712,"date":"2025-06-27T16:03:09","date_gmt":"2025-06-27T16:03:09","guid":{"rendered":"https:\/\/www.europesays.com\/fr\/208712\/"},"modified":"2025-06-27T16:03:09","modified_gmt":"2025-06-27T16:03:09","slug":"fortes-chaleurs-la-collecte-des-dechets-sadapte-dans-lagglomeration-rennaise","status":"publish","type":"post","link":"https:\/\/www.europesays.com\/fr\/208712\/","title":{"rendered":"Fortes chaleurs\u00a0: la collecte des d\u00e9chets s&rsquo;adapte dans l&rsquo;agglom\u00e9ration rennaise"},"content":{"rendered":"<p>C&rsquo;est encore un gros coup de chaud qui nous attend, en d\u00e9but de semaine prochaine, en Bretagne. Rennes M\u00e9tropole annonce des mesures pour \u00e9viter aux agents de subir les pics de chaleur. Les horaires sont donc modifi\u00e9s pour la collecte des d\u00e9chets et dans les d\u00e9ch\u00e8teries de l&rsquo;agglom\u00e9ration.<\/p>\n<p>Un nouvel \u00e9pisode de <strong>fortes chaleurs<\/strong> est attendu en Bretagne, <strong>lundi 30 juin et mardi 1er juillet<\/strong>. Le mercure pourrait atteindre les <strong>37 degr\u00e9s lundi<\/strong>, selon les pr\u00e9visions de\u00a0<a target=\"_blank\" rel=\"nofollow noopener noreferrer\" class=\"IciLink ici-link IciArticleLink g-ici-body-regular-1 underline brand svelte-lu7k6w\" href=\"https:\/\/www.meteo.bzh\/\">M\u00e9t\u00e9o Bretagne<\/a>. Rennes M\u00e9tropole a donc adapt\u00e9 les horaires de ses agents pour la gestion des d\u00e9chets.<\/p>\n<p>L&rsquo;objectif est de leur <strong>\u00e9viter de subir le pic de chaleur du milieu de journ\u00e9e<\/strong>. Ces changements concernent\u00a0l&rsquo;ensemble des communes de l&rsquo;agglom\u00e9ration, lundi et mardi.<\/p>\n<p><strong>Les collectes seront donc d\u00e9cal\u00e9es\u00a0:<\/strong><\/p>\n<ul>\n<li><strong>celles du matin<\/strong> pourront d\u00e9marrer d\u00e8s 5h<\/li>\n<li><strong>celles de l&rsquo;apr\u00e8s-midi<\/strong>\u00a0pourront se d\u00e9rouler jusqu&rsquo;\u00e0 2h du matin<\/li>\n<li><strong>pas de changement des horaires<\/strong> de collecte <strong>sur le centre-ville de Rennes<\/strong><\/li>\n<\/ul>\n<p>Rennes M\u00e9tropole invite les habitants \u00e0 <strong>sortir leur bacs en cons\u00e9quence<\/strong> et \u00e0 attendre le lendemain pour les rentrer.<\/p>\n<p><strong>Dans les d\u00e9ch\u00e8teries qui ne disposent pas d&rsquo;auvent<\/strong> pour la protection des usagers et des agents, les horaires pourront \u00eatre d\u00e9cal\u00e9s\u00a0:<\/p>\n<ul>\n<li>dans les d\u00e9ch\u00e8teries et plateformes habituellement\u00a0<strong>ouvertes le matin et l&rsquo;apr\u00e8s-midi<\/strong><br \/>\u2192 <strong>ouverture de 9h-13h30<\/strong> (10h-13h30 pour La Harpe)<\/li>\n<li>dans les d\u00e9ch\u00e8teries et plateformes habituellement\u00a0<strong>ouvertes le matin et ferm\u00e9es l&rsquo;apr\u00e8s-midi<\/strong><br \/>\u2192 <strong>fermeture \u00e0 12h<\/strong><\/li>\n<li>dans les d\u00e9ch\u00e8teries et plateformes habituellement\u00a0<strong>ferm\u00e9es le matin<\/strong>\u00a0(et ouvertes ou ferm\u00e9es l&rsquo;apr\u00e8s-midi)<br \/>\u2192 <strong>fermeture toute la journ\u00e9e<\/strong><\/li>\n<\/ul>\n<p>Gr\u00e2ce \u00e0 sa large zone ombrag\u00e9e, la d\u00e9ch\u00e8terie de Saint-Jacques-de-la-Lande restera ouverte de 9h \u00e0 12h et de 14h \u00e0 18h.<\/p>\n<p>Rennes M\u00e9tropole pr\u00e9cise que <strong>ces dispositions pourraient \u00eatre prolong\u00e9es<\/strong> dans la semaine, en\u00a0fonction de l&rsquo;\u00e9volution de la situation m\u00e9t\u00e9o.<\/p>\n<p><strong>Renseignements\u00a0:<\/strong>\u00a0Num\u00e9ro Info d\u00e9chets (appel non surtax\u00e9) : 0 223 622 622.<\/p>\n","protected":false},"excerpt":{"rendered":"C&rsquo;est encore un gros coup de chaud qui nous attend, en d\u00e9but de semaine prochaine, en Bretagne. Rennes&hellip;\n","protected":false},"author":2,"featured_media":208713,"comment_status":"","ping_status":"","sticky":false,"template":"","format":"standard","meta":{"footnotes":""},"categories":[2821],"tags":[1111,11,829,1777,674,1011,27,12,584,25],"class_list":{"0":"post-208712","1":"post","2":"type-post","3":"status-publish","4":"format-standard","5":"has-post-thumbnail","7":"category-rennes","8":"tag-actu","9":"tag-actualites","10":"tag-bretagne","11":"tag-eu","12":"tag-europe","13":"tag-fr","14":"tag-france","15":"tag-news","16":"tag-rennes","17":"tag-republique-francaise"},"share_on_mastodon":{"url":"https:\/\/pubeurope.com\/@fr\/114756177585314542","error":""},"_links":{"self":[{"href":"https:\/\/www.europesays.com\/fr\/wp-json\/wp\/v2\/posts\/208712","targetHints":{"allow":["GET"]}}],"collection":[{"href":"https:\/\/www.europesays.com\/fr\/wp-json\/wp\/v2\/posts"}],"about":[{"href":"https:\/\/www.europesays.com\/fr\/wp-json\/wp\/v2\/types\/post"}],"author":[{"embeddable":true,"href":"https:\/\/www.europesays.com\/fr\/wp-json\/wp\/v2\/users\/2"}],"replies":[{"embeddable":true,"href":"https:\/\/www.europesays.com\/fr\/wp-json\/wp\/v2\/comments?post=208712"}],"version-history":[{"count":0,"href":"https:\/\/www.europesays.com\/fr\/wp-json\/wp\/v2\/posts\/208712\/revisions"}],"wp:featuredmedia":[{"embeddable":true,"href":"https:\/\/www.europesays.com\/fr\/wp-json\/wp\/v2\/media\/208713"}],"wp:attachment":[{"href":"https:\/\/www.europesays.com\/fr\/wp-json\/wp\/v2\/media?parent=208712"}],"wp:term":[{"taxonomy":"category","embeddable":true,"href":"https:\/\/www.europesays.com\/fr\/wp-json\/wp\/v2\/categories?post=208712"},{"taxonomy":"post_tag","embeddable":true,"href":"https:\/\/www.europesays.com\/fr\/wp-json\/wp\/v2\/tags?post=208712"}],"curies":[{"name":"wp","href":"https:\/\/api.w.org\/{rel}","templated":true}]}}