{"id":208714,"date":"2025-06-27T16:09:36","date_gmt":"2025-06-27T16:09:36","guid":{"rendered":"https:\/\/www.europesays.com\/fr\/208714\/"},"modified":"2025-06-27T16:09:36","modified_gmt":"2025-06-27T16:09:36","slug":"les-bons-reflexes-a-adopter-face-a-la-canicule","status":"publish","type":"post","link":"https:\/\/www.europesays.com\/fr\/208714\/","title":{"rendered":"les bons r\u00e9flexes \u00e0 adopter face \u00e0 la canicule"},"content":{"rendered":"<p>La Ville de Strasbourg a d\u00e9velopp\u00e9 un syst\u00e8me de veille sanitaire et sociale tout au long de l\u2019ann\u00e9e en direction des personnes les plus isol\u00e9es, vuln\u00e9rables, s\u00e9niors et handicap\u00e9es. Ce dispositif est renforc\u00e9 pendant la p\u00e9riode estivale alors que des temp\u00e9ratures <a href=\"https:\/\/www.dna.fr\/environnement\/2025\/06\/27\/l-alsace-n-en-a-pas-fini-avec-la-chaleur\" target=\"_blank\" rel=\"nofollow noopener\">d\u00e9passant les 35 degr\u00e9s<\/a> sont \u00e0 nouveau attendues la semaine prochaine\u00a0: contacts, sensibilisations, accompagnements et visites, au plus pr\u00e8s des habitants.<\/p>\n<p>Un formulaire d\u2019inscription au registre canicule pour les personnes fragiles est disponible dans toutes les mairies de quartier et les centres m\u00e9dico-sociaux ou sur simple appel t\u00e9l\u00e9phonique au 03\u00a068\u00a098\u00a055\u00a055 (Ligne Info canicule) mais aussi sur le site strasbourg.eu.<\/p>\n<p>\u25b6 \u2002Boire fr\u00e9quemment de l\u2019eau sans attendre d\u2019avoir soif,<\/p>\n<p>\u25b6 \u2002Se rafra\u00eechir et se mouiller le corps plusieurs fois par jour,<\/p>\n<p>\u25b6 \u2002Manger en quantit\u00e9 suffisante et ne pas boire de l\u2019alcool,<\/p>\n<p>\u25b6 \u2002\u00c9viter de sortir aux heures les plus chaudes et si possible rester dans un lieu frais,<\/p>\n<p>\u25b6 \u2002Fermer les volets en journ\u00e9e et ouvrez les la nuit quand il fait plus frais,<\/p>\n<p>\u25b6 \u2002Penser \u00e0 donner de vos nouvelles \u00e0 vos proches,<\/p>\n<p>\u25b6 \u2002R\u00e9pondre au t\u00e9l\u00e9phone quand la mairie vous appelle pour savoir si vous allez bien (si vous \u00eates inscrit sur le registre nominatif canicule de la commune)<\/p>\n<p>\u25b6 \u2002Oser demander de l\u2019aide, d\u00e8s que c\u2019est n\u00e9cessaire.<\/p>\n<p>Dans le cadre du plan canicule, plusieurs points d\u2019eau sont r\u00e9partis sur le territoire de la Ville de Strasbourg depuis le 1er\u00a0juin.<\/p>\n<p>Ils compl\u00e8tent l\u2019offre d\u00e9j\u00e0 existante et permettent de mettre \u00e0 la disposition de tous, de l\u2019eau potable dans le cadre du plan canicule pour se rafra\u00eechir, boire \u00e0 la r\u00e9galade, mais \u00e9galement de remplir les gourdes durant tout l\u2019\u00e9t\u00e9.<\/p>\n<p>Une carte <a href=\"https:\/\/www.strasbourg.eu\/plan-canicule\" target=\"_blank\" rel=\"nofollow noopener\">\u00e9dit\u00e9e par l&rsquo;Eurom\u00e9tropole de Strasbourg<\/a> permet de localiser les points d\u2019eau potable est disponible.\u00a0<\/p>\n<p>  Trouver les sites rafra\u00eechis dans la ville<\/p>\n<p>Une cartographie par quartier permet de recenser des lieux moteurs dans l\u2019accueil notamment de personnes \u00e2g\u00e9es en cas de fortes chaleurs. En lien avec plus de 150 partenaires engag\u00e9s, il s\u2019agit principalement, de galeries marchandes jouissant d\u2019une grande surface d\u2019accueil, des m\u00e9diath\u00e8ques, certains h\u00f4tels\u2026 Ces cartes sont consultables sur le site internet de la Ville de Strasbourg et les lieux d\u2019accueil du public (mairies de quartier, centre m\u00e9dico-social\u00a0etc.).<\/p>\n<p>  Les cours d\u2019\u00e9cole v\u00e9g\u00e9talis\u00e9es ouvertes \u00e0 tous<\/p>\n<p>En plus des parcs et jardins du territoire, pour b\u00e9n\u00e9ficier d\u2019\u00eelots de fra\u00eecheur en cas de forte chaleur, la Ville de Strasbourg ouvre \u00e0 tous six cours d\u2019\u00e9cole v\u00e9g\u00e9talis\u00e9es, du 7\u00a0juillet au 24\u00a0ao\u00fbt\u00a0: tables de pique-nique, des cabanes, des transats, des aires de jeux, des espaces enherb\u00e9s, ombrag\u00e9s et des espaces pour pratiquer des activit\u00e9s sportives seront propos\u00e9s.<\/p>\n<p>  Plans d\u2019eau et piscines<\/p>\n<p>Des plans d\u2019eau sont situ\u00e9s sur le territoire de l\u2019Eurom\u00e9tropole de Strasbourg. Espaces naturels privil\u00e9gi\u00e9s proches du centre-ville, ce sont \u00e9galement de formidables lieux pour se rafra\u00eechir. La liste des plans d\u2019eau du territoire est \u00e0 retrouver : strasbourg.eu\/plans-eau<\/p>\n<p>Les piscines de l\u2019Eurom\u00e9tropole de Strasbourg sont \u00e9galement ouvertes tout l\u2019\u00e9t\u00e9. Toutes les informations sur le site strasbourg.eu\/horaires-frequentation-piscines et sur l\u2019application StrasApp pour retrouver les horaires et fr\u00e9quentations instantan\u00e9es des piscines.<\/p>\n<p class=\"note\">Plus d\u2019infos sur\u00a0: strasbourg.eu\/plan-canicule<\/p>\n","protected":false},"excerpt":{"rendered":"La Ville de Strasbourg a d\u00e9velopp\u00e9 un syst\u00e8me de veille sanitaire et sociale tout au long de l\u2019ann\u00e9e&hellip;\n","protected":false},"author":2,"featured_media":208715,"comment_status":"","ping_status":"","sticky":false,"template":"","format":"standard","meta":{"footnotes":""},"categories":[2820],"tags":[1111,11,2880,436,1777,674,107,1011,27,775,8423,12,25,71,640,2879],"class_list":{"0":"post-208714","1":"post","2":"type-post","3":"status-publish","4":"format-standard","5":"has-post-thumbnail","7":"category-strasbourg","8":"tag-actu","9":"tag-actualites","10":"tag-edition-strasbourg","11":"tag-environnement","12":"tag-eu","13":"tag-europe","14":"tag-fil-info","15":"tag-fr","16":"tag-france","17":"tag-grand-est","18":"tag-meteorologie-climat","19":"tag-news","20":"tag-republique-francaise","21":"tag-sante","22":"tag-strasbourg","23":"tag-strasbourg-ville"},"share_on_mastodon":{"url":"https:\/\/pubeurope.com\/@fr\/114756201133671676","error":""},"_links":{"self":[{"href":"https:\/\/www.europesays.com\/fr\/wp-json\/wp\/v2\/posts\/208714","targetHints":{"allow":["GET"]}}],"collection":[{"href":"https:\/\/www.europesays.com\/fr\/wp-json\/wp\/v2\/posts"}],"about":[{"href":"https:\/\/www.europesays.com\/fr\/wp-json\/wp\/v2\/types\/post"}],"author":[{"embeddable":true,"href":"https:\/\/www.europesays.com\/fr\/wp-json\/wp\/v2\/users\/2"}],"replies":[{"embeddable":true,"href":"https:\/\/www.europesays.com\/fr\/wp-json\/wp\/v2\/comments?post=208714"}],"version-history":[{"count":0,"href":"https:\/\/www.europesays.com\/fr\/wp-json\/wp\/v2\/posts\/208714\/revisions"}],"wp:featuredmedia":[{"embeddable":true,"href":"https:\/\/www.europesays.com\/fr\/wp-json\/wp\/v2\/media\/208715"}],"wp:attachment":[{"href":"https:\/\/www.europesays.com\/fr\/wp-json\/wp\/v2\/media?parent=208714"}],"wp:term":[{"taxonomy":"category","embeddable":true,"href":"https:\/\/www.europesays.com\/fr\/wp-json\/wp\/v2\/categories?post=208714"},{"taxonomy":"post_tag","embeddable":true,"href":"https:\/\/www.europesays.com\/fr\/wp-json\/wp\/v2\/tags?post=208714"}],"curies":[{"name":"wp","href":"https:\/\/api.w.org\/{rel}","templated":true}]}}