{"id":208716,"date":"2025-06-27T16:10:11","date_gmt":"2025-06-27T16:10:11","guid":{"rendered":"https:\/\/www.europesays.com\/fr\/208716\/"},"modified":"2025-06-27T16:10:11","modified_gmt":"2025-06-27T16:10:11","slug":"municipales-2026-thibaut-vinci-annonce-sa-candidature-pour-le-parti-radical-de-gauche-a-strasbourg","status":"publish","type":"post","link":"https:\/\/www.europesays.com\/fr\/208716\/","title":{"rendered":"Municipales 2026. Thibaut Vinci annonce sa candidature pour le Parti radical de gauche \u00e0 Strasbourg"},"content":{"rendered":"<p>Thibaut Vinci annonce officiellement ce vendredi 27\u00a0juin se lancer dans la course \u00e0 la mairie de Strasbourg. \u00ab\u00a0Le chemin est encore long jusqu\u2019\u00e0 mars\u00a02026\u00a0\u00bb, mais s\u2019engager maintenant est important pour le candidat du Parti radical de gauche, <a href=\"https:\/\/www.dna.fr\/elections\/2022\/05\/21\/strasbourg-illkirch-thibaut-vinci-(prg)-le-gout-de-l-independance\" target=\"_blank\" rel=\"nofollow noopener\">d\u00e9j\u00e0 candidat aux l\u00e9gislatives en 2022<\/a>.<\/p>\n<p>  Se d\u00e9marquer des alliances pass\u00e9es<\/p>\n<p>\u00ab\u00a0Le PRG n\u2019est plus le suiveur du Parti socialiste \u00e0 chaque \u00e9lection.\u00a0\u00bb <a href=\"https:\/\/www.dna.fr\/elections\/2025\/04\/09\/strasbourg-thibaut-vinci-investi-comme-chef-de-file-du-centre-gauche\" target=\"_blank\" rel=\"nofollow noopener\">Thibaut Vinci<\/a> rappelle que, depuis 2022, son parti a pr\u00e9sent\u00e9 sa propre candidature aux l\u00e9gislatives et aux europ\u00e9ennes, <a href=\"https:\/\/www.dna.fr\/politique\/2025\/01\/11\/a-strasbourg-le-prg-appelle-a-une-primaire-citoyenne-de-gauche\" target=\"_blank\" rel=\"nofollow noopener\">loin des accords trouv\u00e9s avec le PS par le pass\u00e9<\/a>. \u00ab\u00a0Nous discutons toujours avec les forces de gauche mais les unions ont des limites. \u00bb Il accueille volontiers la gauche de la \u00ab\u00a0macronie\u00a0\u00bb tout en excluant les anciens sympathisants LR qui ont rejoint le mouvement du pr\u00e9sident de la R\u00e9publique. Thibaut Vinci consid\u00e8re que \u00ab\u00a0les alliances incoh\u00e9rentes ne passent plus aupr\u00e8s des \u00e9lecteurs\u00a0\u00bb, prenant exemple sur l\u2019accord Fontanel &#8211; Vetter de 2020.<\/p>\n<p>\u00c0 38 ans, Thibaut Vinci, originaire de Blaesheim, se donne l\u2019\u00e9t\u00e9 pour faire conna\u00eetre davantage le PRG \u00e0 Strasbourg. \u00ab\u00a0Nous ne sommes pas aussi populaires que <a href=\"https:\/\/www.dna.fr\/p\/catherine-trautmann\" target=\"_blank\" rel=\"nofollow noopener\">Catherine Trautmann<\/a> donc nous devons mettre les bouch\u00e9es doubles.\u00a0\u00bb Cela passe par les 25\u00a0000 tracts imprim\u00e9s, pr\u00eats \u00e0 \u00eatre distribu\u00e9s sur les march\u00e9s de la ville. Le candidat s\u2019appuie sur son ancrage personnel mais aussi sur la pr\u00e9sence de ses militants sur le territoire, une base solide pour sa future liste. L\u2019annonce de sa candidature ne lui para\u00eet pas pr\u00e9matur\u00e9e alors que les discussions politiques devraient v\u00e9ritablement d\u00e9buter \u00e0 la rentr\u00e9e.<\/p>\n<p>  Loin des carri\u00e8res politiques classiques<\/p>\n<p>L\u2019heure est au changement pour ce passionn\u00e9 de politique, militant depuis quinze ans. \u00ab\u00a0Contrairement \u00e0 beaucoup de responsables, je ne vis pas de la politique et ma d\u00e9marche peut \u00eatre plus sinc\u00e8re. \u00bb Policier de profession, il pense pouvoir se battre \u00e0 100\u00a0% pour ses id\u00e9es, et pas seulement pour garder un poste. Thibaut Vinci veut impr\u00e9gner de sa passion les trois priorit\u00e9s qu\u2019il a identifi\u00e9es pour Strasbourg.<\/p>\n<p>Sur la s\u00e9curit\u00e9, il pr\u00f4ne l\u2019installation de points fixes de la police municipale fa\u00e7on \u00ab\u00a0kobans\u00a0\u00bb japonais pour une pr\u00e9sence de proximit\u00e9 rassurante. L\u2019accent est mis sur le renfort des associations et centres socioculturels, premiers relais sur le terrain. Il estime enfin que le rayonnement de Strasbourg passe par l\u2019Europe\u00a0: \u00ab\u00a0Il faut en finir avec l\u2019Europe des petits fours et la rendre accessible \u00e0 tous. \u00bb<\/p>\n<p>Et Thibaut Vinci de conclure\u00a0: \u00ab\u00a0J\u2019ai 39 ans l\u2019ann\u00e9e prochaine, comme Catherine Trautmann et <a href=\"https:\/\/www.dna.fr\/p\/jeanne-barseghian\" target=\"_blank\" rel=\"nofollow noopener\">Jeanne Barseghian<\/a> lors de leur \u00e9lection \u00e0 la mairie de Strasbourg. C\u2019est un signe.\u00a0\u00bb<\/p>\n","protected":false},"excerpt":{"rendered":"Thibaut Vinci annonce officiellement ce vendredi 27\u00a0juin se lancer dans la course \u00e0 la mairie de Strasbourg. \u00ab\u00a0Le&hellip;\n","protected":false},"author":2,"featured_media":208717,"comment_status":"","ping_status":"","sticky":false,"template":"","format":"standard","meta":{"footnotes":""},"categories":[2820],"tags":[1111,11,2880,5949,4188,1777,674,107,1011,27,775,12,3541,316,3370,25,640,2879],"class_list":{"0":"post-208716","1":"post","2":"type-post","3":"status-publish","4":"format-standard","5":"has-post-thumbnail","7":"category-strasbourg","8":"tag-actu","9":"tag-actualites","10":"tag-edition-strasbourg","11":"tag-elections","12":"tag-elections-municipales","13":"tag-eu","14":"tag-europe","15":"tag-fil-info","16":"tag-fr","17":"tag-france","18":"tag-grand-est","19":"tag-news","20":"tag-parti-socialiste","21":"tag-politique","22":"tag-renaissance","23":"tag-republique-francaise","24":"tag-strasbourg","25":"tag-strasbourg-ville"},"share_on_mastodon":{"url":"https:\/\/pubeurope.com\/@fr\/114756204847338467","error":""},"_links":{"self":[{"href":"https:\/\/www.europesays.com\/fr\/wp-json\/wp\/v2\/posts\/208716","targetHints":{"allow":["GET"]}}],"collection":[{"href":"https:\/\/www.europesays.com\/fr\/wp-json\/wp\/v2\/posts"}],"about":[{"href":"https:\/\/www.europesays.com\/fr\/wp-json\/wp\/v2\/types\/post"}],"author":[{"embeddable":true,"href":"https:\/\/www.europesays.com\/fr\/wp-json\/wp\/v2\/users\/2"}],"replies":[{"embeddable":true,"href":"https:\/\/www.europesays.com\/fr\/wp-json\/wp\/v2\/comments?post=208716"}],"version-history":[{"count":0,"href":"https:\/\/www.europesays.com\/fr\/wp-json\/wp\/v2\/posts\/208716\/revisions"}],"wp:featuredmedia":[{"embeddable":true,"href":"https:\/\/www.europesays.com\/fr\/wp-json\/wp\/v2\/media\/208717"}],"wp:attachment":[{"href":"https:\/\/www.europesays.com\/fr\/wp-json\/wp\/v2\/media?parent=208716"}],"wp:term":[{"taxonomy":"category","embeddable":true,"href":"https:\/\/www.europesays.com\/fr\/wp-json\/wp\/v2\/categories?post=208716"},{"taxonomy":"post_tag","embeddable":true,"href":"https:\/\/www.europesays.com\/fr\/wp-json\/wp\/v2\/tags?post=208716"}],"curies":[{"name":"wp","href":"https:\/\/api.w.org\/{rel}","templated":true}]}}