{"id":208718,"date":"2025-06-27T16:11:09","date_gmt":"2025-06-27T16:11:09","guid":{"rendered":"https:\/\/www.europesays.com\/fr\/208718\/"},"modified":"2025-06-27T16:11:09","modified_gmt":"2025-06-27T16:11:09","slug":"la-compagnie-air-corsica-lance-une-nouvelle-liaison-entre-nice-et-florence","status":"publish","type":"post","link":"https:\/\/www.europesays.com\/fr\/208718\/","title":{"rendered":"La compagnie Air Corsica lance une nouvelle liaison entre Nice et Florence"},"content":{"rendered":"<p>La compagnie a\u00e9rienne r\u00e9gionale Air Corsica a inaugur\u00e9, ce vendredi 27 juin au matin, sa nouvelle liaison entre Nice et Florence.<\/p>\n<p>Plusieurs acteurs et partenaires du projet avaient fait le d\u00e9placement pour l&rsquo;occasion, parmi lesquels la pr\u00e9sidente du conseil de surveillance d&rsquo;Air Corsica, Marie-H\u00e9l\u00e8ne Casanova-Servas, le pr\u00e9sident du directoire, Pierre Muracciole, ainsi que le pr\u00e9sident du directoire d&rsquo;a\u00e9roports de la C\u00f4te d&rsquo;Azur, Franck Goldanel.<\/p>\n<p>\u00ab\u00a0Air Corsica est une compagnie incontournable pour notre a\u00e9roport de Nice et son territoire, dans la mesure o\u00f9 elle r\u00e9alise un important travail de d\u00e9veloppement de nos lignes directes vers un plus grand nombre de capitales r\u00e9gionales et de destinations touristiques\u00a0\u00bb, a d\u00e9clar\u00e9 ce dernier.<\/p>\n<p>Deux rotations par semaine<\/p>\n<p>Auparavant, tous avaient symboliquement coup\u00e9 un ruban devant le comptoir d&rsquo;enregistrement du vol inaugural, qui a d\u00e9coll\u00e9 vers 11 heures de l&rsquo;a\u00e9roport de Nice, apr\u00e8s une s\u00e9ance de photographies sur le tarmac, aux c\u00f4t\u00e9s du commandant de bord, Louis-Philippe Locandro, et de son \u00e9quipage.<\/p>\n<p>Destin\u00e9s \u00e0 perdurer, les vols seront assur\u00e9s annuellement \u00e0 une fr\u00e9quence de deux rotations par semaine, tous les lundis et vendredis, en ATR72-600, des appareils de nouvelle g\u00e9n\u00e9ration acquis r\u00e9cemment par la compagnie.<\/p>\n<p>Deux tarifs sont propos\u00e9s en fonction du trajet choisi, \u00e0 savoir \u00e0 partir de 99 euros TTC pour le vol Nice-Florence ou bien \u00e0 partir de 269 euros TTC pour une liaison Corse-Nice-Florence.<\/p>\n<p>La nouvelle ligne vise ainsi \u00e0\u00a0\u00ab\u00a0poursuivre la strat\u00e9gie de d\u00e9ploiement\u00a0\u00bb port\u00e9e par la compagnie, en \u00ab\u00a0renfor\u00e7ant des lignes de service public, notamment sur la desserte de Nice\u00a0\u00bb et \u00ab\u00a0en offrant des possibilit\u00e9s suppl\u00e9mentaires de flux depuis et vers la Corse, a soulign\u00e9 Marie-H\u00e9l\u00e8ne Casanova-Servas. Les horaires ont \u00e9t\u00e9 pens\u00e9s pour faciliter les correspondances et la connectivit\u00e9 avec les quatre a\u00e9roports de l&rsquo;\u00eele. L&rsquo;attractivit\u00e9 des lignes italiennes s&rsquo;est naturellement impos\u00e9e, d&rsquo;autant qu&rsquo;il s&rsquo;agit d&rsquo;un march\u00e9 que nous connaissons depuis plusieurs ann\u00e9es, au d\u00e9part de la Corse\u00a0\u00bb.<\/p>\n<p>Air Corsica s&rsquo;est en effet implant\u00e9e depuis 2022 en Italie, en proposant des vols vers Rome, Milan et Olbia.\u00a0<\/p>\n<p>\u00ab\u00a0Optimiser l&rsquo;utilisation de la flotte\u00a0\u00bb<\/p>\n<p>Une offre qui a d&rsquo;ores et d\u00e9j\u00e0 s\u00e9duit de nombreux insulaires, \u00e0 l&rsquo;instar de Corinne et Ang\u00e9lique, qui ont embarqu\u00e9 sur la ligne inaugurale vers Florence, via le premier avion Ajaccio-Nice de la matin\u00e9e. \u00ab\u00a0Nous \u00e9tions d\u00e9j\u00e0 all\u00e9es \u00e0 Rome l&rsquo;an dernier, avec le vol direct, ont-elles not\u00e9. Cette fois, il y a une escale, mais c&rsquo;est toutefois une bonne occasion de retourner en Italie\u00a0\u00bb.<\/p>\n<p>Si, \u00e0 l&rsquo;\u00e9chelle du mois de juillet, environ \u00ab\u00a020% des passagers\u00a0\u00bb de la nouvelle ligne sont des r\u00e9sidents corses, Pierre Muracciole a pr\u00e9cis\u00e9 que \u00ab\u00a0l&rsquo;un des objectifs est d&rsquo;optimiser l&rsquo;utilisation la flotte\u00a0\u00bb.<\/p>\n<p>Une opportunit\u00e9 pour les insulaires, donc, mais \u00e9galement pour la client\u00e8le nationale et internationale.<\/p>\n<p>\u00c0 l&#8217;embarquement du vol inaugural en direction de Florence &#8211; qui \u00e9tait complet -, de nombreux \u00e9trangers t\u00e9moignaient ainsi de leur satisfaction de b\u00e9n\u00e9ficier de la nouvelle liaison. \u00ab\u00a0Le trajet en train \u00e9tait un peu moins cher mais beaucoup moins rapide\u00a0\u00bb, soulignait par exemple Jenifer, une Australienne en vacances en famille.<\/p>\n","protected":false},"excerpt":{"rendered":"La compagnie a\u00e9rienne r\u00e9gionale Air Corsica a inaugur\u00e9, ce vendredi 27 juin au matin, sa nouvelle liaison entre&hellip;\n","protected":false},"author":2,"featured_media":208719,"comment_status":"","ping_status":"","sticky":false,"template":"","format":"standard","meta":{"footnotes":""},"categories":[2819],"tags":[17,1111,11,2965,1102,23486,11052,33,1777,674,1011,27,20822,3052,12,2401,34763,882,25],"class_list":{"0":"post-208718","1":"post","2":"type-post","3":"status-publish","4":"format-standard","5":"has-post-thumbnail","7":"category-nice","8":"tag-17","9":"tag-actu","10":"tag-actualites","11":"tag-air","12":"tag-breakingnews","13":"tag-compagnie","14":"tag-corsica","15":"tag-economie","16":"tag-eu","17":"tag-europe","18":"tag-fr","19":"tag-france","20":"tag-inaugure","21":"tag-ligne","22":"tag-news","23":"tag-nice","24":"tag-nice-florence","25":"tag-provence-alpes-cote-dazur","26":"tag-republique-francaise"},"share_on_mastodon":{"url":"https:\/\/pubeurope.com\/@fr\/114756208859262780","error":""},"_links":{"self":[{"href":"https:\/\/www.europesays.com\/fr\/wp-json\/wp\/v2\/posts\/208718","targetHints":{"allow":["GET"]}}],"collection":[{"href":"https:\/\/www.europesays.com\/fr\/wp-json\/wp\/v2\/posts"}],"about":[{"href":"https:\/\/www.europesays.com\/fr\/wp-json\/wp\/v2\/types\/post"}],"author":[{"embeddable":true,"href":"https:\/\/www.europesays.com\/fr\/wp-json\/wp\/v2\/users\/2"}],"replies":[{"embeddable":true,"href":"https:\/\/www.europesays.com\/fr\/wp-json\/wp\/v2\/comments?post=208718"}],"version-history":[{"count":0,"href":"https:\/\/www.europesays.com\/fr\/wp-json\/wp\/v2\/posts\/208718\/revisions"}],"wp:featuredmedia":[{"embeddable":true,"href":"https:\/\/www.europesays.com\/fr\/wp-json\/wp\/v2\/media\/208719"}],"wp:attachment":[{"href":"https:\/\/www.europesays.com\/fr\/wp-json\/wp\/v2\/media?parent=208718"}],"wp:term":[{"taxonomy":"category","embeddable":true,"href":"https:\/\/www.europesays.com\/fr\/wp-json\/wp\/v2\/categories?post=208718"},{"taxonomy":"post_tag","embeddable":true,"href":"https:\/\/www.europesays.com\/fr\/wp-json\/wp\/v2\/tags?post=208718"}],"curies":[{"name":"wp","href":"https:\/\/api.w.org\/{rel}","templated":true}]}}