{"id":208722,"date":"2025-06-27T16:13:19","date_gmt":"2025-06-27T16:13:19","guid":{"rendered":"https:\/\/www.europesays.com\/fr\/208722\/"},"modified":"2025-06-27T16:13:19","modified_gmt":"2025-06-27T16:13:19","slug":"a-nantes-le-peintre-japonais-hokusai-mis-a-lhonneur-au-chateau-dans-une-expo-hors-du-commun","status":"publish","type":"post","link":"https:\/\/www.europesays.com\/fr\/208722\/","title":{"rendered":"\u00c0 Nantes, le peintre japonais Hokusai mis \u00e0 l&rsquo;honneur au ch\u00e2teau dans une expo hors du commun"},"content":{"rendered":"<p>            Par<br \/>\n        <strong><br \/>\n            <a href=\"https:\/\/actu.fr\/auteur\/laure-gentil\" title=\"Consulter tous les articles de Laure Gentil\" target=\"_blank\" rel=\"noopener\">Laure Gentil<\/a><br \/>\n        <\/strong><\/p>\n<p>        Publi\u00e9 le<\/p>\n<p>            27 juin 2025 \u00e0 18h06        <\/p>\n<p><strong>\u00c0 partir de ce samedi 28\u00a0juin 2025<\/strong>, le ch\u00e2teau des Ducs de Bretagne \u00e0 <a href=\"https:\/\/actu.fr\/nantes\" target=\"_blank\" rel=\"noopener\">Nantes<\/a> accueille une exposition exceptionnelle. Plus de<strong> 160 \u0153uvres du c\u00e9l\u00e8bre artiste japonais Hokusai<\/strong>, dont une quarantaine de peintures seront expos\u00e9es jusqu\u2019au 7\u00a0septembre prochain. Parmi elles, la fameuse estampe Au revers d\u2019une vague au large de Kanagawa aussi connue sous le nom La Grande Vague.<\/p>\n<p class=\" wall-content\">Actu Nantes a pu d\u00e9couvrir cette exposition ce vendredi 27\u00a0juin, juste avant l\u2019ouverture au public, en compagnie de <strong>Bertrand Guillet<\/strong>, le directeur du <strong>Mus\u00e9e d\u2019histoire de Nantes<\/strong>, de Toshinobu Yasumura, le directeur de l\u2019Hokusai-Kan Museum et Miyuki Arai, la conservatrice de l\u2019Hokusai-Kan Museum.<\/p>\n<p>Comprendre l\u2019artiste<\/p>\n<p class=\" wall-content\">\u00ab\u2009Nous ne voulions pas faire une r\u00e9trospective\u2009\u00bb, explique Bertrand Guillet qui rappelle que l\u2019artiste japonais a \u00e9t\u00e9 tr\u00e8s \u00ab\u2009prolifique\u2009\u00bb et que son \u0153uvre est \u00ab\u2009consid\u00e9rable\u2009\u00bb. Sur plus de 70\u00a0ans, Hokusai a cr\u00e9\u00e9 plus de<strong> 3000 gravures polychromes<\/strong>, 2000 livres imprim\u00e9s, des milliers de dessins et environ 450 peintures.<\/p>\n<p>    <img   decoding=\"async\" loading=\"lazy\" src=\"https:\/\/www.europesays.com\/fr\/wp-content\/uploads\/2025\/06\/hokusai-nantes-expo-4-960x640.jpg\" alt=\"Sont aussi pr\u00e9sentes Les Trente-six vues du mont Fuji.\" width=\"960\" height=\"640\"\/><br \/>\n    Sont pr\u00e9sentes dans cette exposition\u2009: Les Trente-six vues du mont Fuji. (\u00a9Laure Gentil \/ actu Nantes)<\/p>\n<p class=\" wall-content\">Selon le directeur du Mus\u00e9e d\u2019histoire de Nantes, le but de cette exposition est de faire d\u00e9couvrir Hokusai au grand public, pas seulement en tant que \u00ab\u2009ma\u00eetre de l\u2019estampe\u2009\u00bb. \u00ab\u2009C\u2019est avant tout un peintre et ce qui caract\u00e9rise cette collection\u2009\u00bb, a-t-il insist\u00e9.<\/p>\n<p>Vid\u00e9os : en ce moment sur Actu<\/p>\n<p class=\" wall-content\">Il se souvient avec humour la visite d\u2019un couple voulant acc\u00e9der \u00e0 l\u2019exposition. \u00ab\u2009Ils m\u2019ont dit vouloir voir la Vague sans savoir qui \u00e9tait Hokusai\u2009\u00bb, a-t-il racont\u00e9 en riant.<\/p>\n<p>    <img   decoding=\"async\" loading=\"lazy\" src=\"https:\/\/www.europesays.com\/fr\/wp-content\/uploads\/2025\/06\/hokusai-nantes-expo-6-960x640.jpg\" alt=\"La c\u00e9l\u00e8bre vague d'Hokusai est expos\u00e9e \u00e0 Nantes jusqu'en septembre.\" width=\"960\" height=\"640\"\/><br \/>\n    La c\u00e9l\u00e8bre vague d\u2019Hokusai est expos\u00e9e \u00e0 Nantes jusqu\u2019en septembre. (\u00a9Laure Gentil \/ actu Nantes)<\/p>\n<p class=\" wall-content\">Aussi, au lieu de pr\u00e9senter les \u0153uvres par chronologie, ces derni\u00e8res sont <strong>expos\u00e9es par th\u00e8me\u2009<\/strong>: la relation d\u2019Hokusai \u00e0 la nature, la question de l\u2019eau, sa fascination pour le mont Fuji\u2026<\/p>\n<p>    <img   decoding=\"async\" loading=\"lazy\" src=\"https:\/\/www.europesays.com\/fr\/wp-content\/uploads\/2025\/06\/hokusai-nantes-expo-7-960x640.jpg\" alt=\"L'exposition a pour but de faire d\u00e9couvrir l'artiste.\" width=\"960\" height=\"640\"\/><br \/>\n    L\u2019exposition a pour but de faire d\u00e9couvrir l\u2019artiste. (\u00a9Laure Gentil \/ actu Nantes)D\u00e9couvertes des diff\u00e9rentes provinces<\/p>\n<p class=\" wall-content\">De nombreuses <strong>\u0153uvres originales<\/strong> sont pr\u00e9sentes \u00e0 Nantes, des \u0153uvres qui n\u2019avaient <strong>jusqu\u2019alors jamais quitt\u00e9 le Japon<\/strong>. Certaines estampes expos\u00e9es n\u2019\u00e9taient pas destin\u00e9es \u00e0 \u00eatre commercialis\u00e9es et n\u2019existent donc qu\u2019en quelques exemplaires.<\/p>\n<p class=\" wall-content\"><strong>Toshinobu Yasumura<\/strong> est venu \u00e0 Nantes d\u2019Obuse (Japon) o\u00f9 se trouve l\u2019Hokusai-Kan Museum, pour pr\u00e9senter l\u2019exposition. Il souligne notamment la pr\u00e9sence des peintures du plafond du char de festival du quartier Kanmachi, qu\u2019il d\u00e9crit comme \u00ab\u2009l\u2019un des temps forts de l\u2019exposition\u2009\u00bb.<\/p>\n<p>    <img   decoding=\"async\" loading=\"lazy\" src=\"https:\/\/www.europesays.com\/fr\/wp-content\/uploads\/2025\/06\/hokusai-nantes-expo-8-960x640.jpg\" alt=\"L'exposition pr\u00e9sente de nombreuses \u0153uvres originales dont certaines pr\u00e9sent\u00e9es pour la premi\u00e8re fois en Occident.\" width=\"960\" height=\"640\"\/><br \/>\n    L\u2019exposition pr\u00e9sente de nombreuses \u0153uvres originales dont certaines pr\u00e9sent\u00e9es pour la premi\u00e8re fois en Occident. (\u00a9Laure Gentil \/ actu Nantes)<\/p>\n<p class=\" wall-content\">D\u2019autres comme les Trente-six vues du mont Fuji sont plus connues. La premi\u00e8re \u00e9dition date de 1830, Hokusai avait 70\u00a0ans lorsqu\u2019il les a faites. Ces estampes repr\u00e9sentent toutes le mont Fuji \u00e0 partir de diff\u00e9rents points de vue.<\/p>\n<p>    <img   decoding=\"async\" loading=\"lazy\" src=\"https:\/\/www.europesays.com\/fr\/wp-content\/uploads\/2025\/06\/hokusai-nantes-expo-3-960x640.jpg\" alt=\"Hokusai aimait repr\u00e9senter la nature.\" width=\"960\" height=\"640\"\/><br \/>\n    Hokusai aimait repr\u00e9senter la nature. (\u00a9Laure Gentil \/ actu Nantes)<\/p>\n<p class=\" wall-content\">Il est aussi possible d\u2019admirer sa s\u00e9rie des <strong>cascades des diff\u00e9rentes provinces<\/strong> ainsi que celle des ponts c\u00e9l\u00e8bres.<\/p>\n<p>    <img   decoding=\"async\" loading=\"lazy\" src=\"https:\/\/www.europesays.com\/fr\/wp-content\/uploads\/2025\/06\/hokusai-nantes-expo-1-960x640.jpg\" alt=\"Les Deux beaut\u00e9s, une peinture sur soie\" width=\"960\" height=\"640\"\/><br \/>\n    Les Deux beaut\u00e9s, une peinture sur soie (\u00a9Laure Gentil \/ actu Nantes)<\/p>\n<p class=\" wall-content\">La repr\u00e9sentation des \u00ab\u2009beaut\u00e9s f\u00e9minines\u2009\u00bb est aussi un th\u00e8me de pr\u00e9dilection chez l\u2019artiste japonais avec la peinture Beaut\u00e9 avec une ombrelle sous un saule et les Deux Beaut\u00e9s.\u00a0Hokusai a ainsi repr\u00e9sent\u00e9 des femmes de son \u00e9poque de toutes origines sociales. Le th\u00e9\u00e2tre kabuki est aussi mis \u00e0 l\u2019honneur.<\/p>\n<p>    <img   decoding=\"async\" loading=\"lazy\" src=\"https:\/\/www.europesays.com\/fr\/wp-content\/uploads\/2025\/06\/hokusai-nantes-expo-2-960x640.jpg\" alt=\"Sur 70 ans, Hokusai a cr\u00e9\u00e9 plus de 3000 gravures et 2000 livres imprim\u00e9s.\" width=\"960\" height=\"640\"\/><br \/>\n    Sur 70\u00a0ans, Hokusai a cr\u00e9\u00e9 plus de 3000 gravures et 2000 livres imprim\u00e9s. (\u00a9Laure Gentil \/ actu Nantes)<\/p>\n<p class=\" wall-content\">Un espace a \u00e9t\u00e9 am\u00e9nag\u00e9 au<strong> deuxi\u00e8me \u00e9tage<\/strong> de l\u2019exposition pour raconter la vie de l\u2019artiste, ses rencontres mais aussi ses inspirations.<\/p>\n<p>Moins ch\u00e8re que Gengis Khan<\/p>\n<p class=\" wall-content\">Selon Bertrand Guillet, cette exposition Hokusai, malgr\u00e9 la raret\u00e9 des pi\u00e8ces pr\u00e9sent\u00e9es n\u2019a pas co\u00fbt\u00e9 \u00ab\u2009tr\u00e8s cher\u2009\u00bb. \u00ab\u2009La configuration sc\u00e9nographique est le fruit des quatre expositions pr\u00e9c\u00e9dentes\u2009\u00bb, a-t-il assur\u00e9. \u00ab\u2009Elle est deux fois moins ch\u00e8re que <a href=\"https:\/\/actu.fr\/pays-de-la-loire\/nantes_44109\/la-mongolie-s-expose-a-nantes-lumiere-sur-gengis-khan-une-premiere-en-france_60199243.html\" target=\"_blank\" rel=\"noopener\">Gengis Khan\u2009<\/a>\u00bb.<\/p>\n<p>    <img   decoding=\"async\" loading=\"lazy\" src=\"https:\/\/www.europesays.com\/fr\/wp-content\/uploads\/2025\/06\/hokusai-nantes-960x640.jpg\" alt=\"Un espace vid\u00e9o a \u00e9t\u00e9 am\u00e9nag\u00e9 pour expliquer la vie d'Hokusai et les th\u00e8mes chers \u00e0 l'artiste.\" width=\"960\" height=\"640\"\/><br \/>\n    Un espace vid\u00e9o a \u00e9t\u00e9 am\u00e9nag\u00e9 pour expliquer la vie d\u2019Hokusai et les th\u00e8mes chers \u00e0 l\u2019artiste. (\u00a9Laure Gentil \/ actu Nantes)<\/p>\n<p class=\" wall-content\">Le Mus\u00e9e d\u2019histoire de Nantes pr\u00e9sente pour l\u2019occasion un livre qui pr\u00e9sente les \u00ab\u2009chefs-d\u2019\u0153uvre du Hokusai-Kan Museum\u2009\u00bb.<\/p>\n<p><strong>Infos pratiques\u2009:<\/strong> exposition gratuite le 1er dimanche de septembre et tous les jours pour les moins de 18\u00a0ans. Il est n\u00e9cessaire de r\u00e9server son cr\u00e9neau horaire d\u2019entr\u00e9e m\u00eame pour les b\u00e9n\u00e9ficiaires de la gratuit\u00e9.<\/p>\n<p class=\" wall-content\">Suivez toute l\u2019actualit\u00e9 de vos villes et m\u00e9dias favoris en vous inscrivant \u00e0 <a href=\"https:\/\/moncompte.actu.fr\" title=\"D\u00e9couvez Mon Actu\" rel=\"nofollow noopener\" data-trk=\"{&quot;cta&quot;:{&quot;action&quot;:&quot;https:\\\/\\\/moncompte.actu.fr&quot;,&quot;category&quot;:&quot;mon compte&quot;,&quot;from&quot;:&quot;article footer&quot;,&quot;name&quot;:&quot;Mon actu&quot;,&quot;type&quot;:&quot;cta&quot;}}\" target=\"_blank\">Mon Actu<\/a>.<\/p>\n","protected":false},"excerpt":{"rendered":"Par Laure Gentil Publi\u00e9 le 27 juin 2025 \u00e0 18h06 \u00c0 partir de ce samedi 28\u00a0juin 2025, le&hellip;\n","protected":false},"author":2,"featured_media":208723,"comment_status":"","ping_status":"","sticky":false,"template":"","format":"standard","meta":{"footnotes":""},"categories":[2818],"tags":[1111,11,1777,674,1349,1011,27,2070,1652,766,12,2636,25],"class_list":{"0":"post-208722","1":"post","2":"type-post","3":"status-publish","4":"format-standard","5":"has-post-thumbnail","7":"category-nantes","8":"tag-actu","9":"tag-actualites","10":"tag-eu","11":"tag-europe","12":"tag-expositions","13":"tag-fr","14":"tag-france","15":"tag-japon","16":"tag-loisirs-culture","17":"tag-nantes","18":"tag-news","19":"tag-pays-de-la-loire","20":"tag-republique-francaise"},"share_on_mastodon":{"url":"https:\/\/pubeurope.com\/@fr\/114756217255733356","error":""},"_links":{"self":[{"href":"https:\/\/www.europesays.com\/fr\/wp-json\/wp\/v2\/posts\/208722","targetHints":{"allow":["GET"]}}],"collection":[{"href":"https:\/\/www.europesays.com\/fr\/wp-json\/wp\/v2\/posts"}],"about":[{"href":"https:\/\/www.europesays.com\/fr\/wp-json\/wp\/v2\/types\/post"}],"author":[{"embeddable":true,"href":"https:\/\/www.europesays.com\/fr\/wp-json\/wp\/v2\/users\/2"}],"replies":[{"embeddable":true,"href":"https:\/\/www.europesays.com\/fr\/wp-json\/wp\/v2\/comments?post=208722"}],"version-history":[{"count":0,"href":"https:\/\/www.europesays.com\/fr\/wp-json\/wp\/v2\/posts\/208722\/revisions"}],"wp:featuredmedia":[{"embeddable":true,"href":"https:\/\/www.europesays.com\/fr\/wp-json\/wp\/v2\/media\/208723"}],"wp:attachment":[{"href":"https:\/\/www.europesays.com\/fr\/wp-json\/wp\/v2\/media?parent=208722"}],"wp:term":[{"taxonomy":"category","embeddable":true,"href":"https:\/\/www.europesays.com\/fr\/wp-json\/wp\/v2\/categories?post=208722"},{"taxonomy":"post_tag","embeddable":true,"href":"https:\/\/www.europesays.com\/fr\/wp-json\/wp\/v2\/tags?post=208722"}],"curies":[{"name":"wp","href":"https:\/\/api.w.org\/{rel}","templated":true}]}}