{"id":208734,"date":"2025-06-27T16:19:09","date_gmt":"2025-06-27T16:19:09","guid":{"rendered":"https:\/\/www.europesays.com\/fr\/208734\/"},"modified":"2025-06-27T16:19:09","modified_gmt":"2025-06-27T16:19:09","slug":"le-jeune-homme-qui-conduisait-alcoolise-fait-face-a-la-famille-de-la-femme-decedee","status":"publish","type":"post","link":"https:\/\/www.europesays.com\/fr\/208734\/","title":{"rendered":"le jeune homme qui conduisait alcoolis\u00e9 fait face \u00e0 la famille de la femme d\u00e9c\u00e9d\u00e9e"},"content":{"rendered":"<p>            Par<br \/>\n        <strong><br \/>\n            <a href=\"https:\/\/actu.fr\/auteur\/margot-nicodeme\" title=\"Consulter tous les articles de Margot Nicod\u00e8me\" rel=\"nofollow noopener\" target=\"_blank\">Margot Nicod\u00e8me<\/a><br \/>\n        <\/strong><\/p>\n<p>        Publi\u00e9 le<\/p>\n<p>            27 juin 2025 \u00e0 18h06        <\/p>\n<p>Ce qui reste des deux voitures, sur les photos projet\u00e9es dans la salle d\u2019audience, contraste avec le cadre, paisible. De la t\u00f4le froiss\u00e9e, au milieu des champs et sous un ciel bleu sans nuage, un matin de mars\u00a02022. <b>La route d\u00e9partementale qui traverse <a href=\"https:\/\/actu.fr\/hauts-de-france\/fretin_59256\" rel=\"nofollow noopener\" target=\"_blank\">Fretin<\/a><\/b> (Nord) fut bel et bien le th\u00e9\u00e2tre <b>d\u2019un <a href=\"https:\/\/actu.fr\/hauts-de-france\/dechy_59170\/nord-le-cortege-de-mariage-degenere-en-gros-accident-des-blesses-desincarceres-des-maisons-degradees_62595883.html\" rel=\"nofollow noopener\" target=\"_blank\">accident de la route<\/a> d\u2019une extr\u00eame violence<\/b>. Une m\u00e8re de famille de 54\u00a0ans, aussi grand-m\u00e8re de deux petits-enfants \u00e0 l\u2019\u00e9poque, <b>y a laiss\u00e9 la vie<\/b>. Trois ans plus tard, c\u2019est le jeune homme qui conduisait le v\u00e9hicule venant d\u2019en face qui est jug\u00e9 <b>pour homicide involontaire<\/b>, ce mercredi 25\u00a0juin, au tribunal de <a href=\"https:\/\/actu.fr\/hauts-de-france\/fretin_59256\" rel=\"nofollow noopener\" target=\"_blank\">Lille<\/a>. \u00c2g\u00e9 aujourd\u2019hui de 23\u00a0ans, il a pris le volant ce matin-l\u00e0 au terme d\u2019une nuit en discoth\u00e8que. Son taux d\u2019alcool d\u00e9passait le seuil autoris\u00e9. Il a d\u00fb faire face aux proches de la victime, aussi \u00e9prouv\u00e9s qu\u2019en col\u00e8re.<\/p>\n<p>Accident mortel \u00e0 Fretin\u2009: \u00e2g\u00e9 de 19\u00a0ans \u00e0 l\u2019\u00e9poque, le pr\u00e9venu dit n\u2019avoir aucun souvenir<\/p>\n<p class=\" wall-content\">Parce que les dossiers d\u2019accidents de la route mortels sont sensibles, la pr\u00e9sidente du tribunal a commenc\u00e9 l\u2019audience par un mot d\u2019introduction. \u00ab\u2009Ce sont des proc\u00e9dures qui sont source de souffrance pour tous. Pour les parties civiles qui ont perdu un proche, mais aussi pour le pr\u00e9venu, qui n\u2019avait pas l\u2019intention de tuer.\u2009\u00bb<\/p>\n<p class=\" wall-content\">La magistrate le dit sans d\u00e9tour\u2009: tout le monde n\u2019aura pas les r\u00e9ponses aux questions qu\u2019il se pose. Surtout pas dans cette affaire\u2009: <b>le pr\u00e9venu, \u00e2g\u00e9 de 19\u00a0ans \u00e0 l\u2019\u00e9poque des faits, dit ne se souvenir de rien<\/b>. Ni de la soir\u00e9e pass\u00e9e en bo\u00eete de nuit \u00e0 Lille, ni de la collision, qui l\u2019a laiss\u00e9 dans un piteux \u00e9tat.<\/p>\n<p class=\" wall-content\">Lui s\u2019en est sorti avec notamment une double fracture du tibia, une fracture du f\u00e9mur, une autre de l\u2019avant-bras. La femme qu\u2019il a percut\u00e9e est d\u00e9c\u00e9d\u00e9e peu de temps apr\u00e8s<b> le choc, survenu vers 6\u2009h\u200930 le 19\u00a0mars 2022<\/b>. Ses deux grands enfants, son gendre et son compagnon sont pr\u00e9sents \u00e0 l\u2019audience, encore tr\u00e8s marqu\u00e9s par le chagrin.<\/p>\n<p class=\" wall-content\">Ils le montrent, par leur gestuelle\u2009: ils ne croient pas en l\u2019amn\u00e9sie avanc\u00e9e par le pr\u00e9venu, et ne sont pas plus convaincus par la description qu\u2019il fait de son rapport \u00e0 l\u2019alcool. En effet, le jeune conducteur l\u2019a dit aux gendarmes une fois sorti de l\u2019h\u00f4pital, et il le redit ce 25\u00a0juin 2025\u2009: \u00ab<b>\u2009En g\u00e9n\u00e9ral, je m\u2019arr\u00eate de boire avant d\u2019\u00eatre ivre<\/b>.\u2009\u00bb Le gendre de la victime, outr\u00e9, intervient m\u00eame, expliquant avoir vu passer sur les r\u00e9seaux des vid\u00e9os de lui consommant de la vodka, apr\u00e8s l\u2019accident.<\/p>\n<p>5\u00a0ans de prison dont 2\u00a0ans ferme requis par la procureure<\/p>\n<p class=\" wall-content\">Le pr\u00e9venu retrace la soir\u00e9e 18\u00a0mars 2022, puis la nuit du 19. En fin d\u2019apr\u00e8s-midi, il fait du sport dans une salle Basic Fit de Lille, avant de se rendre \u00e0 sa s\u00e9ance d\u2019athl\u00e9tisme \u00e0 Villeneuve-d\u2019Ascq. Il rejoint ensuite ses amis, et commence \u00e0 s\u2019alcooliser pass\u00e9 00\u2009h, alors qu\u2019ils entrent tous dans une bo\u00eete de nuit. Au sujet de sa consommation, il explique simplement qu\u2019un ami dit l\u2019avoir \u00ab\u2009vu avec une coupe de champagne \u00e0 la main\u2009\u00bb. Pour le reste, c\u2019est le trou noir.<\/p>\n<p class=\" wall-content\">Il rejoint son domicile au petit matin \u00e0 Fretin, quand l\u2019accident survient. Lui est au volant de sa Mini Cooper, et finit par franchir la ligne blanche continue, pour se retrouver en face de la Peugeot 308 de la femme de 54\u00a0ans, dans l\u2019autre sens. C\u2019est ainsi qu\u2019un t\u00e9moin de l\u2019accident, une automobiliste qui roulait derri\u00e8re la victime, a d\u00e9crit la sc\u00e8ne. \u00ab\u2009Le pr\u00e9venu a quitt\u00e9 sa voie de circulation pour empi\u00e9ter sur la voie de gauche\u2009\u00bb, synth\u00e9tise la pr\u00e9sidente du tribunal.<\/p>\n<p class=\" wall-content\">La t\u00e9moin du choc, qui se rendait \u00e0 son travail, affirme qu\u2019elle roulait \u00e0 70\u00a0km\/h, et estime que la victime \u00e9voluait \u00e0 peu pr\u00e8s \u00e0 la m\u00eame allure. C\u2019est elle qui a appel\u00e9 le Samu.<\/p>\n<p class=\" wall-content\">Il s\u2019av\u00e8re que le d\u00e9pistage \u00e0 l\u2019alcool est n\u00e9gatif pour la victime, et positif pour le pr\u00e9venu\u2009:<b> il avait 0,84\u00a0g\/L de sang<\/b>. En 2022, il est en p\u00e9riode de permis probatoire, et avait d\u00e9j\u00e0 perdu 4 points sur les 6 pour avoir grill\u00e9 un feu orange. La procureure demande ainsi que soit retenue la circonstance aggravante de l\u2019alcool, et \u00e0 ce que soit condamn\u00e9 le pr\u00e9venu. \u00ab\u2009Le permis, c\u2019est un droit, mais c\u2019est aussi \u00e9norm\u00e9ment de devoirs.\u2009\u00bb Elle requiert 5\u00a0ans de prison dont 2\u00a0ans ferme, avec mandat de d\u00e9p\u00f4t.<\/p>\n<p>\u00ab\u2009Sans expertise, vous ne pouvez pas nous condamner\u2009\u00bb<\/p>\n<p class=\" wall-content\">L\u2019avocate des parties civiles, de son c\u00f4t\u00e9, demande \u00e0 ce que les deux enfants de la victime soit indemnis\u00e9s chacun \u00e0 hauteur de 10\u2009000\u00a0\u20ac. Elle demande aussi 5\u2009000\u00a0\u20ac pour chacun des deux petits-enfants, \u00ab\u2009qui voyaient leur grand-m\u00e8re une fois par semaine\u2009\u00bb, et 3\u2009000\u00a0\u20ac pour le gendre. La culpabilit\u00e9 du pr\u00e9venu ne fait pas de doute, selon elle. \u00ab\u2009Il y a un t\u00e9moin direct de l\u2019accident, il n\u2019y a aucune cause ext\u00e9rieure qui puisse l\u2019expliquer [\u2026] Le temps \u00e9tait clair, la chauss\u00e9e s\u00e8che, le pr\u00e9venu a a minima commis une faute d\u2019inattention.\u2009\u00bb<\/p>\n<p class=\" wall-content\"><a href=\"https:\/\/actu.fr\/hauts-de-france\/lille_59350\/a-lille-antoine-regley-est-avocat-des-victimes-de-la-route-l-adversaire-c-est-l-assurance_50944338.html\" rel=\"nofollow noopener\" target=\"_blank\">L\u2019avocat du jeune homme<\/a> regrette toutefois qu\u2019 \u00ab\u2009aucune expertise en accidentologie\u2009\u00bb n\u2019ait \u00e9t\u00e9 effectu\u00e9e, comme c\u2019est pourtant le cas \u00ab\u2009dans 90\u2009% des dossiers\u2009\u00bb. Il s\u2019adresse \u00e0 la pr\u00e9sidente\u2009: \u00ab\u2009On ne sait pas comment se sont pass\u00e9es les choses. Pourquoi la voiture a-t-elle d\u00e9vi\u00e9\u2009? Si vous n\u2019avez pas la r\u00e9ponse, alors on peut se demander\u2009: y a-t-il eu une faute\u2009?\u2009\u00bb Et d\u2019ajouter\u2009: \u00ab\u2009Un accident n\u2019est pas toujours d\u00fb \u00e0 un facteur humain, il peut y avoir eu un probl\u00e8me m\u00e9canique. Sans expertise, vous ne pouvez pas nous condamner.\u2009\u00bb<\/p>\n<p class=\" wall-content\">Il d\u00e9crit enfin \u00ab\u2009une proc\u00e9dure insuffisante en preuves\u2009\u00bb et estime que le doute doit profiter \u00e0 son client. Sinon la relaxe, c\u2019est la peine de prison am\u00e9nageable qu\u2019il consid\u00e8re comme \u00e9tant la plus juste. <b>La d\u00e9cision sera rendue le 8\u00a0juillet 2025<\/b>.<\/p>\n<p class=\" wall-content\">Suivez toute l\u2019actualit\u00e9 de vos villes et m\u00e9dias favoris en vous inscrivant \u00e0 <a href=\"https:\/\/moncompte.actu.fr\" title=\"D\u00e9couvez Mon Actu\" rel=\"nofollow noopener\" data-trk=\"{&quot;cta&quot;:{&quot;action&quot;:&quot;https:\\\/\\\/moncompte.actu.fr&quot;,&quot;category&quot;:&quot;mon compte&quot;,&quot;from&quot;:&quot;article footer&quot;,&quot;name&quot;:&quot;Mon actu&quot;,&quot;type&quot;:&quot;cta&quot;}}\" target=\"_blank\">Mon Actu<\/a>.<\/p>\n","protected":false},"excerpt":{"rendered":"Par Margot Nicod\u00e8me Publi\u00e9 le 27 juin 2025 \u00e0 18h06 Ce qui reste des deux voitures, sur les&hellip;\n","protected":false},"author":2,"featured_media":208735,"comment_status":"","ping_status":"","sticky":false,"template":"","format":"standard","meta":{"footnotes":""},"categories":[2815],"tags":[119,1111,11,1777,674,118,1011,27,811,303,1307,12,25],"class_list":{"0":"post-208734","1":"post","2":"type-post","3":"status-publish","4":"format-standard","5":"has-post-thumbnail","7":"category-lille","8":"tag-accident","9":"tag-actu","10":"tag-actualites","11":"tag-eu","12":"tag-europe","13":"tag-faits-divers","14":"tag-fr","15":"tag-france","16":"tag-hauts-de-france","17":"tag-justice","18":"tag-lille","19":"tag-news","20":"tag-republique-francaise"},"share_on_mastodon":{"url":"https:\/\/pubeurope.com\/@fr\/114756240549094859","error":""},"_links":{"self":[{"href":"https:\/\/www.europesays.com\/fr\/wp-json\/wp\/v2\/posts\/208734","targetHints":{"allow":["GET"]}}],"collection":[{"href":"https:\/\/www.europesays.com\/fr\/wp-json\/wp\/v2\/posts"}],"about":[{"href":"https:\/\/www.europesays.com\/fr\/wp-json\/wp\/v2\/types\/post"}],"author":[{"embeddable":true,"href":"https:\/\/www.europesays.com\/fr\/wp-json\/wp\/v2\/users\/2"}],"replies":[{"embeddable":true,"href":"https:\/\/www.europesays.com\/fr\/wp-json\/wp\/v2\/comments?post=208734"}],"version-history":[{"count":0,"href":"https:\/\/www.europesays.com\/fr\/wp-json\/wp\/v2\/posts\/208734\/revisions"}],"wp:featuredmedia":[{"embeddable":true,"href":"https:\/\/www.europesays.com\/fr\/wp-json\/wp\/v2\/media\/208735"}],"wp:attachment":[{"href":"https:\/\/www.europesays.com\/fr\/wp-json\/wp\/v2\/media?parent=208734"}],"wp:term":[{"taxonomy":"category","embeddable":true,"href":"https:\/\/www.europesays.com\/fr\/wp-json\/wp\/v2\/categories?post=208734"},{"taxonomy":"post_tag","embeddable":true,"href":"https:\/\/www.europesays.com\/fr\/wp-json\/wp\/v2\/tags?post=208734"}],"curies":[{"name":"wp","href":"https:\/\/api.w.org\/{rel}","templated":true}]}}