{"id":208738,"date":"2025-06-27T16:21:09","date_gmt":"2025-06-27T16:21:09","guid":{"rendered":"https:\/\/www.europesays.com\/fr\/208738\/"},"modified":"2025-06-27T16:21:09","modified_gmt":"2025-06-27T16:21:09","slug":"droite-et-gauche-font-banc-commun-a-la-messe","status":"publish","type":"post","link":"https:\/\/www.europesays.com\/fr\/208738\/","title":{"rendered":"droite et gauche font banc commun \u00e0 la messe"},"content":{"rendered":"<p>En\u00a01722, alors que la <a href=\"https:\/\/www.laprovence.com\/article\/papier\/5952861\/.html\" target=\"_blank\" rel=\"nofollow noopener\">peste s\u00e9vit depuis deux ans \u00e0 Marseille<\/a>, l\u2019\u00e9v\u00eaque Henri de Belsunce fait appel aux \u00e9chevins de la ville, les priant de faire un v\u0153u pour conjurer l\u2019\u00e9pid\u00e9mie. Ce que les notables marseillais firent le 4\u00a0juin en faisant offrande d\u2019un cierge pesant quatre livres, ainsi que l\u2019avait sugg\u00e9r\u00e9 l\u2019\u00e9v\u00eaque.<\/p>\n<p>Depuis, chaque ann\u00e9e, d\u2019abord au monast\u00e8re de la Visitation, puis \u00e0 partir de\u00a01986 \u00e0 la basilique du Sacr\u00e9-C\u0153ur (8e), la tradition se perp\u00e9tue. Ce vendredi 27\u00a0juin, encore, sous les vitraux de l\u2019\u00e9glise du Prado qui relatent les souvenirs de la peste et l\u2019histoire du culte du Sacr\u00e9-C\u0153ur, <a href=\"https:\/\/www.laprovence.com\/article\/economie\/2799594774558914\/jean-luc-chauvin-president-de-la-cci-aix-marseille-marseille-est-une-ville-monde\" target=\"_blank\" rel=\"nofollow noopener\">Jean-Luc Chauvin, pr\u00e9sident de la CCI<\/a>, a renouvel\u00e9 cette offrande du cierge de cire blanche, orn\u00e9 de l\u2019\u00e9cusson de la ville. \u00c0 ses c\u00f4t\u00e9s, le g\u00e9n\u00e9ral Thierry Laval, gouverneur de Marseille, Patrick Lesbros, pr\u00e9sident du tribunal de commerce ou encore le vice-amiral Lionel Mathieu, commandant le bataillon des marins-pompiers.<\/p>\n<p>Des \u00e9lus de tous bords mais un seul candidat d\u00e9clar\u00e9<\/p>\n<p>Sur les bancs r\u00e9serv\u00e9s aux \u00e9lus, le maire, Beno\u00eet Payan (DVG), la premi\u00e8re adjointe Mich\u00e8le Rubirola (EELV), la maire de secteur Olivia Fortin (PM), la conseill\u00e8re r\u00e9gionale Isabelle Campagnola-Savon (HOR), repr\u00e9sentant le pr\u00e9sident de la R\u00e9gion, Renaud Muselier, la vice-pr\u00e9sidente de la M\u00e9tropole Catherine Pila (LR), repr\u00e9sentant Martine Vassal\u2026<\/p>\n<p>Beaucoup d\u2019\u00e9lus mais un seul candidat d\u00e9clar\u00e9 officiellement \u00e0 la mairie\u00a0: le conseiller r\u00e9gional Franck Allisio (RN), arriv\u00e9 avec un peu de retard, s\u2019est gliss\u00e9 \u00e0 la droite du s\u00e9nateur (ex-Reconqu\u00eate), St\u00e9phane Ravier, pour assister \u00e0 l\u2019hom\u00e9lie prononc\u00e9e par Michel Mou\u00efsse, \u00e9v\u00eaque \u00e9m\u00e9rite de P\u00e9rigueux (le cardinal Jean-Marc Aveline \u00e9tant convoqu\u00e9 en synode des \u00e9v\u00eaques \u00e0 Rome).<\/p>\n","protected":false},"excerpt":{"rendered":"En\u00a01722, alors que la peste s\u00e9vit depuis deux ans \u00e0 Marseille, l\u2019\u00e9v\u00eaque Henri de Belsunce fait appel aux&hellip;\n","protected":false},"author":2,"featured_media":208739,"comment_status":"","ping_status":"","sticky":false,"template":"","format":"standard","meta":{"footnotes":""},"categories":[2814],"tags":[17,1111,11,4150,154,6592,34765,1777,674,1011,27,2383,884,12,882,16,25,34764],"class_list":{"0":"post-208738","1":"post","2":"type-post","3":"status-publish","4":"format-standard","5":"has-post-thumbnail","7":"category-marseille","8":"tag-17","9":"tag-actu","10":"tag-actualites","11":"tag-ceremonie","12":"tag-des","13":"tag-droite","14":"tag-echevins","15":"tag-eu","16":"tag-europe","17":"tag-fr","18":"tag-france","19":"tag-gauche","20":"tag-marseille","21":"tag-news","22":"tag-provence-alpes-cote-dazur","23":"tag-region","24":"tag-republique-francaise","25":"tag-voeu"},"share_on_mastodon":{"url":"https:\/\/pubeurope.com\/@fr\/114756248469242866","error":""},"_links":{"self":[{"href":"https:\/\/www.europesays.com\/fr\/wp-json\/wp\/v2\/posts\/208738","targetHints":{"allow":["GET"]}}],"collection":[{"href":"https:\/\/www.europesays.com\/fr\/wp-json\/wp\/v2\/posts"}],"about":[{"href":"https:\/\/www.europesays.com\/fr\/wp-json\/wp\/v2\/types\/post"}],"author":[{"embeddable":true,"href":"https:\/\/www.europesays.com\/fr\/wp-json\/wp\/v2\/users\/2"}],"replies":[{"embeddable":true,"href":"https:\/\/www.europesays.com\/fr\/wp-json\/wp\/v2\/comments?post=208738"}],"version-history":[{"count":0,"href":"https:\/\/www.europesays.com\/fr\/wp-json\/wp\/v2\/posts\/208738\/revisions"}],"wp:featuredmedia":[{"embeddable":true,"href":"https:\/\/www.europesays.com\/fr\/wp-json\/wp\/v2\/media\/208739"}],"wp:attachment":[{"href":"https:\/\/www.europesays.com\/fr\/wp-json\/wp\/v2\/media?parent=208738"}],"wp:term":[{"taxonomy":"category","embeddable":true,"href":"https:\/\/www.europesays.com\/fr\/wp-json\/wp\/v2\/categories?post=208738"},{"taxonomy":"post_tag","embeddable":true,"href":"https:\/\/www.europesays.com\/fr\/wp-json\/wp\/v2\/tags?post=208738"}],"curies":[{"name":"wp","href":"https:\/\/api.w.org\/{rel}","templated":true}]}}