{"id":208740,"date":"2025-06-27T16:22:09","date_gmt":"2025-06-27T16:22:09","guid":{"rendered":"https:\/\/www.europesays.com\/fr\/208740\/"},"modified":"2025-06-27T16:22:09","modified_gmt":"2025-06-27T16:22:09","slug":"alerte-orange-canicule-a-marseille-et-dans-les-bouches-du-rhone-jusqua-quand-ca-va-durer","status":"publish","type":"post","link":"https:\/\/www.europesays.com\/fr\/208740\/","title":{"rendered":"Alerte orange canicule \u00e0 Marseille et dans les Bouches-du-Rh\u00f4ne. Jusqu&rsquo;\u00e0 quand \u00e7a va durer\u00a0?"},"content":{"rendered":"<p>            Par<br \/>\n        <strong><br \/>\n            <a href=\"https:\/\/actu.fr\/auteur\/fabien-binacchi\" title=\"Consulter tous les articles de Fabien Binacchi\" rel=\"nofollow noopener\" target=\"_blank\">Fabien Binacchi<\/a><br \/>\n        <\/strong><\/p>\n<p>        Publi\u00e9 le<\/p>\n<p>            27 juin 2025 \u00e0 17h19        <\/p>\n<p>Continuez \u00e0 bien vous hydrater et \u00e0 \u00e9viter, autant que possible, de sortir aux heures les plus chaudes de la journ\u00e9e. Le nouvel \u00e9pisode de canicule, qui s\u00e9vit \u00e0 <a href=\"https:\/\/actu.fr\/marseille\/\" rel=\"nofollow noopener\" target=\"_blank\">Marseille<\/a> et dans les <a href=\"https:\/\/actu.fr\/provence-alpes-cote-d-azur\/bouches-du-rhone_13\" rel=\"nofollow noopener\" target=\"_blank\">Bouches-du-Rh\u00f4ne,<\/a> officiellement depuis le jeudi 26\u00a0juin 2025, <strong>pourrait s\u2019\u00e9tirer en longueur,<\/strong> selon les pr\u00e9visions. M\u00e9t\u00e9o-France vient de prolonger l\u2019alerte orange dans le d\u00e9partement pour la journ\u00e9e de ce samedi 28\u00a0juin 2025. Et ce serait loin d\u2019\u00eatre fini.<\/p>\n<p class=\" wall-content\">Voici jusqu\u2019\u00e0 quand \u00e7a risque de durer.<\/p>\n<p>Les \u00ab\u2009seuils\u2009\u00bb de la canicule d\u00e9pass\u00e9s<\/p>\n<p class=\" wall-content\">En vigilance jaune le jeudi 26\u00a0juin et \u00e0 l\u2019orange depuis ce vendredi, midi, le d\u00e9partement des Bouches-du-Rh\u00f4ne suffoque. L\u2019alerte est reconduite ce samedi, comme dans 13 autres d\u00e9partements, et <strong>\u00ab\u2009l\u2019\u00e9pisode devrait perdurer dimanche\u2009\u00bb<\/strong>, pr\u00e9vient d\u00e9j\u00e0 la pr\u00e9fecture.<\/p>\n<blockquote class=\"ac-article-quote wall-content\">\n<p>Les minimales de la nuit de vendredi \u00e0 samedi restent tr\u00e8s \u00e9lev\u00e9es, voisines de 24 \u00e0 25\u00b0 pr\u00e8s du littoral et sur le delta du Rh\u00f4ne et de 19 \u00e0 22\u00b0 sur le nord-est du d\u00e9partement. Samedi les temp\u00e9ratures maximales sont en hausse et sont g\u00e9n\u00e9ralement proches de 37 \u00e0 39\u00b0 dans l&rsquo;int\u00e9rieur et 32 \u00e0 35\u00b0 en bord de mer.<\/p>\n<p>    <strong>La pr\u00e9fecture des Bouches-du-Rh\u00f4ne<\/strong>\n            <\/p><\/blockquote>\n<p class=\" wall-content\">Des seuils sont fix\u00e9s dans chaque d\u00e9partement pour d\u00e9cr\u00e9ter l\u2019\u00e9tat de canicule (ils reposent sur la moyenne des temp\u00e9ratures minimales et maximales sur trois jours) et dans les Bouches-du-Rh\u00f4ne, ils sont largement atteints\u2009: <strong>35\u00b0C en journ\u00e9e et 24\u00b0C la nuit.<\/strong><\/p>\n<p>Vid\u00e9os : en ce moment sur ActuJusqu\u2019au 2 ou au 3\u00a0juillet<\/p>\n<p class=\" wall-content\">Mais combien de temps seront-ils d\u00e9pass\u00e9s, justifiant le maintien de cette alerte orange\u2009? Les pr\u00e9visions des prochaines 96\u00a0heures ne laissent pas trop de places aux doutes\u2009:<\/p>\n<ul class=\" wall-content\">\n<li>Dimanche 29\u00a0juin\u2009: de 35 \u00e0 39\u00b0C, du littoral \u00e0 l\u2019int\u00e9rieur des terres<\/li>\n<li>Lundi 30\u00a0juin\u2009: de 35 \u00e0 39\u00b0C<\/li>\n<li>Mardi 1er\u00a0juillet\u2009: de 36 \u00e0 41\u00b0C.<\/li>\n<\/ul>\n<p class=\" wall-content\">Quand la pr\u00e9fecture \u00e9voque une persistance de \u00ab\u2009plusieurs jours\u2009\u00bb, le m\u00e9t\u00e9orologue ind\u00e9pendant Paul Marquis se fait plus pr\u00e9cis\u2009: \u00ab\u2009On sera sans doute en vigilance jusqu\u2019au 2 ou au 3\u00a0juillet\u2009\u00bb explique-t-il, sollicit\u00e9 par actu Marseille. \u00ab\u2009La fin probable\u2009\u00bb de l\u2019\u00e9pisode est attendue en tout cas <strong>\u00ab\u2009en fin de semaine prochaine\u2009\u00bb<\/strong>, ajoute-t-il.<\/p>\n<p>\u00ab\u2009Limiter les activit\u00e9s sportives\u2009\u00bb<\/p>\n<p class=\" wall-content\">Il va donc falloir prendre son mal en patience avant de pouvoir retrouver un air un peu plus respirable. En attendant, la pr\u00e9fecture des Bouches-du-Rh\u00f4ne rappelle les bons r\u00e9flexes, et notamment de<strong> \u00ab\u2009boire de l\u2019eau plusieurs fois par jour\u2009\u00bb<\/strong>, de \u00ab\u2009limiter les activit\u00e9s physiques et sportives\u2009\u00bb et d\u2019\u00ab\u2009essayer de se rendre dans un endroit frais ou climatis\u00e9 deux \u00e0 trois heures par jour\u2009\u00bb. La liste des recommandations est disponible sur <a href=\"https:\/\/www.bouches-du-rhone.gouv.fr\/Actualites\/Toute-l-actualite\/La-vigilance-orange-canicule-se-maintient-jusqu-a-au-moins-dimanche-29-juin-2025\" rel=\"nofollow noopener\" target=\"_blank\">ce lien.<\/a><\/p>\n<p class=\" wall-content\">Les autorit\u00e9s rappellent que \u00ab\u2009<strong>le danger est plus grand pour les personnes \u00e2g\u00e9es<\/strong>, les personnes atteintes de maladies chroniques ou de troubles de la sant\u00e9 mentale, les personnes qui prennent r\u00e9guli\u00e8rement des m\u00e9dicaments et les personnes isol\u00e9es ainsi que les enfants et les femmes enceintes\u2009\u00bb. Prudence donc.<\/p>\n<p class=\" wall-content\">Suivez toute l\u2019actualit\u00e9 de vos villes et m\u00e9dias favoris en vous inscrivant \u00e0 <a href=\"https:\/\/moncompte.actu.fr\" title=\"D\u00e9couvez Mon Actu\" rel=\"nofollow noopener\" data-trk=\"{&quot;cta&quot;:{&quot;action&quot;:&quot;https:\\\/\\\/moncompte.actu.fr&quot;,&quot;category&quot;:&quot;mon compte&quot;,&quot;from&quot;:&quot;article footer&quot;,&quot;name&quot;:&quot;Mon actu&quot;,&quot;type&quot;:&quot;cta&quot;}}\" target=\"_blank\">Mon Actu<\/a>.<\/p>\n","protected":false},"excerpt":{"rendered":"Par Fabien Binacchi Publi\u00e9 le 27 juin 2025 \u00e0 17h19 Continuez \u00e0 bien vous hydrater et \u00e0 \u00e9viter,&hellip;\n","protected":false},"author":2,"featured_media":208741,"comment_status":"","ping_status":"","sticky":false,"template":"","format":"standard","meta":{"footnotes":""},"categories":[2814],"tags":[1111,11,6698,1777,674,1011,27,884,2487,2357,12,882,25,15637],"class_list":{"0":"post-208740","1":"post","2":"type-post","3":"status-publish","4":"format-standard","5":"has-post-thumbnail","7":"category-marseille","8":"tag-actu","9":"tag-actualites","10":"tag-canicule","11":"tag-eu","12":"tag-europe","13":"tag-fr","14":"tag-france","15":"tag-marseille","16":"tag-meteo","17":"tag-meteo-france","18":"tag-news","19":"tag-provence-alpes-cote-dazur","20":"tag-republique-francaise","21":"tag-vague-de-chaleur"},"share_on_mastodon":{"url":"https:\/\/pubeurope.com\/@fr\/114756252479558968","error":""},"_links":{"self":[{"href":"https:\/\/www.europesays.com\/fr\/wp-json\/wp\/v2\/posts\/208740","targetHints":{"allow":["GET"]}}],"collection":[{"href":"https:\/\/www.europesays.com\/fr\/wp-json\/wp\/v2\/posts"}],"about":[{"href":"https:\/\/www.europesays.com\/fr\/wp-json\/wp\/v2\/types\/post"}],"author":[{"embeddable":true,"href":"https:\/\/www.europesays.com\/fr\/wp-json\/wp\/v2\/users\/2"}],"replies":[{"embeddable":true,"href":"https:\/\/www.europesays.com\/fr\/wp-json\/wp\/v2\/comments?post=208740"}],"version-history":[{"count":0,"href":"https:\/\/www.europesays.com\/fr\/wp-json\/wp\/v2\/posts\/208740\/revisions"}],"wp:featuredmedia":[{"embeddable":true,"href":"https:\/\/www.europesays.com\/fr\/wp-json\/wp\/v2\/media\/208741"}],"wp:attachment":[{"href":"https:\/\/www.europesays.com\/fr\/wp-json\/wp\/v2\/media?parent=208740"}],"wp:term":[{"taxonomy":"category","embeddable":true,"href":"https:\/\/www.europesays.com\/fr\/wp-json\/wp\/v2\/categories?post=208740"},{"taxonomy":"post_tag","embeddable":true,"href":"https:\/\/www.europesays.com\/fr\/wp-json\/wp\/v2\/tags?post=208740"}],"curies":[{"name":"wp","href":"https:\/\/api.w.org\/{rel}","templated":true}]}}