{"id":208742,"date":"2025-06-27T16:23:14","date_gmt":"2025-06-27T16:23:14","guid":{"rendered":"https:\/\/www.europesays.com\/fr\/208742\/"},"modified":"2025-06-27T16:23:14","modified_gmt":"2025-06-27T16:23:14","slug":"jean-michel-aulas-largement-en-tete-devant-gregory-doucet-sondage","status":"publish","type":"post","link":"https:\/\/www.europesays.com\/fr\/208742\/","title":{"rendered":"Jean-Michel Aulas largement en t\u00eate devant Gr\u00e9gory Doucet (sondage)"},"content":{"rendered":"<p>            Par<br \/>\n        <strong><br \/>\n            <a href=\"https:\/\/actu.fr\/auteur\/nicolas-zaugra\" title=\"Consulter tous les articles de Nicolas Zaugra\" target=\"_blank\" rel=\"noopener\">Nicolas Zaugra<\/a><br \/>\n        <\/strong><\/p>\n<p>        Publi\u00e9 le<\/p>\n<p>            27 juin 2025 \u00e0 17h40<br \/>\n        ; mis \u00e0 jour le 27 juin 2025 \u00e0 17h41    <\/p>\n<p><strong>INFO ACTU LYON<\/strong>. L\u2019ex-pr\u00e9sident de l\u2019OL va-t-il \u00eatre candidat \u00e0 la mairie de <a href=\"https:\/\/actu.fr\/auvergne-rhone-alpes\/lyon_69123\" target=\"_blank\" rel=\"noopener\">Lyon<\/a> ?<\/p>\n<p class=\" wall-content\">En tout cas, le chef d\u2019entreprise a multipli\u00e9 les propositions et les indices laissant penser qu\u2019il va se lancer \u00e0 la <strong>conqu\u00eate de la troisi\u00e8me ville de France<\/strong> pour tenter de d\u00e9loger les \u00e9cologistes. Le quasi-candidat a command\u00e9 un nouveau<strong> sondage Harris Interactive\/ Toluna<\/strong> avec des intentions de vote, des mesures de traits d\u2019images et a fait tester ses premi\u00e8res mesures. actu Lyon a pu se procurer ce sondage in\u00e9dit.<\/p>\n<p>Jean-Michel Aulas loin devant en cas d\u2019union centre-droite<\/p>\n<p class=\" wall-content\"><a href=\"https:\/\/actu.fr\/auvergne-rhone-alpes\/lyon_69123\/lyon-municipales-2026-jean-michel-aulas-fait-des-premieres-propositions-sur-la-securite_62807967.html\" target=\"_blank\" rel=\"noopener\">Jean-Michel Aulas<\/a> (JMA) arrive devant Gr\u00e9gory Doucet dans un sondage d\u2019intentions de vote command\u00e9 par ce premier en vue du premier tour des <a href=\"https:\/\/actu.fr\/tag\/municipales-2026\" target=\"_blank\" rel=\"noopener\">\u00e9lections municipales 2026<\/a> \u00e0 Lyon.<\/p>\n<p class=\" wall-content\">Une liste conduite par Jean-Michel Aulas, soutenue par Horizons, Renaissance, le MoDem, Les R\u00e9publicains, recueillerait <strong>36% d\u2019intentions de vote<\/strong> et se placerait nettement en t\u00eate. Le sondage ne mesure pas une liste <a href=\"https:\/\/actu.fr\/auvergne-rhone-alpes\/lyon_69123\/lyon-cout-efficacite-securite-ce-que-cache-la-promesse-de-2-000-cameras-de-pierre-oliver_62678501.html\" target=\"_blank\" rel=\"noopener\">Pierre Oliver<\/a> (LR). M\u00eame si, pour l\u2019instant, le maire du 2e arrondissement ne compte pas se retirer.<\/p>\n<p class=\" wall-content\">Le maire sortant <a href=\"https:\/\/actu.fr\/auvergne-rhone-alpes\/lyon_69123\/lyon-gregory-doucet-defend-la-nouvelle-ztl-elle-est-tres-bonne-pour-le-commerce_62807217.html\" target=\"_blank\" rel=\"noopener\">Gr\u00e9gory Doucet<\/a>, en conduisant une liste des \u00e9cologistes en alliance avec le PS et le PCF, serait deuxi\u00e8me avec <strong>27%<\/strong>. Soit 9 points de retard.<\/p>\n<p>Vid\u00e9os : en ce moment sur Actu<\/p>\n<p class=\" wall-content\">Une liste <strong>LFI<\/strong> conduite par la d\u00e9put\u00e9e lyonnaise Ana\u00efs Belouassa-Cheri recueillerait <strong>12%<\/strong> d\u2019intentions de vote. \u00c0 \u00e9galit\u00e9, une liste conduite par la d\u00e9put\u00e9e Tiffany Joncour et soutenue par le Rassemblement National recueille 12%. C\u2019est finalement Alexandre Humbert Dupalais qui sera le candidat UDR-RN \u00e0 Lyon.\u00a0<\/p>\n<p class=\" wall-content\">L\u2019ex-maire de Lyon <a href=\"https:\/\/actu.fr\/auvergne-rhone-alpes\/lyon_69123\/lyon-municipales-georges-kepenekian-et-jean-michel-aulas-se-claquent-la-porte-au-nez-pas-d-alliance-en-vue_62643191.html\" target=\"_blank\" rel=\"noopener\">Georges K\u00e9p\u00e9n\u00e9kian<\/a> recule par rapport \u00e0 de pr\u00e9c\u00e9dents sondages. Avec une liste centriste sans \u00e9tiquette, il est donn\u00e9 \u00e0 7%.<\/p>\n<p class=\" wall-content\">Juste derri\u00e8re, l\u2019ex-adjointe \u00e0 la Culture <a href=\"https:\/\/actu.fr\/auvergne-rhone-alpes\/lyon_69123\/lyon-municipales-nathalie-perrin-gilbert-devoile-son-grand-projet-pour-ce-lieu-ferme-depuis-18-ans_62826172.html\" target=\"_blank\" rel=\"noopener\">Nathalie Perrin-Gilbert<\/a> est cr\u00e9dit\u00e9e de 6% d\u2019intentions de vote.<\/p>\n<p class=\" wall-content\">Le total est l\u00e9g\u00e8rement favorable \u00e0 la gauche qui p\u00e8se 45% tandis que le total centre et droite est \u00e0 43% (sans compter les 12% du RN).<\/p>\n<p>    <img   decoding=\"async\" loading=\"lazy\" src=\"https:\/\/www.europesays.com\/fr\/wp-content\/uploads\/2025\/06\/capture-decran-2025-06-27-a-164230-960x640.png\" alt=\"Jean-Michel Aulas est donn\u00e9 en t\u00eate du 1er tour en cas de soutien des partis du centre et LR, devant Gr\u00e9gory Doucet avec une liste \u00e9cologistes\/ PS\/ PCF.\" width=\"960\" height=\"640\"\/><br \/>\n    Jean-Michel Aulas est donn\u00e9 en t\u00eate du 1er tour en cas de soutien des partis du centre et LR, devant Gr\u00e9gory Doucet avec une liste \u00e9cologistes\/ PS\/ PCF. (\u00a9Harris Interactive )<\/p>\n<blockquote class=\"ac-article-quote wall-content\">\n<p>Cette dynamique repose sur une capacit\u00e9 de rassemblement bien au-del\u00e0 des clivages partisans traditionnels. Jean-Michel Aulas recueille 73 % des anciens \u00e9lecteurs de Yann Cucherat (LREM), 68 % de ceux d\u2019\u00c9tienne Blanc (LR), 54 % des \u00e9lecteurs d\u2019Emmanuel Macron, mais aussi 13 % de ceux qui avaient vot\u00e9 pour Gr\u00e9gory Doucet en 2020. Il est le seul \u00e0 agr\u00e9ger de fa\u00e7on aussi nette des \u00e9lectorats issus du centre, de la droite r\u00e9publicaine, et d\u2019une partie de la gauche mod\u00e9r\u00e9e.<\/p>\n<p>    <strong>Jean-Daniel L\u00e9vy, Directeur d\u00e9l\u00e9gu\u00e9 \u2013 Strat\u00e9gies politiques et d\u2019opinion d&rsquo;Harris Interactive<\/strong>\n            <\/p><\/blockquote>\n<p>Jean-Michel Aulas b\u00e9n\u00e9ficie de meilleures opinions que Gr\u00e9gory Doucet<\/p>\n<p class=\" wall-content\">Abim\u00e9 par son statut de maire sortant, Gr\u00e9gory Doucet recueille moins de bonnes opinions que JMA. Il recueille <strong>46% de mauvaises opinions contre 36% de bonnes<\/strong>. 18% ne le connaissent pas assez pour se prononcer<\/p>\n<p class=\" wall-content\">Quant \u00e0 Jean-Michel Aulas, il b\u00e9n\u00e9ficie sans doute de son statut d\u2019ex-patron de l\u2019<a href=\"https:\/\/actu.fr\/auvergne-rhone-alpes\/lyon_69123\/l-ol-retrograde-en-ligue-2-un-choc-l-incomprehension-pour-jean-michel-aulas_62820643.html\" target=\"_blank\" rel=\"noopener\">Olympique lyonnais<\/a> encore novice en politique. Il recueille <strong>55% de bonnes opinions contre 15% de mauvaises<\/strong>. Le chef d\u2019entreprise a davantage de personnes qui ne veulent ou ne peuvent pas se prononcer (30%).<\/p>\n<p class=\" wall-content\">Pour le responsable d\u2019Harris Interactive Jean-Daniel Levy, <strong>\u00ab\u00a0ce sondage confirme une bascule\u00a0\u00bb \u00e0 huit mois du vote<\/strong>. \u00ab\u00a0Jean-Michel Aulas n\u2019est plus un outsider. Il est en t\u00eate des intentions de vote, il dispose du socle \u00e9lectoral le plus large (\u2026) Le rapport de force est en train de changer de camp.\u00a0\u00bb<\/p>\n<p>Sur les traits d\u2019images, Gr\u00e9gory Doucet en difficult\u00e9 face \u00e0 Aulas et K\u00e9p\u00e9n\u00e9kian<\/p>\n<p class=\" wall-content\">Les \u00e9quipes d\u2019Aulas ont aussi test\u00e9 des \u00ab\u00a0traits d\u2019images\u00a0\u00bb, 17 au total, comme la possibilit\u00e9 de dialoguer avec les entreprises, le monde associatif et les grandes institutions, \u00ab\u00a0incarner le s\u00e9rieux\u00a0\u00bb, \u00ab\u00a0a une vraie stature de maire\u00a0\u00bb, \u00ab\u00a0ferait un bon maire\u00a0\u00bb \u00ab\u00a0est \u00e0 l\u2019\u00e9coute des Lyonnais\u00a0\u00bb\u2026<\/p>\n<p class=\" wall-content\">L\u00e0 o\u00f9 Jean-Michel Aulas s\u2019en sort le mieux, c\u2019est \u00ab\u00a0peut dialoguer efficacement avec les entreprises, le monde associatif, les grandes institutions\u00a0\u00bb, \u00ab\u00a0comprend les r\u00e9alit\u00e9s \u00e9conomiques\u00a0\u00bb et \u00ab\u00a0est cr\u00e9dible pour <strong>relancer l\u2019attractivit\u00e9 \u00e9conomique<\/strong> de Lyon\u00a0\u00bb avec 84% de oui.<\/p>\n<p>    <img   decoding=\"async\" loading=\"lazy\" src=\"https:\/\/www.europesays.com\/fr\/wp-content\/uploads\/2025\/06\/doucet-maire-lyon-960x640.jpg\" alt=\"Gr\u00e9gory Doucet, maire de Lyon, samedi 21 juin 2025.\" width=\"960\" height=\"640\"\/><br \/>\n    Gr\u00e9gory Doucet, maire de Lyon, samedi 21 juin 2025. (\u00a9Nicolas Zaugra\/ actu Lyon)<\/p>\n<p class=\" wall-content\">\u00c0 l\u2019inverse, Gr\u00e9gory Doucet recueille seulement 42% \u00e0 la premi\u00e8re question, 32% \u00e0 la deuxi\u00e8me et 31% \u00e0 la troisi\u00e8me. Georges K\u00e9p\u00e9n\u00e9kian est aussi loin devant le maire sortant avec 73% de oui, 70% et 66% sur ces trois sujets.\u00a0<\/p>\n<p class=\" wall-content\">Gr\u00e9gory Doucet s\u2019en sort le mieux sur \u00ab\u00a0sait <strong>prendre des d\u00e9cisions impopulaires<\/strong> <strong>mais n\u00e9cessaires<\/strong>\u00a0\u00bb avec 55% (mais contre 75% pour Aulas et 63% pour K\u00e9p\u00e9n\u00e9kian). Il recueille 51% pour sa \u00ab\u00a0vision claire pour l\u2019avenir de la ville\u00a0\u00bb mais toujours loin d\u2019Aulas \u00e0 74% et 60% pour K\u00e9p\u00e9n\u00e9kian.\u00a0<\/p>\n<p class=\" wall-content\">Les points noirs les plus forts pour le maire \u00e9cologiste sont mesur\u00e9s sur \u00ab\u00a0sa capacit\u00e9 \u00e0 d\u00e9passer les clivages\u00a0\u00bb (seulement 18% de oui), 23% pour <strong>faire reculer l\u2019ins\u00e9curit\u00e9<\/strong> (73% pour Aulas, 54% pour K\u00e9p\u00e9n\u00e9kian).<\/p>\n<p>La mesure de gratuit\u00e9 des TCL pl\u00e9biscit\u00e9e\u00a0<\/p>\n<p class=\" wall-content\">Le sondage mesure aussi les premi\u00e8res propositions de campagne de Jean-Michel Aulas.<\/p>\n<p class=\" wall-content\">La plus pl\u00e9biscit\u00e9e est de proposer \u00ab\u00a0l\u2019enseignement dans les \u00e9coles lyonnaises des r\u00e8gles de la s\u00e9curit\u00e9 routi\u00e8re et pour se d\u00e9placer en toute s\u00e9curit\u00e9\u00a0\u00bb (les \u00e9cologistes r\u00e9pondent que la mesure existe d\u00e9j\u00e0) : <strong>93% des Lyonnais interrog\u00e9s sont favorables<\/strong>.<\/p>\n<p class=\" wall-content\">La mise en place \u00ab\u00a0d\u2019\u00e9quipes de m\u00e9diateurs dans les quartiers de Lyon pour apaiser les tensions notamment entre les jeunes\u00a0\u00bb obtient 83% de soutien.\u00a0<\/p>\n<p class=\" wall-content\">La promesse de <a href=\"https:\/\/actu.fr\/auvergne-rhone-alpes\/lyon_69123\/lyon-municipales-2026-jean-michel-aulas-propose-d-etendre-la-gratuite-des-tcl-aux-lyonnais_62732394.html\" target=\"_blank\" rel=\"noopener\">gratuit\u00e9 partielle des TCL<\/a>\u00a0qui a fait beaucoup d\u00e9bat obtient 75% de soutien.<\/p>\n<p>    <img   decoding=\"async\" loading=\"lazy\" src=\"https:\/\/www.europesays.com\/fr\/wp-content\/uploads\/2025\/06\/metro-b-tcl-charpennes-terminus-saint-genis-laval-960x640.jpeg\" alt=\"La station du m\u00e9tro B Saint-Genis-Laval, dans la m\u00e9tropole de Lyon, en direction de Charpennes.\" width=\"960\" height=\"640\"\/><br \/>\n    Jean-Michel Aulas propose la gratuit\u00e9 des TCL pour tous les Lyonnais gagnant moins de 2 500 euros\/net. (\u00a9Th\u00e9o Zuili \/ actu Lyon)<\/p>\n<p class=\" wall-content\">Celle de <a href=\"https:\/\/actu.fr\/auvergne-rhone-alpes\/lyon_69123\/lyon-municipales-2026-jean-michel-aulas-fait-sa-premiere-proposition-choc-de-campagne_62665560.html\" target=\"_blank\" rel=\"noopener\">renoncer \u00e0 ses indemnit\u00e9s de maire<\/a> l\u2019est \u00e0 61% tandis que celle de <a href=\"https:\/\/actu.fr\/auvergne-rhone-alpes\/lyon_69123\/lyon-municipales-2026-jean-michel-aulas-propose-de-supprimer-le-cabinet-du-maire_62690848.html\" target=\"_blank\" rel=\"noopener\">supprimer le cabinet du maire<\/a> ne s\u00e9duit pas une majorit\u00e9. Seulement 47% de soutien.\u00a0<\/p>\n<p class=\" wall-content\">Enfin, pr\u00e8s de 7 Lyonnais sur 10 (68%) se d\u00e9clarent favorables \u00e0 la suppression de certaines d\u00e9penses de la municipalit\u00e9 pour financer un institut scientifique accueillant des chercheurs et \u00e9tudiants \u00e9trangers. Sur les mobilit\u00e9s, 86% sont favorables \u00ab\u00a0\u00e0 la consultation directe des habitants pour r\u00e9viser le plan de circulation\u00a0\u00bb.<\/p>\n<p>M\u00e9thodologie du sondage<\/p>\n<p>Enqu\u00eate r\u00e9alis\u00e9e par t\u00e9l\u00e9phone du 18 au 25 juin 2025. \u00c9chantillon de 1 355 personnes repr\u00e9sentatif de la population de Lyon \u00e2g\u00e9 de 18 ans et plus. M\u00e9thode des quotas et redressement appliqu\u00e9s aux variables suivantes : sexe, \u00e2ge, cat\u00e9gorie socioprofessionnelle et comportement \u00e9lectoral ant\u00e9rieur de l\u2019interview\u00e9(e).<\/p>\n<p class=\" wall-content\">Suivez toute l\u2019actualit\u00e9 de vos villes et m\u00e9dias favoris en vous inscrivant \u00e0 <a href=\"https:\/\/moncompte.actu.fr\" title=\"D\u00e9couvez Mon Actu\" rel=\"nofollow noopener\" data-trk=\"{&quot;cta&quot;:{&quot;action&quot;:&quot;https:\\\/\\\/moncompte.actu.fr&quot;,&quot;category&quot;:&quot;mon compte&quot;,&quot;from&quot;:&quot;article footer&quot;,&quot;name&quot;:&quot;Mon actu&quot;,&quot;type&quot;:&quot;cta&quot;}}\" target=\"_blank\">Mon Actu<\/a>.<\/p>\n","protected":false},"excerpt":{"rendered":"Par Nicolas Zaugra Publi\u00e9 le 27 juin 2025 \u00e0 17h40 ; mis \u00e0 jour le 27 juin 2025&hellip;\n","protected":false},"author":2,"featured_media":208743,"comment_status":"","ping_status":"","sticky":false,"template":"","format":"standard","meta":{"footnotes":""},"categories":[1889],"tags":[1111,11,2430,4188,1777,674,1011,27,5226,5227,2428,3434,12,316,25],"class_list":{"0":"post-208742","1":"post","2":"type-post","3":"status-publish","4":"format-standard","5":"has-post-thumbnail","7":"category-lyon","8":"tag-actu","9":"tag-actualites","10":"tag-auvergne-rhone-alpes","11":"tag-elections-municipales","12":"tag-eu","13":"tag-europe","14":"tag-fr","15":"tag-france","16":"tag-gregory-doucet","17":"tag-jean-michel-aulas","18":"tag-lyon","19":"tag-municipales-2026","20":"tag-news","21":"tag-politique","22":"tag-republique-francaise"},"share_on_mastodon":{"url":"https:\/\/pubeurope.com\/@fr\/114756256729607780","error":""},"_links":{"self":[{"href":"https:\/\/www.europesays.com\/fr\/wp-json\/wp\/v2\/posts\/208742","targetHints":{"allow":["GET"]}}],"collection":[{"href":"https:\/\/www.europesays.com\/fr\/wp-json\/wp\/v2\/posts"}],"about":[{"href":"https:\/\/www.europesays.com\/fr\/wp-json\/wp\/v2\/types\/post"}],"author":[{"embeddable":true,"href":"https:\/\/www.europesays.com\/fr\/wp-json\/wp\/v2\/users\/2"}],"replies":[{"embeddable":true,"href":"https:\/\/www.europesays.com\/fr\/wp-json\/wp\/v2\/comments?post=208742"}],"version-history":[{"count":0,"href":"https:\/\/www.europesays.com\/fr\/wp-json\/wp\/v2\/posts\/208742\/revisions"}],"wp:featuredmedia":[{"embeddable":true,"href":"https:\/\/www.europesays.com\/fr\/wp-json\/wp\/v2\/media\/208743"}],"wp:attachment":[{"href":"https:\/\/www.europesays.com\/fr\/wp-json\/wp\/v2\/media?parent=208742"}],"wp:term":[{"taxonomy":"category","embeddable":true,"href":"https:\/\/www.europesays.com\/fr\/wp-json\/wp\/v2\/categories?post=208742"},{"taxonomy":"post_tag","embeddable":true,"href":"https:\/\/www.europesays.com\/fr\/wp-json\/wp\/v2\/tags?post=208742"}],"curies":[{"name":"wp","href":"https:\/\/api.w.org\/{rel}","templated":true}]}}