{"id":208764,"date":"2025-06-27T16:38:09","date_gmt":"2025-06-27T16:38:09","guid":{"rendered":"https:\/\/www.europesays.com\/fr\/208764\/"},"modified":"2025-06-27T16:38:09","modified_gmt":"2025-06-27T16:38:09","slug":"lindispensable-retour-du-politique-dans-les-choix-budgetaires","status":"publish","type":"post","link":"https:\/\/www.europesays.com\/fr\/208764\/","title":{"rendered":"l\u2019indispensable retour du politique dans les choix budg\u00e9taires"},"content":{"rendered":"<p>\n    Chef d&rsquo;entreprise outre-Rhin, historien de formation et ancien conseiller du commerce ext\u00e9rieur de la France (CCEF) rattach\u00e9 \u00e0 Bercy, Mathieu Pouydesseau aborde, au sein de cette tribune, la question de la redistribution des richesses en Allemagne et France, qui m\u00e8ne, selon lui, \u00e0 des tensions entre nos deux pays frontaliers.\n<\/p>\n<p class=\"article-text article-body__item\">\n    Des deux c\u00f4t\u00e9s du Rhin, les d\u00e9bats budg\u00e9taires font rage. Pour ceux qui seraient tent\u00e9s par une taxation du capital, celle-ci n\u2019ob\u00e9it pas \u00e0 une seule logique \u00e9conomique mais rel\u00e8ve surtout de doctrine politique. Deux puissants courants de pens\u00e9e semblent s\u2019opposer sans se r\u00e9concilier : la morale h\u00e9rit\u00e9e des principes de justice sociale et de redistribution face \u00e0 l\u2019\u00e9conomie dict\u00e9e par la perception des contraintes de comp\u00e9titivit\u00e9.\n<\/p>\n<p class=\"article-text article-body__item\">\n    <strong>\u00c0 LIRE AUSSI : <a href=\"https:\/\/www.marianne.net\/politique\/macron\/dans-le-financial-times-macron-juge-caduque-la-sacro-sainte-regle-de-l-union-europeenne-du-deficit-a-3\" rel=\"nofollow noopener\" target=\"_blank\">Dans le \u00ab\u00a0Financial Times\u00a0\u00bb, Macron juge \u00ab\u00a0caduque\u00a0\u00bb la sacro-sainte r\u00e8gle de l&rsquo;Union europ\u00e9enne du d\u00e9ficit \u00e0 3\u00a0%<\/a><\/strong>\n<\/p>\n<p class=\"article-text article-body__item\">\n    En France par exemple, l\u2019ISF instaur\u00e9 par la gauche et maintenu par la droite, illustre cette tension. Sujet per\u00e7u comme anti-entreprise, il est pourtant peu corr\u00e9l\u00e9 \u00e0 une baisse de l\u2019investissement. En Allemagne, alors que la Constitution affirme que \u00ab la propri\u00e9t\u00e9 oblige \u00bb, un collectif d\u2019h\u00e9ritiers milite pour une fiscalit\u00e9 plus \u00e9quitable, d\u00e9non\u00e7ant leur h\u00e9ritage per\u00e7u comme imm\u00e9rit\u00e9.\n<\/p>\n<p>Entre d\u00e9fiance et conscience<\/p>\n<p class=\"article-text article-body__item\">\n    Le S\u00e9nat fran\u00e7ais a rejet\u00e9 le 12 juin dernier la taxe dite \u00ab Zucman \u00bb sur les tr\u00e8s hauts patrimoines, une mesure pourtant modeste : 2 % du patrimoine net, imp\u00f4ts d\u00e9j\u00e0 pay\u00e9s d\u00e9duits, qui ne concernerait que 2 000 personnes. Con\u00e7ue par l\u2019\u00e9conomiste Gabriel Zucman, cette taxe pourrait rapporter entre 13 et 20 milliards d\u2019euros. Elle avait \u00e9t\u00e9 adopt\u00e9e par l\u2019Assembl\u00e9e nationale et devrait y revenir \u00e0 l\u2019automne. L\u2019Allemagne a vu na\u00eetre en 2021 le mouvement \u00ab Tax me now \u00bb, fond\u00e9 par une h\u00e9riti\u00e8re de la famille Engelhorn (ex-Boerhinger). Ce collectif d\u2019h\u00e9ritiers plaide pour une fiscalit\u00e9 plus juste, estimant l\u2019h\u00e9ritage comme imm\u00e9rit\u00e9. Un appel de 100 entrepreneurs fran\u00e7ais en janvier 2025 appelant \u00e0 la m\u00eame contrition est pass\u00e9 inaper\u00e7u.\n<\/p>\n<p class=\"article-text article-body__item\">\n    <strong>\u00c0 LIRE AUSSI : <a href=\"https:\/\/www.marianne.net\/agora\/tribunes-libres\/emmanuel-sales-leurope-paye-la-legerete-des-elites-francaises-qui-ont-laisse-les-cles-a-lallemagne\" rel=\"nofollow noopener\" target=\"_blank\">Emmanuel Sales\u00a0: \u00ab\u00a0L\u2019Europe paye la l\u00e9g\u00e8ret\u00e9 des \u00e9lites fran\u00e7aises qui ont laiss\u00e9 les cl\u00e9s \u00e0 l\u2019Allemagne\u00a0\u00bb<\/a><\/strong>\n<\/p>\n<p class=\"article-text article-body__item\">\n    L\u2019\u00e9conomiste Martyna Linartas a publi\u00e9 en mai 2025 \u00ab une in\u00e9galit\u00e9 imm\u00e9rit\u00e9e \u00bb d\u00e9non\u00e7ant la concentration extr\u00eame des patrimoines et ses effets d\u00e9l\u00e9t\u00e8res sur la d\u00e9mocratie. L\u2019histoire de la famille Thiel illustre comment les grandes familles \u00e9chappent \u00e0 l\u2019imp\u00f4t, et pour une famille maladroite dans ses efforts, combien de milliards ainsi \u00e9chappant au financement des \u00e9coles et des h\u00f4pitaux ? En juin 2025, la FAZ, le quotidien allemand le plus diffus\u00e9 au monde, a r\u00e9v\u00e9l\u00e9 que la famille Thiel (Knorr-Bremse) a d\u00fb verser 4 milliards d\u2019euros d\u2019imp\u00f4ts sur un h\u00e9ritage de 15 milliards, un conflit familial ayant retard\u00e9 la cr\u00e9ation d\u2019une fondation destin\u00e9e \u00e0 l\u2019\u00e9viter. L\u2019Allemagne a progressivement d\u00e9mantel\u00e9 sa fiscalit\u00e9 sur le capital depuis la suspension de l\u2019imp\u00f4t sur la fortune par la Cour constitutionnelle en 1997. Or, cet all\u00e8gement du fardeau fiscal n\u2019a pas am\u00e9lior\u00e9 les performances des entreprises. Malgr\u00e9 une \u00e9pargne abondante, aliment\u00e9e par des exc\u00e9dents commerciaux records, l\u2019investissement domestique recule. Plus d\u2019un tiers des capitaux allemands sont investis hors d\u2019Europe. L\u2019Allemagne n\u2019a pas su transf\u00e9rer sa richesse vers la consommation int\u00e9rieure, frein\u00e9e par la rigueur budg\u00e9taire et la mod\u00e9ration salariale.\n<\/p>\n<p class=\"article-text article-body__item\">\n    Une \u00e9tude publi\u00e9e en mai 2025 dans le Journal of International Economics souligne l\u2019inefficacit\u00e9 des grands fonds allemands : les \u00ab Big 6 \u00bb affichent des performances m\u00e9diocres en s\u00e9lection d\u2019actifs et en timing de march\u00e9. Ainsi, l\u2019\u00e9conomie allemande a connu trois ann\u00e9es cons\u00e9cutives de r\u00e9cession. En 2024, les salaires r\u00e9els sont retomb\u00e9s \u00e0 leur niveau de 2015 (Spiegel, juin 2025). Une d\u00e9cennie d\u2019\u00e9pargne exc\u00e9dentaire n\u2019a pas suffi ni \u00e0 financer l\u2019investissement ni \u00e0 pr\u00e9server le pouvoir d\u2019achat des classes moyennes.\n<\/p>\n<p>L&rsquo;Europe th\u00e9saurise<\/p>\n<p class=\"article-text article-body__item\">\n    Entre 2010 et 2025, l\u2019Allemagne a accumul\u00e9 3 000 milliards d\u2019euros d\u2019exc\u00e9dents commerciaux sans que cette \u00e9pargne ne soit investie localement. En France, l\u2019\u00e9pargne des m\u00e9nages \u00e9quivaut aux d\u00e9ficits publics et priv\u00e9s (environ 6 % du PIB). Ainsi, n\u2019est-il pas temps de r\u00e9orienter cette \u00e9pargne vers l\u2019industrie europ\u00e9enne plut\u00f4t que vers la dette am\u00e9ricaine. M\u00eame le pr\u00e9sident Macron a soulign\u00e9 \u00ab la folie \u00bb consistant \u00e0 laisser un tiers de l\u2019\u00e9pargne europ\u00e9enne alimenter\u2026 les \u00c9tats-Unis. Les r\u00e9voltes fiscales se multiplient depuis plusieurs ann\u00e9es : Gilets Jaunes, Bonnets rouges, paysans en col\u00e8re, \u00ab W\u00fctb\u00fcrger \u00bb allemands.\n<\/p>\n<p class=\"article-text article-body__item\">\n    <strong>\u00c0 LIRE AUSSI : <a href=\"https:\/\/www.marianne.net\/economie\/economie-francaise\/elections-en-allemagne-rigueur-budgetaire-emprunt-europeen-quelles-repercussions-pour-la-france\" rel=\"nofollow noopener\" target=\"_blank\">\u00c9lections en Allemagne\u00a0: rigueur budg\u00e9taire, emprunt europ\u00e9en\u2026 Quelles r\u00e9percussions pour la France\u00a0?<\/a><\/strong>\n<\/p>\n<p class=\"article-text article-body__item\">\n    La croissance europ\u00e9enne (+20 % de PIB depuis 2010) ne s\u2019est pas traduite par une am\u00e9lioration du niveau de vie. La pauvret\u00e9 a progress\u00e9 en France et stagn\u00e9 en Allemagne. Le pouvoir d\u2019achat reste la premi\u00e8re pr\u00e9occupation des Fran\u00e7ais depuis cinq ans. Un tiers d\u2019entre eux, et 38 % des Allemands, se disent incapables de faire face \u00e0 une d\u00e9pense impr\u00e9vue (enqu\u00eate UE 2024). Chacun conna\u00eet aujourd\u2019hui la traduction politique de ces errements \u00e9conomiques : alors qu\u2019en 1999, le Front national faisait 5,7 % aux europ\u00e9ennes et l\u2019AfD 3 %, en 2024, ils atteignent respectivement 32 % et 16 %. Ensemble, les deux grands blocs d\u00e9mocrates ne r\u00e9unissent plus que 32 % des voix.\n<\/p>\n<p class=\"article-text article-body__item\">\n    Justice sociale et efficacit\u00e9 \u00e9conomique ne sont pas incompatibles : elles doivent dialoguer \u2013sans opposer Berlin \u00e0 Paris, ni morale \u00e0 croissance, sur cette ligne de cr\u00eate qu\u2019est le respect des perceptions. Le compromis propos\u00e9 par Gabriel Zucman, une taxation mod\u00e9r\u00e9e des tr\u00e8s hauts patrimoines, tenant compte des imp\u00f4ts d\u00e9j\u00e0 acquitt\u00e9s, ou du mouvement allemand \u00ab tax me now \u00bb incarnent cette tentative de conciliation. Il s\u2019agit surtout d\u2019une possibilit\u00e9 de r\u00e9introduire une conscience politique dans les choix d\u2019action publique : repenser la fiscalit\u00e9 du capital mais aussi sa valeur sociale est essentiel au risque d\u2019une issue fatale pour les d\u00e9mocraties europ\u00e9ennes.<\/p>\n","protected":false},"excerpt":{"rendered":"Chef d&rsquo;entreprise outre-Rhin, historien de formation et ancien conseiller du commerce ext\u00e9rieur de la France (CCEF) rattach\u00e9 \u00e0&hellip;\n","protected":false},"author":2,"featured_media":208765,"comment_status":"","ping_status":"","sticky":false,"template":"","format":"standard","meta":{"footnotes":""},"categories":[1587],"tags":[11,672,1804,1805,1803,1777,674,1801,12,1802],"class_list":{"0":"post-208764","1":"post","2":"type-post","3":"status-publish","4":"format-standard","5":"has-post-thumbnail","7":"category-allemagne","8":"tag-actualites","9":"tag-allemagne","10":"tag-bundesrepublik-deutschland","11":"tag-de","12":"tag-deutschland","13":"tag-eu","14":"tag-europe","15":"tag-germany","16":"tag-news","17":"tag-republique-federale-dallemagne"},"share_on_mastodon":{"url":"https:\/\/pubeurope.com\/@fr\/114756314928763483","error":""},"_links":{"self":[{"href":"https:\/\/www.europesays.com\/fr\/wp-json\/wp\/v2\/posts\/208764","targetHints":{"allow":["GET"]}}],"collection":[{"href":"https:\/\/www.europesays.com\/fr\/wp-json\/wp\/v2\/posts"}],"about":[{"href":"https:\/\/www.europesays.com\/fr\/wp-json\/wp\/v2\/types\/post"}],"author":[{"embeddable":true,"href":"https:\/\/www.europesays.com\/fr\/wp-json\/wp\/v2\/users\/2"}],"replies":[{"embeddable":true,"href":"https:\/\/www.europesays.com\/fr\/wp-json\/wp\/v2\/comments?post=208764"}],"version-history":[{"count":0,"href":"https:\/\/www.europesays.com\/fr\/wp-json\/wp\/v2\/posts\/208764\/revisions"}],"wp:featuredmedia":[{"embeddable":true,"href":"https:\/\/www.europesays.com\/fr\/wp-json\/wp\/v2\/media\/208765"}],"wp:attachment":[{"href":"https:\/\/www.europesays.com\/fr\/wp-json\/wp\/v2\/media?parent=208764"}],"wp:term":[{"taxonomy":"category","embeddable":true,"href":"https:\/\/www.europesays.com\/fr\/wp-json\/wp\/v2\/categories?post=208764"},{"taxonomy":"post_tag","embeddable":true,"href":"https:\/\/www.europesays.com\/fr\/wp-json\/wp\/v2\/tags?post=208764"}],"curies":[{"name":"wp","href":"https:\/\/api.w.org\/{rel}","templated":true}]}}