{"id":208770,"date":"2025-06-27T16:41:14","date_gmt":"2025-06-27T16:41:14","guid":{"rendered":"https:\/\/www.europesays.com\/fr\/208770\/"},"modified":"2025-06-27T16:41:14","modified_gmt":"2025-06-27T16:41:14","slug":"combien-va-toucher-le-vainqueur-de-la-finale-du-top-14","status":"publish","type":"post","link":"https:\/\/www.europesays.com\/fr\/208770\/","title":{"rendered":"combien va toucher le vainqueur de la finale du Top 14"},"content":{"rendered":"<p><strong>LE SCAN SPORT &#8211;<\/strong> Si l\u2019enjeu est avant tout sportif, les finalistes du Top 14 touchent une prime attribu\u00e9e par la Ligue.<\/p>\n<p class=\"fig-paragraph\">Soulever le bouclier de Brennus n\u2019a pas de prix dans la carri\u00e8re d\u2019un joueur de rugby. Il rapporte pourtant de l\u2019argent, la Ligue, qui chapeaute le rugby professionnel, reversant 14 millions d\u2019euros, les quatorze parts \u00e9tant fix\u00e9es selon la m\u00e9ritocratie.<\/p>\n<p class=\"fig-paragraph\">Le vainqueur de la finale,\u00a0<a href=\"http:\/\/www.lefigaro.fr\/sports\/rugby\/top-14\/toulouse-ubb-a-quelle-heure-et-sur-quelle-chaine-regarder-la-finale-du-top-14-20250623\" data-fig-type=\"NewsFlash\" data-gtm-custom-categorie=\"navigation\" data-gtm-custom-action=\"crossclick\" data-gtm-custom-label=\"Contextuel\" data-gtm-event=\"customEventSPE\" data-fig-domain=\"LEFIGARO\" target=\"_blank\" rel=\"noopener\">samedi soir au Stade de France<\/a>, touchera ainsi de 1\u00a0535.211 \u20ac euros. \u00c0 peine plus que l\u2019\u00e9quipe battue (1\u00a0447.211 \u20ac, soit 88\u00a0000 \u20ac de moins).<\/p>\n<p>Le 3e de la saison r\u00e9guli\u00e8re touche \u00e0 peine moins<\/p>\n<p class=\"fig-paragraph\">Mais atteindre la finale n\u2019est pas synonyme d\u2019\u00e9norme gain suppl\u00e9mentaire puisque Toulon, 3e de la saison r\u00e9guli\u00e8re, va percevoir 1\u00a0359.211 \u20ac et le 6e, Castres, 1\u00a0095.211 \u20ac.<\/p>\n<p class=\"fig-body-link\">\n            \u00c0 lire aussi<br \/>\n        <a class=\"fig-body-link__link\" href=\"http:\/\/www.lefigaro.fr\/sports\/rugby\/top-14\/rugby-le-palmares-du-top-14-20240624\" data-fig-type=\"NewsFlash\" data-gtm-custom-categorie=\"navigation\" data-gtm-custom-action=\"crossclick\" data-gtm-custom-label=\"Contextuel\" data-gtm-event=\"customEventSPE\" data-fig-domain=\"LEFIGARO\" target=\"_blank\" rel=\"noopener\">Rugby\u00a0: le palmar\u00e8s complet du Top 14<br \/>\n    <\/a>\n<\/p>\n<p class=\"fig-paragraph\">Vannes, rel\u00e9gu\u00e9 en Pro D2 apr\u00e8s avoir termin\u00e9 la saison r\u00e9guli\u00e8re, touchera quand m\u00eame un ch\u00e8que de 543.676 \u20ac.<\/p>\n","protected":false},"excerpt":{"rendered":"LE SCAN SPORT &#8211; Si l\u2019enjeu est avant tout sportif, les finalistes du Top 14 touchent une prime&hellip;\n","protected":false},"author":2,"featured_media":208771,"comment_status":"","ping_status":"","sticky":false,"template":"","format":"standard","meta":{"footnotes":""},"categories":[2],"tags":[11,525,4590,1981,2313,814,1011,27,4977,34769,955,12,4589,2311,3461,25,1980,479,2259,476,478,2310,2312,4364],"class_list":{"0":"post-208770","1":"post","2":"type-post","3":"status-publish","4":"format-standard","5":"has-post-thumbnail","7":"category-actualites","8":"tag-actualites","9":"tag-calendrier","10":"tag-championnat-france","11":"tag-classement","12":"tag-clermont","13":"tag-direct","14":"tag-fr","15":"tag-france","16":"tag-le-scan-sport","17":"tag-ligue-nationale-de-rugby","18":"tag-match","19":"tag-news","20":"tag-phase-finale","21":"tag-racing","22":"tag-rct","23":"tag-republique-francaise","24":"tag-resultats","25":"tag-rugby","26":"tag-score","27":"tag-stade-toulousain","28":"tag-top-14","29":"tag-toulon","30":"tag-toulouse","31":"tag-ubb"},"share_on_mastodon":{"url":"https:\/\/pubeurope.com\/@fr\/114756326739537526","error":""},"_links":{"self":[{"href":"https:\/\/www.europesays.com\/fr\/wp-json\/wp\/v2\/posts\/208770","targetHints":{"allow":["GET"]}}],"collection":[{"href":"https:\/\/www.europesays.com\/fr\/wp-json\/wp\/v2\/posts"}],"about":[{"href":"https:\/\/www.europesays.com\/fr\/wp-json\/wp\/v2\/types\/post"}],"author":[{"embeddable":true,"href":"https:\/\/www.europesays.com\/fr\/wp-json\/wp\/v2\/users\/2"}],"replies":[{"embeddable":true,"href":"https:\/\/www.europesays.com\/fr\/wp-json\/wp\/v2\/comments?post=208770"}],"version-history":[{"count":0,"href":"https:\/\/www.europesays.com\/fr\/wp-json\/wp\/v2\/posts\/208770\/revisions"}],"wp:featuredmedia":[{"embeddable":true,"href":"https:\/\/www.europesays.com\/fr\/wp-json\/wp\/v2\/media\/208771"}],"wp:attachment":[{"href":"https:\/\/www.europesays.com\/fr\/wp-json\/wp\/v2\/media?parent=208770"}],"wp:term":[{"taxonomy":"category","embeddable":true,"href":"https:\/\/www.europesays.com\/fr\/wp-json\/wp\/v2\/categories?post=208770"},{"taxonomy":"post_tag","embeddable":true,"href":"https:\/\/www.europesays.com\/fr\/wp-json\/wp\/v2\/tags?post=208770"}],"curies":[{"name":"wp","href":"https:\/\/api.w.org\/{rel}","templated":true}]}}