{"id":208774,"date":"2025-06-27T16:43:10","date_gmt":"2025-06-27T16:43:10","guid":{"rendered":"https:\/\/www.europesays.com\/fr\/208774\/"},"modified":"2025-06-27T16:43:10","modified_gmt":"2025-06-27T16:43:10","slug":"france-espagne-64-65-enorme-deception-pour-les-bleues-sorties-en-demi-finale-de-leuro-basket","status":"publish","type":"post","link":"https:\/\/www.europesays.com\/fr\/208774\/","title":{"rendered":"France &#8211; Espagne (64-65)\u00a0: \u00e9norme d\u00e9ception pour les Bleues sorties en demi-finale de l\u2019Euro basket"},"content":{"rendered":"<p class=\"paragraph text_align_left lp-f-body-02\">Il reste 8 dixi\u00e8mes de seconde \u00e0 jouer. La France est men\u00e9e 63-65. Iliana Rupert est sur la ligne des lancers francs pour arracher la prolongation. Elle marque le premier mais rate le second. L\u2019Espagne s\u2019impose et la France est sortie en demi-finale de l\u2019Euro. L\u2019\u00e9pilogue est terrible, triste, d\u00e9chirant, mais m\u00e9ritait-elle mieux ? <\/p>\n<p class=\"paragraph text_align_left lp-f-body-02\">L\u2019\u00e9quipe de France ne participera pas dimanche soir \u00e0 sa 11e finale dans <a href=\"https:\/\/www.leparisien.fr\/sports\/basket\/\" target=\"_blank\" rel=\"noreferrer noopener\">un championnat d\u2019Europe. <\/a>Elle devra se contenter dans l\u2019apr\u00e8s-midi de la petite finale que personne ne veut jouer. Elle conna\u00eetra son adversaire dans la soir\u00e9e \u00e0 l\u2019issue de l\u2019autre demi-finale entre la Belgique et l\u2019Italie.<\/p>\n<p class=\"paragraph text_align_left lp-f-body-02\">Contrairement au d\u00e9but du tournoi, <a href=\"https:\/\/www.leparisien.fr\/sports\/basket\/depasser-certains-a-priori-pourquoi-lequipe-de-france-feminine-de-basket-a-prepare-leuro-avec-des-garcons-27-06-2025-543DXMWHQZDE7JQSVUEUZFN5CE.php\" target=\"_blank\" rel=\"noreferrer noopener\">les filles de Jean-Aim\u00e9 Toupane<\/a> invaincues depuis la finale olympique contre les \u00c9tats-Unis n\u2019ont pas ma\u00eetris\u00e9 le match le plus important du tournoi. Elles ont rat\u00e9 le match qu\u2019il ne fallait pas perdre.<\/p>\n<p class=\"paragraph text_align_left lp-f-body-02\">Pendant une mi-temps, les Bleues invaincues depuis la finale des Jeux ont pourtant eu la main sur une partie qui n\u2019a jamais \u00e9t\u00e9 simple. Il est vrai que leurs adversaires du jour \u00e9taient d\u2019un calibre bien au-dessus de tous ceux pr\u00e9c\u00e9dents, qualification et phase finale confondues.<\/p>\n<p class=\"paragraph text_align_left lp-f-body-02\">Les Espagnoles se sont d\u2019abord accroch\u00e9es (18-18, 10e) avant que les vice-championnes olympiques se donnent un peu d\u2019air \u00e0 la pause (38-31). Pas assez toutefois pour s\u2019endormir sur des lauriers grecs pour les 20 derni\u00e8res minutes. Surtout pas.<\/p>\n<p class=\"paragraph text_align_left lp-f-body-02\">Au stade de la Paix et de l\u2019Amiti\u00e9, au Pir\u00e9e, les Fran\u00e7aises ont essay\u00e9 au retour des vestiaires de ne pas laisser les Ib\u00e8res prendre confiance. \u00c7a n\u2019a pas tr\u00e8s bien fonctionn\u00e9. Elles ont certes pris 10 points d\u2019avance (43-33, 23e). Mais les Espagnoles accrocheuses n\u2019ont jamais \u00e9t\u00e9 distanc\u00e9es. Bien trop peu adroites \u00e0 3 points, les Bleues n\u2019ont pas r\u00e9ussi \u00e0 faire le trou pour avoir une fin de partie confortable.<\/p>\n<p class=\"paragraph text_align_left lp-f-body-02\">Soudain atones en attaque, trop peu adroites \u00e0 3 points (5\/30), elles se sont en fait \u00e9teintes d\u2019un coup. Les Espagnoles en ont profit\u00e9, sont revenues et ont pris l\u2019avantage avant le d\u00e9but du money-time (46-49) apr\u00e8s un mauvais troisi\u00e8me quart temps (8-13) tricolore. Il fallait r\u00e9agir, et vite. Ce n\u2019est pas ce qui est arriv\u00e9.<\/p>\n<p class=\"paragraph text_align_left lp-f-body-02\">Au maximum de la tension, le match est devenu intense, ind\u00e9cis, compliqu\u00e9, \u00e9touffant. Les Espagnoles sont rest\u00e9es devant, les Bleues au contact mais sans r\u00e9ussite. Jusqu\u2019\u00e0 cette derni\u00e8re seconde o\u00f9 tout aurait pu basculer. En vain.<\/p>\n<p class=\"paragraph text_align_left lp-f-body-02\">C\u2019\u00e9tait le 67e France &#8211; Espagne l\u2019histoire. Les Bleues m\u00e8nent toujours la confrontation 34-33 mais cela n\u2019a aucune importance \u00e0 cet instant. L\u2019Espagne reste la grande b\u00eate noire du basket fran\u00e7ais, hommes et femmes ensemble.<\/p>\n","protected":false},"excerpt":{"rendered":"Il reste 8 dixi\u00e8mes de seconde \u00e0 jouer. La France est men\u00e9e 63-65. Iliana Rupert est sur la&hellip;\n","protected":false},"author":2,"featured_media":208775,"comment_status":"","ping_status":"","sticky":false,"template":"","format":"standard","meta":{"footnotes":""},"categories":[4],"tags":[11,1465,1011,27,12,25,60],"class_list":{"0":"post-208774","1":"post","2":"type-post","3":"status-publish","4":"format-standard","5":"has-post-thumbnail","7":"category-france","8":"tag-actualites","9":"tag-basket","10":"tag-fr","11":"tag-france","12":"tag-news","13":"tag-republique-francaise","14":"tag-sports"},"share_on_mastodon":{"url":"https:\/\/pubeurope.com\/@fr\/114756334650415048","error":""},"_links":{"self":[{"href":"https:\/\/www.europesays.com\/fr\/wp-json\/wp\/v2\/posts\/208774","targetHints":{"allow":["GET"]}}],"collection":[{"href":"https:\/\/www.europesays.com\/fr\/wp-json\/wp\/v2\/posts"}],"about":[{"href":"https:\/\/www.europesays.com\/fr\/wp-json\/wp\/v2\/types\/post"}],"author":[{"embeddable":true,"href":"https:\/\/www.europesays.com\/fr\/wp-json\/wp\/v2\/users\/2"}],"replies":[{"embeddable":true,"href":"https:\/\/www.europesays.com\/fr\/wp-json\/wp\/v2\/comments?post=208774"}],"version-history":[{"count":0,"href":"https:\/\/www.europesays.com\/fr\/wp-json\/wp\/v2\/posts\/208774\/revisions"}],"wp:featuredmedia":[{"embeddable":true,"href":"https:\/\/www.europesays.com\/fr\/wp-json\/wp\/v2\/media\/208775"}],"wp:attachment":[{"href":"https:\/\/www.europesays.com\/fr\/wp-json\/wp\/v2\/media?parent=208774"}],"wp:term":[{"taxonomy":"category","embeddable":true,"href":"https:\/\/www.europesays.com\/fr\/wp-json\/wp\/v2\/categories?post=208774"},{"taxonomy":"post_tag","embeddable":true,"href":"https:\/\/www.europesays.com\/fr\/wp-json\/wp\/v2\/tags?post=208774"}],"curies":[{"name":"wp","href":"https:\/\/api.w.org\/{rel}","templated":true}]}}