{"id":208776,"date":"2025-06-27T16:44:09","date_gmt":"2025-06-27T16:44:09","guid":{"rendered":"https:\/\/www.europesays.com\/fr\/208776\/"},"modified":"2025-06-27T16:44:09","modified_gmt":"2025-06-27T16:44:09","slug":"plus-un-18-trous-un-puits-sans-fond-dit-la-gauche-le-departement-lannonce-a-vendre","status":"publish","type":"post","link":"https:\/\/www.europesays.com\/fr\/208776\/","title":{"rendered":"\u00ab Plus un 18 trous, un puits sans fond ! \u00bb dit la gauche, le D\u00e9partement l\u2019annonce \u00e0 vendre"},"content":{"rendered":"<p>            Par<br \/>\n        <strong><br \/>\n            <a href=\"https:\/\/actu.fr\/auteur\/karina-pujeolle\" title=\"Consulter tous les articles de Karina Pujeolle\" target=\"_blank\" rel=\"noopener\">Karina Pujeolle<\/a><br \/>\n        <\/strong><\/p>\n<p>        Publi\u00e9 le<\/p>\n<p>            27 juin 2025 \u00e0 12h49        <\/p>\n<p>Le vote d\u2019une subvention exceptionnelle de<b> 195\u2009000\u00a0\u20ac<\/b> au <b>golf de Bell\u00eame<\/b>, ce vendredi 27\u00a0juin 2025, a g\u00e9n\u00e9r\u00e9 la col\u00e8re des <b>\u00e9lus de gauche<\/b> du <b>Conseil d\u00e9partemental de l\u2019Orne <\/b>lors de la session du second trimestre.<br \/>\u00ab\u2009On vous avait alert\u00e9 sur la <b>gestion <\/b>des<b> biens immobiliers<\/b> du D\u00e9partement il y a peu. <a href=\"https:\/\/actu.fr\/normandie\/sees_61464\/le-palais-dargentre-appartient-desormais-de-la-ville-de-sees-le-departement-lui-cede-a-leuro-symbolique_62742325.html\" target=\"_blank\" rel=\"noopener\">On s\u2019est d\u00e9barrass\u00e9 du Palais d\u2019Argentr\u00e9<\/a> r\u00e9cemment, je ne sais pas si c\u2019est une bonne chose mais merci \u00e0 la Ville de S\u00e9es\u2026 Par contre, on ne s\u2019est pas occup\u00e9 du golf de Bell\u00eame qui pr\u00e9sente un <b>d\u00e9ficit r\u00e9current <\/b>de plus de 100\u2009000 \u20ac et l\u00e0, on abonde encore 200\u2009000 \u20ac \u00bb, a signal\u00e9 Fr\u00e9d\u00e9ric L\u00e9veill\u00e9, au nom du groupe de la gauche.<\/p>\n<p>Consommation en eau<\/p>\n<p class=\" wall-content\">Le maire d\u2019Argentan a soulign\u00e9 que V\u00e9ronique Louwagie \u00ab\u2009vient de nous appeler \u00e0 faire des arbitrages puisque la<b> situation financi\u00e8re du D\u00e9partement est difficile<\/b> mais l\u00e0, le golf de Bell\u00eame ce n\u2019est\u00a0plus un 18 trous mais un puits sans fond\u2009! Sans compter qu\u2019il consomme de l\u2019eau pour garder son herbe verte. Il faudrait s\u2019en s\u00e9parer ou le diriger vers une autre utilisation\u2009\u00bb.<\/p>\n<p>\u00ab\u2009Pas pour d\u00e9plaire aux \u00e9lus de Bell\u00eame\u2009\u00bb<\/p>\n<p class=\" wall-content\">Son voisin Lori H\u00e9lloco a ajout\u00e9 que \u00ab\u2009<a href=\"https:\/\/actu.fr\/normandie\/alencon_61001\/coupe-sombre-dans-linsertion-le-departement-de-lorne-tape-dans-le-budget-des-associations_62438865.html\" target=\"_blank\" rel=\"noopener\">l\u2019AIFR a vu son aide baisser de 98\u2009000 \u20ac<\/a> alors que l\u2019association d\u00e9gage un b\u00e9n\u00e9fice de 60\u2009000 \u20ac donc est-ce raisonnable de conserver quelque chose qui co\u00fbte plus de 100\u2009000 \u20ac sur les charges g\u00e9n\u00e9rales\u2009? Il pourrait \u00eatre vendu \u00e0 une structure priv\u00e9e. Ce n\u2019est pas une question dogmatique, ni pour faire d\u00e9plaisir aux \u00e9lus de Bell\u00eame car il pourrait continuer d\u2019exister mais il faudrait r\u00e9fl\u00e9chir \u00e0 ne plus avoir ce patrimoine au regard du co\u00fbt qu\u2019il g\u00e9n\u00e8re\u2009\u00bb.<\/p>\n<p>\u00ab\u2009Si un acheteur se pr\u00e9sente, \u00e7a me va\u2009\u00bb<\/p>\n<p class=\" wall-content\">Christophe de Balorre, le pr\u00e9sident du D\u00e9partement, s\u2019est d\u2019abord trouv\u00e9 coi face \u00e0 ce toll\u00e9\u2009: \u00ab\u2009Alors que dire\u2009?\u2009\u00bb Il a avanc\u00e9 les <b>conditions climatiques <\/b>\u00ab\u2009qui ont eu des cons\u00e9quences catastrophiques sur le golf\u2009\u00bb tout comme \u00ab\u2009la<b> p\u00e9riode de transition<\/b> avec la <a href=\"https:\/\/actu.fr\/normandie\/belleme_61038\/lhotel-restaurant-du-golf-de-belleme-dans-lorne-a-ete-rachete-et-doit-rouvrir-bientot_62429644.html\" target=\"_blank\" rel=\"noopener\">vente du restaurant<\/a> pour 250\u2009000\u00a0\u20ac\u00bb.<\/p>\n<p class=\" wall-content\">Il a bott\u00e9 en touche sa consommation d\u2019eau \u00ab\u2009car aujourd\u2019hui, tous les \u00e9quipements sportifs sont en circuit vertueux\u2009\u00bb. Et certifie, apr\u00e8s consultation du maire de Saint-Martin-du-Vieux-Bell\u00eame, \u00ab\u2009que les pr\u00e9visions pour l\u2019exercice en cours sont positives car il y a une vraie dynamique\u2009\u00bb.<\/p>\n<p class=\" wall-content\">Puis le pr\u00e9sident du D\u00e9partement d\u2019annoncer que \u00ab\u2009si un <b>acheteur <\/b>se pr\u00e9sente, \u00e7a\u00a0me va bien. Je ne sais pas si \u00e7a se vend bien sur le march\u00e9 mais comme je suis plut\u00f4t lib\u00e9ral, moi \u00e7a me va. S\u2019il peut \u00eatre g\u00e9r\u00e9 par des priv\u00e9s, \u00e7a m\u2019ira tr\u00e8s bien et on pourra ainsi peut-\u00eatre faire un partenariat gagnant-gagnant pour que les coll\u00e9giens y aient toujours acc\u00e8s\u2009\u00bb.<\/p>\n<p>\u00ab\u2009Le D\u00e9partement ne g\u00e8re que le jeu\u2009\u00bb<\/p>\n<p class=\" wall-content\">Vincent Segouin a d\u00e9clar\u00e9 que le D\u00e9partement \u00ab\u2009ne g\u00e9rait pas tout le golf mais simplement la <b>partie jeu\u2009<\/b>\u00bb. Il a questionn\u00e9 les \u00e9lus \u00ab\u2009sur le co\u00fbt en eau d\u2019un terrain de football\u2009\u00bb. Quant au d\u00e9ficit annuel, \u00ab\u2009il est <b>structurel <\/b>et de <b>20\u2009000 \u20ac\u00a0<\/b>\u00bb mais le golf est selon l\u2019\u00e9lu de Bell\u00eame, \u00ab\u2009un <b>atout d\u2019attractivit\u00e9 <\/b>pour le D\u00e9partement\u2009\u00bb. Entendre\u2009: Vincent Segouin souhaite que ce golf reste dans le giron du D\u00e9partement.<\/p>\n<p class=\" wall-content\">Pas Fr\u00e9d\u00e9ric Leveill\u00e9 qui a enfonc\u00e9 le clou\u2009: \u00ab\u2009Si on peut se d\u00e9barrasser de ce qui n\u2019est pas de notre comp\u00e9tence, on en sera ravi et on r\u00e9cup\u00e9rera des fonds pour autre chose\u2009\u00bb.<\/p>\n<p class=\" wall-content\">Les \u00e9lus de <b>l\u2019opposition<\/b> ont vot\u00e9 <b>contre <\/b>cette subvention exceptionnelle. Mais le golf de Bell\u00eame est <b>\u00e0 vendre<\/b>. Avis aux int\u00e9ress\u00e9s.<\/p>\n<p class=\" wall-content\">Suivez toute l\u2019actualit\u00e9 de vos villes et m\u00e9dias favoris en vous inscrivant \u00e0 <a href=\"https:\/\/moncompte.actu.fr\" title=\"D\u00e9couvez Mon Actu\" rel=\"nofollow noopener\" data-trk=\"{&quot;cta&quot;:{&quot;action&quot;:&quot;https:\\\/\\\/moncompte.actu.fr&quot;,&quot;category&quot;:&quot;mon compte&quot;,&quot;from&quot;:&quot;article footer&quot;,&quot;name&quot;:&quot;Mon actu&quot;,&quot;type&quot;:&quot;cta&quot;}}\" target=\"_blank\">Mon Actu<\/a>.<\/p>\n","protected":false},"excerpt":{"rendered":"Par Karina Pujeolle Publi\u00e9 le 27 juin 2025 \u00e0 12h49 Le vote d\u2019une subvention exceptionnelle de 195\u2009000\u00a0\u20ac au&hellip;\n","protected":false},"author":2,"featured_media":208777,"comment_status":"","ping_status":"","sticky":false,"template":"","format":"standard","meta":{"footnotes":""},"categories":[1418],"tags":[34770,34771,1011,27,1472,19676,316,60],"class_list":{"0":"post-208776","1":"post","2":"type-post","3":"status-publish","4":"format-standard","5":"has-post-thumbnail","7":"category-golf","8":"tag-christophe-de-balorre","9":"tag-conseil-departemental-de-lorne","10":"tag-fr","11":"tag-france","12":"tag-golf","13":"tag-perche","14":"tag-politique","15":"tag-sports"},"share_on_mastodon":{"url":"https:\/\/pubeurope.com\/@fr\/114756338523925828","error":""},"_links":{"self":[{"href":"https:\/\/www.europesays.com\/fr\/wp-json\/wp\/v2\/posts\/208776","targetHints":{"allow":["GET"]}}],"collection":[{"href":"https:\/\/www.europesays.com\/fr\/wp-json\/wp\/v2\/posts"}],"about":[{"href":"https:\/\/www.europesays.com\/fr\/wp-json\/wp\/v2\/types\/post"}],"author":[{"embeddable":true,"href":"https:\/\/www.europesays.com\/fr\/wp-json\/wp\/v2\/users\/2"}],"replies":[{"embeddable":true,"href":"https:\/\/www.europesays.com\/fr\/wp-json\/wp\/v2\/comments?post=208776"}],"version-history":[{"count":0,"href":"https:\/\/www.europesays.com\/fr\/wp-json\/wp\/v2\/posts\/208776\/revisions"}],"wp:featuredmedia":[{"embeddable":true,"href":"https:\/\/www.europesays.com\/fr\/wp-json\/wp\/v2\/media\/208777"}],"wp:attachment":[{"href":"https:\/\/www.europesays.com\/fr\/wp-json\/wp\/v2\/media?parent=208776"}],"wp:term":[{"taxonomy":"category","embeddable":true,"href":"https:\/\/www.europesays.com\/fr\/wp-json\/wp\/v2\/categories?post=208776"},{"taxonomy":"post_tag","embeddable":true,"href":"https:\/\/www.europesays.com\/fr\/wp-json\/wp\/v2\/tags?post=208776"}],"curies":[{"name":"wp","href":"https:\/\/api.w.org\/{rel}","templated":true}]}}